{"id":32384,"date":"2023-06-23T19:47:34","date_gmt":"2023-06-23T22:47:34","guid":{"rendered":"https:\/\/radiorevelacionfm.cl\/?p=32384"},"modified":"2023-06-23T19:47:34","modified_gmt":"2023-06-23T22:47:34","slug":"gobierno-entrego-inmueble-fiscal-para-casa-de-las-diversidades-y-disidencias","status":"publish","type":"post","link":"https:\/\/radiorevelacionfm.cl\/?p=32384","title":{"rendered":"Gobierno entreg\u00f3 inmueble fiscal para Casa de las Diversidades y Disidencias"},"content":{"rendered":"<div class=\"flex_column av_one_full  flex_column_div av-zero-column-padding first  avia-builder-el-0  el_before_av_one_full  avia-builder-el-first  \" style='border-radius:0px; '><div  class='avia-image-container  av-styling-    avia-builder-el-1  avia-builder-el-no-sibling  avia-align-center '  itemprop=\"image\" itemscope=\"itemscope\" itemtype=\"https:\/\/schema.org\/ImageObject\"  ><div class='avia-image-container-inner'><div class='avia-image-overlay-wrap'><img decoding=\"async\" class='wp-image-32385 avia-img-lazy-loading-not-32385 avia_image' src=\"https:\/\/radiorevelacionfm.cl\/wp-content\/uploads\/2023\/06\/img_7969-1-1_optimized.jpg\" alt='' title='img_7969-(1)-(1)_optimized' height=\"600\" width=\"900\"  itemprop=\"thumbnailUrl\" srcset=\"https:\/\/radiorevelacionfm.cl\/wp-content\/uploads\/2023\/06\/img_7969-1-1_optimized.jpg 900w, https:\/\/radiorevelacionfm.cl\/wp-content\/uploads\/2023\/06\/img_7969-1-1_optimized-300x200.jpg 300w, https:\/\/radiorevelacionfm.cl\/wp-content\/uploads\/2023\/06\/img_7969-1-1_optimized-768x512.jpg 768w, https:\/\/radiorevelacionfm.cl\/wp-content\/uploads\/2023\/06\/img_7969-1-1_optimized-705x470.jpg 705w, https:\/\/radiorevelacionfm.cl\/wp-content\/uploads\/2023\/06\/img_7969-1-1_optimized-450x300.jpg 450w, https:\/\/radiorevelacionfm.cl\/wp-content\/uploads\/2023\/06\/img_7969-1-1_optimized-600x400.jpg 600w\" sizes=\"(max-width: 900px) 100vw, 900px\" \/><\/div><\/div><\/div><\/div><div class=\"flex_column av_one_full  flex_column_div av-zero-column-padding first  avia-builder-el-2  el_after_av_one_full  el_before_av_one_full  column-top-margin\" style='border-radius:0px; '><section class=\"av_textblock_section \"  itemscope=\"itemscope\" itemtype=\"https:\/\/schema.org\/BlogPosting\" itemprop=\"blogPost\" ><div class='avia_textblock  '   itemprop=\"text\" ><p style=\"font-weight: 400; text-align: center;\"><span style=\"font-size: 18pt;\"><strong>Gobierno entreg\u00f3 inmueble fiscal <\/strong><strong>para Casa de las Diversidades y Disidencias<\/strong><\/span><\/p>\n<div id=\"gtx-trans\" style=\"position: absolute; left: -50px; top: 4.31534px;\">\n<div class=\"gtx-trans-icon\"><\/div>\n<\/div>\n<\/div><\/section><\/div><div class=\"flex_column av_one_full  flex_column_div av-zero-column-padding first  avia-builder-el-4  el_after_av_one_full  el_before_av_hr  column-top-margin\" style='border-radius:0px; '><section class=\"av_textblock_section \"  itemscope=\"itemscope\" itemtype=\"https:\/\/schema.org\/BlogPosting\" itemprop=\"blogPost\" ><div class='avia_textblock  '   itemprop=\"text\" ><p style=\"text-align: justify;\">El Gobierno materializ\u00f3 este viernes la entrega de una vivienda fiscal para su uso como Casa de las Diversidades y Disidencias, en calle Independencia esquina Freire en Coyhaique, Regi\u00f3n de Ays\u00e9n.<\/p>\n<p style=\"text-align: justify;\">La propiedad fue usada durante d\u00e9cadas como vivienda fiscal, siendo entregada por un per\u00edodo de cinco a\u00f1os a ONG Diversa Patagonia, Corporaci\u00f3n TranFormando y Colectivo Cantaries, tras un proceso coordinado por la Delegaci\u00f3n Presidencial Regional de Ays\u00e9n y las seremis de la Mujer y Equidad de G\u00e9nero y de Bienes Nacionales.<\/p>\n<p style=\"text-align: justify;\">En representaci\u00f3n del Delegado Presidencial Regional, Hans Zimmermann, indic\u00f3 que \u201ceste es un espacio que pretende servir para la gesti\u00f3n de estas organizaciones y a quienes se sientan representados, abierto a la comunidad. Esto se enmarca en nuestros compromisos como Gobierno. Nuestro Presidente Gabriel Boric as\u00ed lo ha reafirmado, nuestro Gobierno tiene un compromiso con la erradicaci\u00f3n de la violencia contra las diversidades sexogen\u00e9ricas y tambi\u00e9n erradicaci\u00f3n de la violencia contra la mujer. Sin duda, que este hito viene a contribuir de alguna manera a abrir espacios de democracia en nuestro pa\u00eds\u201d.<\/p>\n<p style=\"text-align: justify;\">Israel Cort\u00e9s, de la ONG Diversa Patagonia, consider\u00f3 que este \u201ces un hecho hist\u00f3rico. Estamos muy felices de poder decir que habitamos el territorio de la Regi\u00f3n de Ays\u00e9n; por fin tenemos un lugar donde podemos estar segures, no sentir discriminaci\u00f3n dentro de ese espacio, tener un lugar de contenci\u00f3n y apoyo hacia todas las diversidades, que conformamos hoy en d\u00eda tres organizaciones, y esperamos que otras se vayan sumando. Tenemos noticias de una organizaci\u00f3n prontamente en Cochrane, ojal\u00e1 haya en todas las comunas y hoy podemos decir que aqu\u00ed estamos\u201d.<\/p>\n<p style=\"text-align: justify;\">Por su parte, Mily Alegr\u00eda del Colectivo Cantaries, afirm\u00f3 que \u201ces un espacio en el que vamos a poder desarrollar nuestros oficios, nuestras artes y, sobre todo, acoger, recibir y, por sobre todo, visibilizar nuestra existencia. Las personas trans, no binarias, estamos, existimos y resistimos desde ac\u00e1\u201d.<\/p>\n<p style=\"text-align: justify;\">Finalmente, Paulina Monsalve, presidenta de la Corporaci\u00f3n Transformando, explic\u00f3 que \u201cnosotros, como padres, madres, tutores, de ni\u00f1os, ni\u00f1as, ni\u00f1es, adolescentes trans, queremos acoger a todas las familias, porque en un principio es dif\u00edcil saber que tu hijo o hija es diferente, entre comillas. Esta casa le da un lugar de acogida para estas familias, para hacer m\u00e1s llevadera la vida de estas ni\u00f1as, ni\u00f1os, adolescentes trans\u201d.<\/p>\n<p style=\"text-align: justify;\">La seremi de la Mujer y Equidad de G\u00e9nero, Andrea M\u00e9ndez, a\u00f1adi\u00f3 que \u201cesta gesti\u00f3n es el resultado del compromiso de nuestro gobierno, con atender las necesidades y problem\u00e1ticas de sectores hist\u00f3ricamente desprotegidos. Tambi\u00e9n es el resultado del trabajo serio que hemos realizado en la Mesa de las Diversidades a nivel regional, estableciendo un c\u00edrculo virtuoso con las organizaciones, de manera que podamos canalizar demandas hist\u00f3ricas como era la existencia de un inmueble en donde puedan fortalecer el trabajo que realizan e \u00a0irradiarlo a la comunidad\u201d.<\/p>\n<p style=\"text-align: justify;\">En tanto, la seremi de Bienes Nacionales, Irina Morend, destac\u00f3 la disposici\u00f3n comunitaria de este inmueble fiscal.<\/p>\n<p style=\"text-align: justify;\">\u201cEste es un tradicional inmueble fiscal que estaba destinado a uso de vivienda funcionaria y se ha redestinado a un uso social, de organizaciones, en este caso, de organizaciones de la diversidad que, adem\u00e1s, han planteado la necesidad de sentir que el Estado y nuestro Gobierno los acompa\u00f1e y proteja\u201d.<\/p>\n<p style=\"text-align: justify;\">La asignaci\u00f3n de este inmueble fiscal para uso comunitario tiene por objetivo facilitar un espacio para la realizaci\u00f3n de talleres educativos, ayudas sociales y operativos de salud, entre otros.<\/p>\n<\/div><\/section><\/div><div  style='height:50px' class='hr hr-invisible   avia-builder-el-6  el_after_av_one_full  el_before_av_social_share '><span class='hr-inner ' ><span class='hr-inner-style'><\/span><\/span><\/div><\/p>\n<div  class='av-social-sharing-box  avia-builder-el-7  el_after_av_hr  el_before_av_hr  '><div class='av-share-box'><h5 class='av-share-link-description av-no-toc '>Compartir esta noticia<\/h5><ul class='av-share-box-list noLightbox'><li class='av-share-link av-social-link-facebook' ><a target=\"_blank\" aria-label=\"Compartir en Facebook\" href='https:\/\/www.facebook.com\/sharer.php?u=https:\/\/radiorevelacionfm.cl\/?p=32384&#038;t=Gobierno%20entreg%C3%B3%20inmueble%20fiscal%20para%20Casa%20de%20las%20Diversidades%20y%20Disidencias' aria-hidden='false' data-av_icon='\ue8f3' data-av_iconfont='entypo-fontello' title='' data-avia-related-tooltip='Compartir en Facebook' rel=\"noopener\"><span class='avia_hidden_link_text'>Compartir en Facebook<\/span><\/a><\/li><li class='av-share-link av-social-link-twitter' ><a target=\"_blank\" aria-label=\"Compartir en Twitter\" href='https:\/\/twitter.com\/share?text=Gobierno%20entreg%C3%B3%20inmueble%20fiscal%20para%20Casa%20de%20las%20Diversidades%20y%20Disidencias&#038;url=https:\/\/radiorevelacionfm.cl\/?p=32384' aria-hidden='false' data-av_icon='\ue8f1' data-av_iconfont='entypo-fontello' title='' data-avia-related-tooltip='Compartir en Twitter' rel=\"noopener\"><span class='avia_hidden_link_text'>Compartir en Twitter<\/span><\/a><\/li><li class='av-share-link av-social-link-whatsapp' ><a target=\"_blank\" aria-label=\"Compartir en Whatsapp\" href='https:\/\/api.whatsapp.com\/send?text=https:\/\/radiorevelacionfm.cl\/?p=32384' aria-hidden='false' data-av_icon='\uf232' data-av_iconfont='entypo-fontello' title='' data-avia-related-tooltip='Compartir en Whatsapp' rel=\"noopener\"><span class='avia_hidden_link_text'>Compartir en Whatsapp<\/span><\/a><\/li><li class='av-share-link av-social-link-linkedin' ><a target=\"_blank\" aria-label=\"Compartir en LinkedIn\" href='https:\/\/linkedin.com\/shareArticle?mini=true&#038;title=Gobierno%20entreg%C3%B3%20inmueble%20fiscal%20para%20Casa%20de%20las%20Diversidades%20y%20Disidencias&#038;url=https:\/\/radiorevelacionfm.cl\/?p=32384' aria-hidden='false' data-av_icon='\ue8fc' data-av_iconfont='entypo-fontello' title='' data-avia-related-tooltip='Compartir en LinkedIn' rel=\"noopener\"><span class='avia_hidden_link_text'>Compartir en LinkedIn<\/span><\/a><\/li><li class='av-share-link av-social-link-mail' ><a  aria-label=\"Compartir por correo\" href='mailto:?subject=Gobierno%20entreg%C3%B3%20inmueble%20fiscal%20para%20Casa%20de%20las%20Diversidades%20y%20Disidencias&#038;body=https:\/\/radiorevelacionfm.cl\/?p=32384' aria-hidden='false' data-av_icon='\ue805' data-av_iconfont='entypo-fontello' title='' data-avia-related-tooltip='Compartir por correo'><span class='avia_hidden_link_text'>Compartir por correo<\/span><\/a><\/li><\/ul><\/div><\/div>\n<div  style='height:50px' class='hr hr-invisible   avia-builder-el-8  el_after_av_social_share  el_before_av_comments_list '><span class='hr-inner ' ><span class='hr-inner-style'><\/span><\/span><\/div>\n<div  class='av-buildercomment  av-blog-meta-html-info-disabled av-blog-meta-tag-disabled  '><\/div>\n","protected":false},"excerpt":{"rendered":"","protected":false},"author":1,"featured_media":32385,"comment_status":"open","ping_status":"open","sticky":false,"template":"","format":"standard","meta":{"footnotes":""},"categories":[38],"tags":[],"class_list":["post-32384","post","type-post","status-publish","format-standard","has-post-thumbnail","hentry","category-regional"],"jetpack_featured_media_url":"https:\/\/radiorevelacionfm.cl\/wp-content\/uploads\/2023\/06\/img_7969-1-1_optimized.jpg","_links":{"self":[{"href":"https:\/\/radiorevelacionfm.cl\/index.php?rest_route=\/wp\/v2\/posts\/32384","targetHints":{"allow":["GET"]}}],"collection":[{"href":"https:\/\/radiorevelacionfm.cl\/index.php?rest_route=\/wp\/v2\/posts"}],"about":[{"href":"https:\/\/radiorevelacionfm.cl\/index.php?rest_route=\/wp\/v2\/types\/post"}],"author":[{"embeddable":true,"href":"https:\/\/radiorevelacionfm.cl\/index.php?rest_route=\/wp\/v2\/users\/1"}],"replies":[{"embeddable":true,"href":"https:\/\/radiorevelacionfm.cl\/index.php?rest_route=%2Fwp%2Fv2%2Fcomments&post=32384"}],"version-history":[{"count":1,"href":"https:\/\/radiorevelacionfm.cl\/index.php?rest_route=\/wp\/v2\/posts\/32384\/revisions"}],"predecessor-version":[{"id":32386,"href":"https:\/\/radiorevelacionfm.cl\/index.php?rest_route=\/wp\/v2\/posts\/32384\/revisions\/32386"}],"wp:featuredmedia":[{"embeddable":true,"href":"https:\/\/radiorevelacionfm.cl\/index.php?rest_route=\/wp\/v2\/media\/32385"}],"wp:attachment":[{"href":"https:\/\/radiorevelacionfm.cl\/index.php?rest_route=%2Fwp%2Fv2%2Fmedia&parent=32384"}],"wp:term":[{"taxonomy":"category","embeddable":true,"href":"https:\/\/radiorevelacionfm.cl\/index.php?rest_route=%2Fwp%2Fv2%2Fcategories&post=32384"},{"taxonomy":"post_tag","embeddable":true,"href":"https:\/\/radiorevelacionfm.cl\/index.php?rest_route=%2Fwp%2Fv2%2Ftags&post=32384"}],"curies":[{"name":"wp","href":"https:\/\/api.w.org\/{rel}","templated":true}]}}