{"id":32381,"date":"2023-06-23T21:44:38","date_gmt":"2023-06-24T00:44:38","guid":{"rendered":"https:\/\/radiorevelacionfm.cl\/?p=32381"},"modified":"2023-06-23T21:44:38","modified_gmt":"2023-06-24T00:44:38","slug":"escuela-del-campesino-del-municipio-de-aysen-realiza-capacitacion-sobre-bordes-florales","status":"publish","type":"post","link":"https:\/\/radiorevelacionfm.cl\/?p=32381","title":{"rendered":"Escuela del Campesino del municipio de Ays\u00e9n realiza capacitaci\u00f3n sobre \u201cBordes Florales\u201d"},"content":{"rendered":"<div class=\"flex_column av_one_full  flex_column_div av-zero-column-padding first  avia-builder-el-0  el_before_av_one_full  avia-builder-el-first  \" style='border-radius:0px; '><div  class='avia-image-container  av-styling-    avia-builder-el-1  avia-builder-el-no-sibling  avia-align-center '  itemprop=\"image\" itemscope=\"itemscope\" itemtype=\"https:\/\/schema.org\/ImageObject\"  ><div class='avia-image-container-inner'><div class='avia-image-overlay-wrap'><img decoding=\"async\" class='wp-image-32382 avia-img-lazy-loading-not-32382 avia_image' src=\"https:\/\/radiorevelacionfm.cl\/wp-content\/uploads\/2023\/06\/fotografia-15-1_optimized.jpg\" alt='' title='fotograf\u00eda-(15)-(1)_optimized' height=\"600\" width=\"800\"  itemprop=\"thumbnailUrl\" srcset=\"https:\/\/radiorevelacionfm.cl\/wp-content\/uploads\/2023\/06\/fotografia-15-1_optimized.jpg 800w, https:\/\/radiorevelacionfm.cl\/wp-content\/uploads\/2023\/06\/fotografia-15-1_optimized-300x225.jpg 300w, https:\/\/radiorevelacionfm.cl\/wp-content\/uploads\/2023\/06\/fotografia-15-1_optimized-768x576.jpg 768w, https:\/\/radiorevelacionfm.cl\/wp-content\/uploads\/2023\/06\/fotografia-15-1_optimized-705x529.jpg 705w, https:\/\/radiorevelacionfm.cl\/wp-content\/uploads\/2023\/06\/fotografia-15-1_optimized-450x338.jpg 450w, https:\/\/radiorevelacionfm.cl\/wp-content\/uploads\/2023\/06\/fotografia-15-1_optimized-600x450.jpg 600w\" sizes=\"(max-width: 800px) 100vw, 800px\" \/><\/div><\/div><\/div><\/div><div class=\"flex_column av_one_full  flex_column_div av-zero-column-padding first  avia-builder-el-2  el_after_av_one_full  el_before_av_one_full  column-top-margin\" style='border-radius:0px; '><section class=\"av_textblock_section \"  itemscope=\"itemscope\" itemtype=\"https:\/\/schema.org\/BlogPosting\" itemprop=\"blogPost\" ><div class='avia_textblock  '   itemprop=\"text\" ><p style=\"text-align: center;\"><strong><span style=\"font-size: 18pt;\">Escuela del Campesino del municipio de Ays\u00e9n realiza capacitaci\u00f3n sobre \u201cBordes Florales\u201d<\/span><\/strong><\/p>\n<div id=\"gtx-trans\" style=\"position: absolute; left: -50px; top: 4.31534px;\">\n<div class=\"gtx-trans-icon\"><\/div>\n<\/div>\n<\/div><\/section><\/div><div class=\"flex_column av_one_full  flex_column_div av-zero-column-padding first  avia-builder-el-4  el_after_av_one_full  el_before_av_hr  column-top-margin\" style='border-radius:0px; '><section class=\"av_textblock_section \"  itemscope=\"itemscope\" itemtype=\"https:\/\/schema.org\/BlogPosting\" itemprop=\"blogPost\" ><div class='avia_textblock  '   itemprop=\"text\" ><p style=\"text-align: justify;\">La Escuela del Campesino, iniciativa de la Oficina del Campesino de la Ilustre Municipalidad de Ays\u00e9n, realiz\u00f3 capacitaci\u00f3n sobre \u201cBordes Florales\u201d en el marco del ciclo de capacitaciones que se encontrar\u00e1n realizando en el mes de junio.<\/p>\n<p style=\"text-align: justify;\">La capacitaci\u00f3n \u201cBordes Florales\u201d tuvo lugar en la Parcela Patagonia BEES, ubicada en Camino R\u00edo Los Palos. En la instancia moderada por Jorge Huichilaf, encargado de Programas Frutales de INDAP, se abord\u00f3 la relevancia de conservar y fomentar la presencia de especies nativas y end\u00e9micas en los paisajes, especialmente en aquellos que han sido transformados por la intervenci\u00f3n humana. Huichilaf agradeci\u00f3 la oportunidad de participar en esta iniciativa, \u201cen esta actividad, definimos la importancia de los bordes o franjas florales para estimular la participaci\u00f3n de insectos, en particular de especies nativas y end\u00e9micas de la regi\u00f3n, y as\u00ed apoyar la polinizaci\u00f3n en nuestros huertos frutales\u201d, explic\u00f3 Huichilaf.<\/p>\n<p style=\"text-align: justify;\">Nadia Bravo, encargada de la Oficina del Campesino, destac\u00f3 que la Escuela del Campesino, ha llevado a cabo diversas instancias de capacitaci\u00f3n dirigidas a los usuarios de la Oficina, pero que tambi\u00e9n son abiertas a toda la comunidad.<\/p>\n<p style=\"text-align: justify;\">La capacitaci\u00f3n que cont\u00f3 con la participaci\u00f3n de 20 personas, tuvieron la oportunidad de aprender de la teor\u00eda y la experiencia; y en espec\u00edfico, de los Bordes Florales, \u201cestamos muy agradecidos por la colaboraci\u00f3n que hemos recibido de Jorge desde el primer d\u00eda en que comenzamos a trabajar como Oficina. Ha ayudado a capacitar a muchos campesinos de la comuna que necesitaban este tipo de asesor\u00edas\u201d, destac\u00f3 Nadia Bravo. Adem\u00e1s, la encargada de la Oficina del Campesino, agradeci\u00f3 a Roc\u00edo Ortega y a la Parcela Patagonia BEES, por su participaci\u00f3n en la capacitaci\u00f3n.<\/p>\n<p style=\"text-align: justify;\">La Oficina del Campesino, compuesta por las profesionales Nadia Bravo y Danahe Sandoval, contin\u00faan trabajando en la organizaci\u00f3n de estas capacitaciones como parte de la Escuela del Campesino, con el objetivo de brindar apoyo y formaci\u00f3n a los agricultores locales.<\/p>\n<\/div><\/section><\/div><div  style='height:50px' class='hr hr-invisible   avia-builder-el-6  el_after_av_one_full  el_before_av_social_share '><span class='hr-inner ' ><span class='hr-inner-style'><\/span><\/span><\/div><\/p>\n<div  class='av-social-sharing-box  avia-builder-el-7  el_after_av_hr  el_before_av_hr  '><div class='av-share-box'><h5 class='av-share-link-description av-no-toc '>Compartir esta noticia<\/h5><ul class='av-share-box-list noLightbox'><li class='av-share-link av-social-link-facebook' ><a target=\"_blank\" aria-label=\"Compartir en Facebook\" href='https:\/\/www.facebook.com\/sharer.php?u=https:\/\/radiorevelacionfm.cl\/?p=32381&#038;t=Escuela%20del%20Campesino%20del%20municipio%20de%20Ays%C3%A9n%20realiza%20capacitaci%C3%B3n%20sobre%20%E2%80%9CBordes%20Florales%E2%80%9D' aria-hidden='false' data-av_icon='\ue8f3' data-av_iconfont='entypo-fontello' title='' data-avia-related-tooltip='Compartir en Facebook' rel=\"noopener\"><span class='avia_hidden_link_text'>Compartir en Facebook<\/span><\/a><\/li><li class='av-share-link av-social-link-twitter' ><a target=\"_blank\" aria-label=\"Compartir en Twitter\" href='https:\/\/twitter.com\/share?text=Escuela%20del%20Campesino%20del%20municipio%20de%20Ays%C3%A9n%20realiza%20capacitaci%C3%B3n%20sobre%20%E2%80%9CBordes%20Florales%E2%80%9D&#038;url=https:\/\/radiorevelacionfm.cl\/?p=32381' aria-hidden='false' data-av_icon='\ue8f1' data-av_iconfont='entypo-fontello' title='' data-avia-related-tooltip='Compartir en Twitter' rel=\"noopener\"><span class='avia_hidden_link_text'>Compartir en Twitter<\/span><\/a><\/li><li class='av-share-link av-social-link-whatsapp' ><a target=\"_blank\" aria-label=\"Compartir en Whatsapp\" href='https:\/\/api.whatsapp.com\/send?text=https:\/\/radiorevelacionfm.cl\/?p=32381' aria-hidden='false' data-av_icon='\uf232' data-av_iconfont='entypo-fontello' title='' data-avia-related-tooltip='Compartir en Whatsapp' rel=\"noopener\"><span class='avia_hidden_link_text'>Compartir en Whatsapp<\/span><\/a><\/li><li class='av-share-link av-social-link-linkedin' ><a target=\"_blank\" aria-label=\"Compartir en LinkedIn\" href='https:\/\/linkedin.com\/shareArticle?mini=true&#038;title=Escuela%20del%20Campesino%20del%20municipio%20de%20Ays%C3%A9n%20realiza%20capacitaci%C3%B3n%20sobre%20%E2%80%9CBordes%20Florales%E2%80%9D&#038;url=https:\/\/radiorevelacionfm.cl\/?p=32381' aria-hidden='false' data-av_icon='\ue8fc' data-av_iconfont='entypo-fontello' title='' data-avia-related-tooltip='Compartir en LinkedIn' rel=\"noopener\"><span class='avia_hidden_link_text'>Compartir en LinkedIn<\/span><\/a><\/li><li class='av-share-link av-social-link-mail' ><a  aria-label=\"Compartir por correo\" href='mailto:?subject=Escuela%20del%20Campesino%20del%20municipio%20de%20Ays%C3%A9n%20realiza%20capacitaci%C3%B3n%20sobre%20%E2%80%9CBordes%20Florales%E2%80%9D&#038;body=https:\/\/radiorevelacionfm.cl\/?p=32381' aria-hidden='false' data-av_icon='\ue805' data-av_iconfont='entypo-fontello' title='' data-avia-related-tooltip='Compartir por correo'><span class='avia_hidden_link_text'>Compartir por correo<\/span><\/a><\/li><\/ul><\/div><\/div>\n<div  style='height:50px' class='hr hr-invisible   avia-builder-el-8  el_after_av_social_share  el_before_av_comments_list '><span class='hr-inner ' ><span class='hr-inner-style'><\/span><\/span><\/div>\n<div  class='av-buildercomment  av-blog-meta-html-info-disabled av-blog-meta-tag-disabled  '><\/div>\n","protected":false},"excerpt":{"rendered":"","protected":false},"author":1,"featured_media":32382,"comment_status":"open","ping_status":"open","sticky":false,"template":"","format":"standard","meta":{"footnotes":""},"categories":[38],"tags":[],"class_list":["post-32381","post","type-post","status-publish","format-standard","has-post-thumbnail","hentry","category-regional"],"jetpack_featured_media_url":"https:\/\/radiorevelacionfm.cl\/wp-content\/uploads\/2023\/06\/fotografia-15-1_optimized.jpg","_links":{"self":[{"href":"https:\/\/radiorevelacionfm.cl\/index.php?rest_route=\/wp\/v2\/posts\/32381","targetHints":{"allow":["GET"]}}],"collection":[{"href":"https:\/\/radiorevelacionfm.cl\/index.php?rest_route=\/wp\/v2\/posts"}],"about":[{"href":"https:\/\/radiorevelacionfm.cl\/index.php?rest_route=\/wp\/v2\/types\/post"}],"author":[{"embeddable":true,"href":"https:\/\/radiorevelacionfm.cl\/index.php?rest_route=\/wp\/v2\/users\/1"}],"replies":[{"embeddable":true,"href":"https:\/\/radiorevelacionfm.cl\/index.php?rest_route=%2Fwp%2Fv2%2Fcomments&post=32381"}],"version-history":[{"count":1,"href":"https:\/\/radiorevelacionfm.cl\/index.php?rest_route=\/wp\/v2\/posts\/32381\/revisions"}],"predecessor-version":[{"id":32383,"href":"https:\/\/radiorevelacionfm.cl\/index.php?rest_route=\/wp\/v2\/posts\/32381\/revisions\/32383"}],"wp:featuredmedia":[{"embeddable":true,"href":"https:\/\/radiorevelacionfm.cl\/index.php?rest_route=\/wp\/v2\/media\/32382"}],"wp:attachment":[{"href":"https:\/\/radiorevelacionfm.cl\/index.php?rest_route=%2Fwp%2Fv2%2Fmedia&parent=32381"}],"wp:term":[{"taxonomy":"category","embeddable":true,"href":"https:\/\/radiorevelacionfm.cl\/index.php?rest_route=%2Fwp%2Fv2%2Fcategories&post=32381"},{"taxonomy":"post_tag","embeddable":true,"href":"https:\/\/radiorevelacionfm.cl\/index.php?rest_route=%2Fwp%2Fv2%2Ftags&post=32381"}],"curies":[{"name":"wp","href":"https:\/\/api.w.org\/{rel}","templated":true}]}}