{"id":3238,"date":"2021-04-18T17:25:39","date_gmt":"2021-04-18T20:25:39","guid":{"rendered":"https:\/\/radiorevelacionfm.cl\/?p=3238"},"modified":"2021-04-18T17:28:08","modified_gmt":"2021-04-18T20:28:08","slug":"en-comuna-de-guaitecas-pdi-realiza-servicio-especial-de-fiscalizacion","status":"publish","type":"post","link":"https:\/\/radiorevelacionfm.cl\/?p=3238","title":{"rendered":"PDI realiza servicio especial de fiscalizaci\u00f3n en comuna de Guaitecas"},"content":{"rendered":"<div class=\"flex_column av_one_full  flex_column_div av-zero-column-padding first  avia-builder-el-0  el_before_av_one_full  avia-builder-el-first  \" style='border-radius:0px; '><div  class='avia-image-container  av-styling-    avia-builder-el-1  avia-builder-el-no-sibling  avia-align-center '  itemprop=\"image\" itemscope=\"itemscope\" itemtype=\"https:\/\/schema.org\/ImageObject\"  ><div class='avia-image-container-inner'><div class='avia-image-overlay-wrap'><img decoding=\"async\" class='wp-image-0 avia-img-lazy-loading-not-0 avia_image' src=\"https:\/\/radiorevelacionfm.cl\/wp-content\/uploads\/2021\/04\/servicio-especial-melinka-002_optimized.jpeg\" alt='' title=''   itemprop=\"thumbnailUrl\"  \/><\/div><\/div><\/div><\/div>\n<div class=\"flex_column av_one_full  flex_column_div av-zero-column-padding first  avia-builder-el-2  el_after_av_one_full  el_before_av_one_full  column-top-margin\" style='border-radius:0px; '><section class=\"av_textblock_section \"  itemscope=\"itemscope\" itemtype=\"https:\/\/schema.org\/BlogPosting\" itemprop=\"blogPost\" ><div class='avia_textblock  '   itemprop=\"text\" ><p style=\"text-align: center;\"><span style=\"font-size: 18pt;\"><strong>PDI realiza servicio especial de fiscalizaci\u00f3n en comuna de Guaitecas <\/strong><\/span><\/p>\n<div id=\"gtx-trans\" style=\"position: absolute; left: -50px; top: 4.31534px;\">\n<div class=\"gtx-trans-icon\"><\/div>\n<\/div>\n<\/div><\/section><\/div><div class=\"flex_column av_one_full  flex_column_div av-zero-column-padding first  avia-builder-el-4  el_after_av_one_full  el_before_av_hr  column-top-margin\" style='border-radius:0px; '><section class=\"av_textblock_section \"  itemscope=\"itemscope\" itemtype=\"https:\/\/schema.org\/BlogPosting\" itemprop=\"blogPost\" ><div class='avia_textblock  '   itemprop=\"text\" ><p style=\"text-align: justify;\">Tras iniciada la crisis sanitaria en Guaitecas con una creciente cantidad de contagios en la zona, y en coordinaci\u00f3n con la Defensa Nacional para la Regi\u00f3n de Ays\u00e9n del Ej\u00e9rcito de Chile y la autoridad sanitaria, la Polic\u00eda de Investigaciones de Ays\u00e9n ha realizado diversos servicios especiales de fiscalizaci\u00f3n en la Isla de Melinka, comuna de Guaitecas, para verificar el cumplimiento de las medidas sanitarias y realizar el control de toque de queda.<\/p>\n<p style=\"text-align: justify;\">En cuatro oportunidades, un equipo multidisciplinario de detectives se ha desplegado en la zona insular del norte de la regi\u00f3n para realizar reuniones de coordinaci\u00f3n con la autoridades locales y regionales que visitaron la localidad, estableciendo diversas acciones de control en conjunto para resguardar la salud p\u00fablica de los habitantes de Guaitecas, realizando fiscalizaciones sanitarias con la Seremi de Salud, Alcalde de Guaitecas, Ej\u00e9rcito, Carabineros, Polic\u00eda Mar\u00edtima de la Armada de Chile y Aduanas.<\/p>\n<p style=\"text-align: justify;\">As\u00ed, desde el 26 de marzo detectives de la Regi\u00f3n Policial de Ays\u00e9n se encuentran realizando diversas acciones de fiscalizaci\u00f3n en la localidad, incrementando los servicios una vez anunciada la Fase 1 para la comuna de Guaitecas, con detectives de la Prefectura Provincial Ays\u00e9n que se trasladaron hasta la comuna para fiscalizar las medidas sanitarias durante la cuarentena y controlar el cumplimiento del toque de queda.<\/p>\n<p style=\"text-align: justify;\">Desde el inicio de los servicios especiales en Melinka, la PDI ha controlado a personas residentes y a quienes llegan por diversos motivos a la isla, verificando el uso de permisos de desplazamiento, uso de mascarillas y distanciamiento social. Pero no solo en Guaitecas, sino que tambi\u00e9n los detectives de la Regi\u00f3n Policial de Ays\u00e9n se han desplegado en Chile Chico y La Junta, localidades que retrocedieron a Fase 2 del Plan Paso a Paso, para realizar fiscalizaciones de las medidas sanitarias.<\/p>\n<p style=\"text-align: justify;\">Sobre este trabajo especial, el jefe de la PDI Ays\u00e9n, prefecto Jorge Vald\u00e9s, se\u00f1al\u00f3 que \u201cestamos apostados lo que m\u00e1s podamos dentro de la regi\u00f3n, si bien nuestra materia esencial es la investigaci\u00f3n de los delitos, entendemos que estamos en una situaci\u00f3n complicada como pa\u00eds, tenemos que desdoblar nuestras funciones policiales y apoyar a la comunidad, y es por ello que nos encontramos apoyando en la comuna de Guaitecas\u201d.<\/p>\n<p style=\"text-align: justify;\">Del mismo modo, el prefecto Vald\u00e9s manifest\u00f3 que \u201centendemos la dificultad de la distancia geogr\u00e1fica, pero estamos all\u00e1, estamos apoyando a trav\u00e9s de distintos tipos de controles migratorios y policiales, educando a la gente con la finalidad que utilicen sus mascarillas, respeten el distanciamiento y el toque de queda\u201d, agregando que \u201cpara eso est\u00e1n nuestros detectives trabajando all\u00e1, estamos apoyando en forma coordinada la labor que est\u00e1n haciendo todos los servicios\u201d.<\/p>\n<p style=\"text-align: justify;\">\u201cVamos a tener que seguir apoyando como lo estamos haciendo en Chile Chico, La Junta, como lo hemos hecho en distintas localidades de la regi\u00f3n, tenemos que seguir trabajando en esto y tengan la seguridad que vamos a estar donde nuestros conciudadanos lo necesiten\u201d, finaliz\u00f3 el jefe de la Regi\u00f3n Policial de Ays\u00e9n, prefecto Jorge Vald\u00e9s.<\/p>\n<\/div><\/section><\/div><\/p>\n<div  style='height:50px' class='hr hr-invisible   avia-builder-el-6  el_after_av_one_full  el_before_av_social_share '><span class='hr-inner ' ><span class='hr-inner-style'><\/span><\/span><\/div>\n<div  class='av-social-sharing-box  avia-builder-el-7  el_after_av_hr  el_before_av_hr  '><div class='av-share-box'><h5 class='av-share-link-description av-no-toc '>Compartir esta noticia<\/h5><ul class='av-share-box-list noLightbox'><li class='av-share-link av-social-link-facebook' ><a target=\"_blank\" aria-label=\"Compartir en Facebook\" href='https:\/\/www.facebook.com\/sharer.php?u=https:\/\/radiorevelacionfm.cl\/?p=3238&#038;t=PDI%20realiza%20servicio%20especial%20de%20fiscalizaci%C3%B3n%20en%20comuna%20de%20Guaitecas' aria-hidden='false' data-av_icon='\ue8f3' data-av_iconfont='entypo-fontello' title='' data-avia-related-tooltip='Compartir en Facebook' rel=\"noopener\"><span class='avia_hidden_link_text'>Compartir en Facebook<\/span><\/a><\/li><li class='av-share-link av-social-link-twitter' ><a target=\"_blank\" aria-label=\"Compartir en Twitter\" href='https:\/\/twitter.com\/share?text=PDI%20realiza%20servicio%20especial%20de%20fiscalizaci%C3%B3n%20en%20comuna%20de%20Guaitecas&#038;url=https:\/\/radiorevelacionfm.cl\/?p=3238' aria-hidden='false' data-av_icon='\ue8f1' data-av_iconfont='entypo-fontello' title='' data-avia-related-tooltip='Compartir en Twitter' rel=\"noopener\"><span class='avia_hidden_link_text'>Compartir en Twitter<\/span><\/a><\/li><li class='av-share-link av-social-link-whatsapp' ><a target=\"_blank\" aria-label=\"Compartir en Whatsapp\" href='https:\/\/api.whatsapp.com\/send?text=https:\/\/radiorevelacionfm.cl\/?p=3238' aria-hidden='false' data-av_icon='\uf232' data-av_iconfont='entypo-fontello' title='' data-avia-related-tooltip='Compartir en Whatsapp' rel=\"noopener\"><span class='avia_hidden_link_text'>Compartir en Whatsapp<\/span><\/a><\/li><li class='av-share-link av-social-link-linkedin' ><a target=\"_blank\" aria-label=\"Compartir en LinkedIn\" href='https:\/\/linkedin.com\/shareArticle?mini=true&#038;title=PDI%20realiza%20servicio%20especial%20de%20fiscalizaci%C3%B3n%20en%20comuna%20de%20Guaitecas&#038;url=https:\/\/radiorevelacionfm.cl\/?p=3238' aria-hidden='false' data-av_icon='\ue8fc' data-av_iconfont='entypo-fontello' title='' data-avia-related-tooltip='Compartir en LinkedIn' rel=\"noopener\"><span class='avia_hidden_link_text'>Compartir en LinkedIn<\/span><\/a><\/li><li class='av-share-link av-social-link-mail' ><a  aria-label=\"Compartir por correo\" href='mailto:?subject=PDI%20realiza%20servicio%20especial%20de%20fiscalizaci%C3%B3n%20en%20comuna%20de%20Guaitecas&#038;body=https:\/\/radiorevelacionfm.cl\/?p=3238' aria-hidden='false' data-av_icon='\ue805' data-av_iconfont='entypo-fontello' title='' data-avia-related-tooltip='Compartir por correo'><span class='avia_hidden_link_text'>Compartir por correo<\/span><\/a><\/li><\/ul><\/div><\/div>\n<div  style='height:50px' class='hr hr-invisible   avia-builder-el-8  el_after_av_social_share  el_before_av_comments_list '><span class='hr-inner ' ><span class='hr-inner-style'><\/span><\/span><\/div>\n<div  class='av-buildercomment  av-blog-meta-html-info-disabled av-blog-meta-tag-disabled  '><\/div>\n","protected":false},"excerpt":{"rendered":"","protected":false},"author":1,"featured_media":0,"comment_status":"open","ping_status":"open","sticky":false,"template":"","format":"standard","meta":{"footnotes":""},"categories":[38],"tags":[],"class_list":["post-3238","post","type-post","status-publish","format-standard","hentry","category-regional"],"jetpack_featured_media_url":"","_links":{"self":[{"href":"https:\/\/radiorevelacionfm.cl\/index.php?rest_route=\/wp\/v2\/posts\/3238","targetHints":{"allow":["GET"]}}],"collection":[{"href":"https:\/\/radiorevelacionfm.cl\/index.php?rest_route=\/wp\/v2\/posts"}],"about":[{"href":"https:\/\/radiorevelacionfm.cl\/index.php?rest_route=\/wp\/v2\/types\/post"}],"author":[{"embeddable":true,"href":"https:\/\/radiorevelacionfm.cl\/index.php?rest_route=\/wp\/v2\/users\/1"}],"replies":[{"embeddable":true,"href":"https:\/\/radiorevelacionfm.cl\/index.php?rest_route=%2Fwp%2Fv2%2Fcomments&post=3238"}],"version-history":[{"count":3,"href":"https:\/\/radiorevelacionfm.cl\/index.php?rest_route=\/wp\/v2\/posts\/3238\/revisions"}],"predecessor-version":[{"id":3242,"href":"https:\/\/radiorevelacionfm.cl\/index.php?rest_route=\/wp\/v2\/posts\/3238\/revisions\/3242"}],"wp:attachment":[{"href":"https:\/\/radiorevelacionfm.cl\/index.php?rest_route=%2Fwp%2Fv2%2Fmedia&parent=3238"}],"wp:term":[{"taxonomy":"category","embeddable":true,"href":"https:\/\/radiorevelacionfm.cl\/index.php?rest_route=%2Fwp%2Fv2%2Fcategories&post=3238"},{"taxonomy":"post_tag","embeddable":true,"href":"https:\/\/radiorevelacionfm.cl\/index.php?rest_route=%2Fwp%2Fv2%2Ftags&post=3238"}],"curies":[{"name":"wp","href":"https:\/\/api.w.org\/{rel}","templated":true}]}}