{"id":32363,"date":"2023-06-23T11:00:16","date_gmt":"2023-06-23T14:00:16","guid":{"rendered":"https:\/\/radiorevelacionfm.cl\/?p=32363"},"modified":"2023-06-23T11:00:16","modified_gmt":"2023-06-23T14:00:16","slug":"mop-celebra-sus-136-anos-entregando-reconocimiento-a-sus-trabajadoras-y-funcionarios","status":"publish","type":"post","link":"https:\/\/radiorevelacionfm.cl\/?p=32363","title":{"rendered":"MOP celebra sus 136 a\u00f1os entregando reconocimiento a sus trabajadoras y funcionarios"},"content":{"rendered":"<div class=\"flex_column av_one_full  flex_column_div av-zero-column-padding first  avia-builder-el-0  el_before_av_one_full  avia-builder-el-first  \" style='border-radius:0px; '><div  class='avia-image-container  av-styling-    avia-builder-el-1  avia-builder-el-no-sibling  avia-align-center '  itemprop=\"image\" itemscope=\"itemscope\" itemtype=\"https:\/\/schema.org\/ImageObject\"  ><div class='avia-image-container-inner'><div class='avia-image-overlay-wrap'><img decoding=\"async\" class='wp-image-32364 avia-img-lazy-loading-not-32364 avia_image' src=\"https:\/\/radiorevelacionfm.cl\/wp-content\/uploads\/2023\/06\/dos-a-1_optimized.jpg\" alt='' title='dos-a-(1)_optimized' height=\"600\" width=\"1139\"  itemprop=\"thumbnailUrl\" srcset=\"https:\/\/radiorevelacionfm.cl\/wp-content\/uploads\/2023\/06\/dos-a-1_optimized.jpg 1139w, https:\/\/radiorevelacionfm.cl\/wp-content\/uploads\/2023\/06\/dos-a-1_optimized-300x158.jpg 300w, https:\/\/radiorevelacionfm.cl\/wp-content\/uploads\/2023\/06\/dos-a-1_optimized-1030x543.jpg 1030w, https:\/\/radiorevelacionfm.cl\/wp-content\/uploads\/2023\/06\/dos-a-1_optimized-768x405.jpg 768w, https:\/\/radiorevelacionfm.cl\/wp-content\/uploads\/2023\/06\/dos-a-1_optimized-710x375.jpg 710w, https:\/\/radiorevelacionfm.cl\/wp-content\/uploads\/2023\/06\/dos-a-1_optimized-705x371.jpg 705w, https:\/\/radiorevelacionfm.cl\/wp-content\/uploads\/2023\/06\/dos-a-1_optimized-450x237.jpg 450w, https:\/\/radiorevelacionfm.cl\/wp-content\/uploads\/2023\/06\/dos-a-1_optimized-600x316.jpg 600w\" sizes=\"(max-width: 1139px) 100vw, 1139px\" \/><\/div><\/div><\/div><\/div><div class=\"flex_column av_one_full  flex_column_div av-zero-column-padding first  avia-builder-el-2  el_after_av_one_full  el_before_av_one_full  column-top-margin\" style='border-radius:0px; '><section class=\"av_textblock_section \"  itemscope=\"itemscope\" itemtype=\"https:\/\/schema.org\/BlogPosting\" itemprop=\"blogPost\" ><div class='avia_textblock  '   itemprop=\"text\" ><p style=\"text-align: center;\"><strong><span style=\"font-size: 18pt;\">MOP celebra sus 136 a\u00f1os entregando reconocimiento a sus trabajadoras y funcionarios<\/span><\/strong><\/p>\n<div id=\"gtx-trans\" style=\"position: absolute; left: -50px; top: 4.31534px;\">\n<div class=\"gtx-trans-icon\"><\/div>\n<\/div>\n<\/div><\/section><\/div><div class=\"flex_column av_one_full  flex_column_div av-zero-column-padding first  avia-builder-el-4  el_after_av_one_full  el_before_av_hr  column-top-margin\" style='border-radius:0px; '><section class=\"av_textblock_section \"  itemscope=\"itemscope\" itemtype=\"https:\/\/schema.org\/BlogPosting\" itemprop=\"blogPost\" ><div class='avia_textblock  '   itemprop=\"text\" ><p style=\"text-align: justify;\">Este 21 de junio el Ministerio de Obras P\u00fablicas celebr\u00f3 sus 136 a\u00f1os de servicio al pa\u00eds y a la regi\u00f3n de Ays\u00e9n, destacando la trayectoria de los y las trabajadoras que cumplieron 30 a\u00f1os de servicio en la Instituci\u00f3n, junto con relevar y proyectar los planes e infraestructura venidera.<\/p>\n<p style=\"text-align: justify;\">En la ceremonia oficial de la celebraci\u00f3n de esta especial fecha para los y las trabajadores de Obras P\u00fablicas, el Secretario Regional Ministerial de Obras P\u00fablicas, Patricio Sanhueza Ulloa, relev\u00f3 la importancia de los equipos y su trabajo, el que hace posible que muchas personas, y familias puedan contar con infraestructura para facilitar y contribuir positivamente a sus vidas.<\/p>\n<p style=\"text-align: justify;\">\u201cEstamos muy contentos. Queremos felicitar a las 377 personas que conformamos el MOP en Ays\u00e9n. Sabemos la importancia que tiene nuestro Ministerio, la importancia de nuestro accionar y de toda nuestra gesti\u00f3n, as\u00ed que este es un momento para reflexionar respecto de lo que estamos haciendo, y de felicitar a todos nuestros trabajadores, especialmente este a\u00f1o a siete funcionarios que cumplen 30 a\u00f1os de servicio, que son V\u00edctor Mansilla, Nancy Chiguay, Arturo Godoy, Luis Parada, Ver\u00f3nica Molina, Rosa Gonz\u00e1lez y Autolia Mu\u00f1oz, felicitarlos y agradecer su compromiso y su trabajo. Destacamos la funci\u00f3n p\u00fablica que cumplen, en donde hay toda una \u00e9pica de trabajo de nuestra gente. Son todos \u00a0y todas importantes, porque atr\u00e1s de ellos hay equipos administrativos que son el soporte t\u00e9cnico, jur\u00eddico y administrativo para que todo funcione y para que podamos hacer peque\u00f1as y grandes obras, as\u00ed que a seguir entusiasmando a nuestro equipo de 377 personas que conformamos el MOP, porque estamos desarrollando importantes planes como son el Plan Excepcional de Conservaci\u00f3n de Caminos, el Plan de Mejoramiento para la Integraci\u00f3n y Conectividad de la regi\u00f3n de Ays\u00e9n y la Provincia de Palena, queremos aumentar la cobertura de Servicios Sanitarios Rurales este a\u00f1o, estamos realizando un fuerte impulso en edificaci\u00f3n p\u00fablica tanto en edificios educacionales como consistoriales, estamos interviniendo en \u00e1reas silvestres protegidas. Son muchos los retos que tenemos y estamos muy contentos y entusiasmados con aquello\u201d, asegur\u00f3 el SEREMI del MOP.<\/p>\n<p style=\"text-align: justify;\">En la ceremonia, el Ministerio de Obras P\u00fablicas a trav\u00e9s de la Direcci\u00f3n Regional de Obras Hidr\u00e1ulicas efectu\u00f3 un homenaje al trabajador V\u00edctor Figueroa Leg\u00fce, quien es un funcionario muy comprometido con su trabajo en beneficio de la comunidad regional, as\u00ed como tambi\u00e9n en t\u00e9rminos personales aporta con su buen trato y permanente apoyo tanto a sus colegas como a cada Servicio Sanitario Rural (SSR) que lo requiera, teniendo un gran compromiso en pro de mantener ciento por ciento la operatividad de los SSR de la regi\u00f3n, lo que ha transformado a la Direcci\u00f3n Regional de Obras Hidr\u00e1ulicas en una de las regiones l\u00edderes en cobertura, a pesar de las dificultades geogr\u00e1ficas y clim\u00e1ticas de la regi\u00f3n, as\u00ed como tambi\u00e9n V\u00edctor Figueroa ha representado al Ministerio de Obras P\u00fablicas en la regi\u00f3n del B\u00edo-B\u00edo apoyando la restituci\u00f3n de los sistemas de agua potable afectados por incendios forestales durante el verano del a\u00f1o 2023.<\/p>\n<p style=\"text-align: justify;\">Posteriormente, se hizo entrega de becas de ense\u00f1anza b\u00e1sica, media, t\u00e9cnica, universitaria y educaci\u00f3n online e incluyente a 24 hijos e hijas de los y las funcionarias, as\u00ed como tambi\u00e9n a los y las funcionarias que junto con trabajar, tambi\u00e9n han optado por estudiar en forma paralela. En\u00a0 la ceremonia, H\u00e9ctor M\u00e9ndez Alvarado, violonchelista coyhaiquino e \u00cdtalo Opazo Ortiz, violista profesional, ambos con una vasta trayectoria en m\u00fasica de c\u00e1mara, brindaron a los asistentes una impecable presentaci\u00f3n llena de bellas melod\u00edas, las que dieron el marco necesario a este solemne acto, en donde fueron destacados funcionarios y trabajadoras con 30 a\u00f1os de servicio.<\/p>\n<p style=\"text-align: justify;\">Al respecto, Nancy Chiguay funcionaria de la Direcci\u00f3n Regional de Planeamiento, se\u00f1al\u00f3 \u201centr\u00e9 al Ministerio a los 21 a\u00f1os, as\u00ed que al Ministerio le debo mucho y \u00a0ha sido todo lo que soy hasta ahora, as\u00ed que estoy muy contenta con este homenaje. Agradecer cuando postul\u00e9, cuando qued\u00e9, todo el tiempo que he estado me he sentido muy querida y me ha permitido conocer toda la regi\u00f3n, porque fui la encargada de ir a pagar los sueldos a los funcionarios, cuando los sueldos todav\u00eda se pagaban en un sobre con platita en efectivo. As\u00ed conoc\u00ed desde Villa O\u00b4Higgins hasta La Junta y Chait\u00e9n, porque en otros trabajos creo no haberlo hecho y yo solita tampoco podr\u00eda haber tenido la posibilidad de conocer tanto, as\u00ed que eso es lo que m\u00e1s rescato haber podido por mi trabajo conocer la regi\u00f3n completa, y el cari\u00f1o que me tiene la gente tambi\u00e9n\u201d.<\/p>\n<p style=\"text-align: justify;\">Por su parte, Rosa Gonz\u00e1lez Barr\u00eda, funcionaria de la Oficina Provincial de Vialidad en Ays\u00e9n destac\u00f3 \u201cha sido mi \u00fanico trabajo. Ha sido muy satisfactorio para m\u00ed. El MOP es como nuestra familia, en donde se pasa la mayor\u00eda de las horas, en el trabajo. Dar las gracias a todas mis jefaturas en la Direcci\u00f3n de Vialidad y a todas las personas con las que he trabajado, algunas ya jubiladas, porque gracias a ellos yo aprend\u00ed mucho cuando ingres\u00e9 al servicio\u201d.<\/p>\n<p style=\"text-align: justify;\">Arturo Godoy, trabajador de la Direcci\u00f3n Regional de Obras Portuarias (DOP), indic\u00f3: \u201cEstoy muy feliz de contribuir a nuestro pa\u00eds en temas de rampas, muelles, hacer topograf\u00eda, de estar horas en una lancha al lado de familias\u2026 Estoy feliz de estar 30 en la DOP, es algo que me enorgullece mucho, porque he tenido un buen trato, he sido dirigente tambi\u00e9n y estoy feliz de estar 30 a\u00f1os de trayectoria y que te reconozcan la carrera funcionaria. La DOP ha hecho mucho por la regi\u00f3n, ha conectado a muchas localidades que est\u00e1n aisladas, por ejemplo cuando fuimos a Puerto Gaviota hab\u00eda casas de nylon y hoy en d\u00eda ya es un pueblo, as\u00ed que eso me enorgullece, poder haber conocido toda la regi\u00f3n y aportar un granito de arena a la DOP. Estoy feliz, muy feliz\u201d.<\/p>\n<p style=\"text-align: justify;\">En tanto, Luis Parada trabajador de la Direcci\u00f3n de Obras Portuarias se\u00f1al\u00f3 \u201chan sido largos 30 a\u00f1os, nunca pens\u00e9 que iban a ser tantos. Me gusta el Servicio P\u00fablico y este ha sido mi \u00fanico trabajo en la vida. Estos a\u00f1os han sido geniales, y estoy agradecido, porque he desarrollado todo lo que he querido en mi vida, lo que yo siempre so\u00f1\u00e9 aqu\u00ed lo he cumplido, pr\u00e1cticamente todo. No puedo pensar otra cosa, porque aqu\u00ed conoc\u00ed a mi se\u00f1ora, tuve a mis hijos, los tuve en el jard\u00edn del MOP, todo ha sido espectacular. Me cambi\u00e9 a vivir a esta regi\u00f3n linda, bella. Agradecido del MOP, porque pude estudiar a trav\u00e9s del MOP en nocturno en la Universidad ingenier\u00eda en Administraci\u00f3n P\u00fablica, tengo una linda vida en Coyhaique, y bueno como todos -sacrificada como todos- con altos y bajos, pero m\u00e1s altos que bajos, de todas maneras, y feliz\u201d.<\/p>\n<p style=\"text-align: justify;\">Por su parte el funcionario que integra la SEREMI V\u00edctor Mansilla se\u00f1al\u00f3 \u201chan sido 30 a\u00f1os de mi vida que he pasado bajo el alero del Ministerio de Obras P\u00fablicas y en estos a\u00f1os hemos visto crecer al Ministerio tanto en sus direcciones como en t\u00e9rminos de infraestructura, y significa que nosotros somos parte de una familia, porque nosotros pasamos gran parte del d\u00eda \u2013dentro de los 365 d\u00edas- bajo el alero del Ministerio. D\u00eda a d\u00eda estamos ingresando y saliendo de estas oficinas y hemos visto pasar a muchas personas. Hoy por hoy con 30 a\u00f1os de servicio hemos despedido a muchos amigos que ya no se encuentran en esta tierra, pero tambi\u00e9n tenemos a muchos amigos que a\u00fan se encuentran vigentes y que nos vienen a visitar. Es muy hermoso y muy gratificante ver a nuestros ex colegas, que vienen a cada once que organizan para los funcionarios jubilados de este Ministerio en el Aniversario, y reconforta como esas personas quieren a su Ministerio y a\u00fan vienen a visitarnos. Hoy por hoy con 30 a\u00f1os de servicio, podr\u00edamos decir que ya somos los viejitos del Ministerio, con mucho cari\u00f1o, pero vemos pasar d\u00eda a d\u00eda muchos funcionarios y los estamentos t\u00e9cnicos, administrativos y profesionales son muy importantes. Yo creo que el recurso humano del Ministerio es uno de los factores m\u00e1s importantes que podemos tener. T\u00e9cnicamente es muy importante el Ministerio, gran parte del recurso fiscal pasa por estas oficinas y cr\u00e9ame que es un orgullo ver que cada d\u00eda las obras que se van realizando, nosotros quienes participamos de esto y que en alg\u00fan momento hemos estado en terreno podemos ser parte tangible de ese camino, que alg\u00fan momento fuimos parte de esos proyectos que hoy d\u00eda se transformaron en una realidad\u201d.<\/p>\n<p style=\"text-align: justify;\">La actividades conmemorativas del 136 Aniversario organizadas por el equipo del Servicio de Bienestar MOP en la regi\u00f3n\u00a0 de Ays\u00e9n y la Mesa Regional de Gesti\u00f3n de Personas, finalizan esta semana.<\/p>\n<\/div><\/section><\/div><div  style='height:50px' class='hr hr-invisible   avia-builder-el-6  el_after_av_one_full  el_before_av_social_share '><span class='hr-inner ' ><span class='hr-inner-style'><\/span><\/span><\/div><\/p>\n<div  class='av-social-sharing-box  avia-builder-el-7  el_after_av_hr  el_before_av_hr  '><div class='av-share-box'><h5 class='av-share-link-description av-no-toc '>Compartir esta noticia<\/h5><ul class='av-share-box-list noLightbox'><li class='av-share-link av-social-link-facebook' ><a target=\"_blank\" aria-label=\"Compartir en Facebook\" href='https:\/\/www.facebook.com\/sharer.php?u=https:\/\/radiorevelacionfm.cl\/?p=32363&#038;t=MOP%20celebra%20sus%20136%20a%C3%B1os%20entregando%20reconocimiento%20a%20sus%20trabajadoras%20y%20funcionarios' aria-hidden='false' data-av_icon='\ue8f3' data-av_iconfont='entypo-fontello' title='' data-avia-related-tooltip='Compartir en Facebook' rel=\"noopener\"><span class='avia_hidden_link_text'>Compartir en Facebook<\/span><\/a><\/li><li class='av-share-link av-social-link-twitter' ><a target=\"_blank\" aria-label=\"Compartir en Twitter\" href='https:\/\/twitter.com\/share?text=MOP%20celebra%20sus%20136%20a%C3%B1os%20entregando%20reconocimiento%20a%20sus%20trabajadoras%20y%20funcionarios&#038;url=https:\/\/radiorevelacionfm.cl\/?p=32363' aria-hidden='false' data-av_icon='\ue8f1' data-av_iconfont='entypo-fontello' title='' data-avia-related-tooltip='Compartir en Twitter' rel=\"noopener\"><span class='avia_hidden_link_text'>Compartir en Twitter<\/span><\/a><\/li><li class='av-share-link av-social-link-whatsapp' ><a target=\"_blank\" aria-label=\"Compartir en Whatsapp\" href='https:\/\/api.whatsapp.com\/send?text=https:\/\/radiorevelacionfm.cl\/?p=32363' aria-hidden='false' data-av_icon='\uf232' data-av_iconfont='entypo-fontello' title='' data-avia-related-tooltip='Compartir en Whatsapp' rel=\"noopener\"><span class='avia_hidden_link_text'>Compartir en Whatsapp<\/span><\/a><\/li><li class='av-share-link av-social-link-linkedin' ><a target=\"_blank\" aria-label=\"Compartir en LinkedIn\" href='https:\/\/linkedin.com\/shareArticle?mini=true&#038;title=MOP%20celebra%20sus%20136%20a%C3%B1os%20entregando%20reconocimiento%20a%20sus%20trabajadoras%20y%20funcionarios&#038;url=https:\/\/radiorevelacionfm.cl\/?p=32363' aria-hidden='false' data-av_icon='\ue8fc' data-av_iconfont='entypo-fontello' title='' data-avia-related-tooltip='Compartir en LinkedIn' rel=\"noopener\"><span class='avia_hidden_link_text'>Compartir en LinkedIn<\/span><\/a><\/li><li class='av-share-link av-social-link-mail' ><a  aria-label=\"Compartir por correo\" href='mailto:?subject=MOP%20celebra%20sus%20136%20a%C3%B1os%20entregando%20reconocimiento%20a%20sus%20trabajadoras%20y%20funcionarios&#038;body=https:\/\/radiorevelacionfm.cl\/?p=32363' aria-hidden='false' data-av_icon='\ue805' data-av_iconfont='entypo-fontello' title='' data-avia-related-tooltip='Compartir por correo'><span class='avia_hidden_link_text'>Compartir por correo<\/span><\/a><\/li><\/ul><\/div><\/div>\n<div  style='height:50px' class='hr hr-invisible   avia-builder-el-8  el_after_av_social_share  el_before_av_comments_list '><span class='hr-inner ' ><span class='hr-inner-style'><\/span><\/span><\/div>\n<div  class='av-buildercomment  av-blog-meta-html-info-disabled av-blog-meta-tag-disabled  '><\/div>\n","protected":false},"excerpt":{"rendered":"","protected":false},"author":1,"featured_media":32364,"comment_status":"open","ping_status":"open","sticky":false,"template":"","format":"standard","meta":{"footnotes":""},"categories":[38],"tags":[],"class_list":["post-32363","post","type-post","status-publish","format-standard","has-post-thumbnail","hentry","category-regional"],"jetpack_featured_media_url":"https:\/\/radiorevelacionfm.cl\/wp-content\/uploads\/2023\/06\/dos-a-1_optimized.jpg","_links":{"self":[{"href":"https:\/\/radiorevelacionfm.cl\/index.php?rest_route=\/wp\/v2\/posts\/32363","targetHints":{"allow":["GET"]}}],"collection":[{"href":"https:\/\/radiorevelacionfm.cl\/index.php?rest_route=\/wp\/v2\/posts"}],"about":[{"href":"https:\/\/radiorevelacionfm.cl\/index.php?rest_route=\/wp\/v2\/types\/post"}],"author":[{"embeddable":true,"href":"https:\/\/radiorevelacionfm.cl\/index.php?rest_route=\/wp\/v2\/users\/1"}],"replies":[{"embeddable":true,"href":"https:\/\/radiorevelacionfm.cl\/index.php?rest_route=%2Fwp%2Fv2%2Fcomments&post=32363"}],"version-history":[{"count":1,"href":"https:\/\/radiorevelacionfm.cl\/index.php?rest_route=\/wp\/v2\/posts\/32363\/revisions"}],"predecessor-version":[{"id":32365,"href":"https:\/\/radiorevelacionfm.cl\/index.php?rest_route=\/wp\/v2\/posts\/32363\/revisions\/32365"}],"wp:featuredmedia":[{"embeddable":true,"href":"https:\/\/radiorevelacionfm.cl\/index.php?rest_route=\/wp\/v2\/media\/32364"}],"wp:attachment":[{"href":"https:\/\/radiorevelacionfm.cl\/index.php?rest_route=%2Fwp%2Fv2%2Fmedia&parent=32363"}],"wp:term":[{"taxonomy":"category","embeddable":true,"href":"https:\/\/radiorevelacionfm.cl\/index.php?rest_route=%2Fwp%2Fv2%2Fcategories&post=32363"},{"taxonomy":"post_tag","embeddable":true,"href":"https:\/\/radiorevelacionfm.cl\/index.php?rest_route=%2Fwp%2Fv2%2Ftags&post=32363"}],"curies":[{"name":"wp","href":"https:\/\/api.w.org\/{rel}","templated":true}]}}