{"id":32357,"date":"2023-06-24T12:25:03","date_gmt":"2023-06-24T15:25:03","guid":{"rendered":"https:\/\/radiorevelacionfm.cl\/?p=32357"},"modified":"2023-06-24T12:25:03","modified_gmt":"2023-06-24T15:25:03","slug":"comunidad-dialoga-en-seminario-de-cambio-climatico","status":"publish","type":"post","link":"https:\/\/radiorevelacionfm.cl\/?p=32357","title":{"rendered":"Comunidad dialoga en Seminario de Cambio Clim\u00e1tico"},"content":{"rendered":"<div class=\"flex_column av_one_full  flex_column_div av-zero-column-padding first  avia-builder-el-0  el_before_av_one_full  avia-builder-el-first  \" style='border-radius:0px; '><div  class='avia-image-container  av-styling-    avia-builder-el-1  avia-builder-el-no-sibling  avia-align-center '  itemprop=\"image\" itemscope=\"itemscope\" itemtype=\"https:\/\/schema.org\/ImageObject\"  ><div class='avia-image-container-inner'><div class='avia-image-overlay-wrap'><img decoding=\"async\" class='wp-image-32358 avia-img-lazy-loading-not-32358 avia_image' src=\"https:\/\/radiorevelacionfm.cl\/wp-content\/uploads\/2023\/06\/img_2328-1_optimized-1.jpg\" alt='' title='img_2328-(1)_optimized (1)' height=\"600\" width=\"1026\"  itemprop=\"thumbnailUrl\" srcset=\"https:\/\/radiorevelacionfm.cl\/wp-content\/uploads\/2023\/06\/img_2328-1_optimized-1.jpg 1026w, https:\/\/radiorevelacionfm.cl\/wp-content\/uploads\/2023\/06\/img_2328-1_optimized-1-300x175.jpg 300w, https:\/\/radiorevelacionfm.cl\/wp-content\/uploads\/2023\/06\/img_2328-1_optimized-1-768x449.jpg 768w, https:\/\/radiorevelacionfm.cl\/wp-content\/uploads\/2023\/06\/img_2328-1_optimized-1-705x412.jpg 705w, https:\/\/radiorevelacionfm.cl\/wp-content\/uploads\/2023\/06\/img_2328-1_optimized-1-450x263.jpg 450w, https:\/\/radiorevelacionfm.cl\/wp-content\/uploads\/2023\/06\/img_2328-1_optimized-1-600x351.jpg 600w\" sizes=\"(max-width: 1026px) 100vw, 1026px\" \/><\/div><\/div><\/div><\/div><div class=\"flex_column av_one_full  flex_column_div av-zero-column-padding first  avia-builder-el-2  el_after_av_one_full  el_before_av_one_full  column-top-margin\" style='border-radius:0px; '><section class=\"av_textblock_section \"  itemscope=\"itemscope\" itemtype=\"https:\/\/schema.org\/BlogPosting\" itemprop=\"blogPost\" ><div class='avia_textblock  '   itemprop=\"text\" ><p style=\"text-align: center;\"><span style=\"font-size: 18pt;\"><strong>Comunidad dialoga en Seminario de Cambio Clim\u00e1tico <\/strong><\/span><\/p>\n<div id=\"gtx-trans\" style=\"position: absolute; left: -50px; top: 4.31534px;\">\n<div class=\"gtx-trans-icon\"><\/div>\n<\/div>\n<\/div><\/section><\/div><div class=\"flex_column av_one_full  flex_column_div av-zero-column-padding first  avia-builder-el-4  el_after_av_one_full  el_before_av_hr  column-top-margin\" style='border-radius:0px; '><section class=\"av_textblock_section \"  itemscope=\"itemscope\" itemtype=\"https:\/\/schema.org\/BlogPosting\" itemprop=\"blogPost\" ><div class='avia_textblock  '   itemprop=\"text\" ><p style=\"text-align: justify;\">La Mesa Ays\u00e9n de la Pol\u00edtica Nacional de Educaci\u00f3n para el Desarrollo Sustentable, PNEDS, vigente en la regi\u00f3n de Ays\u00e9n hace m\u00e1s de 10 a\u00f1os, organiza anualmente una serie de actividades para promover la educaci\u00f3n ambiental en la ciudadan\u00eda. El a\u00f1o 2023 y bajo el eje central del Cambio Clim\u00e1tico, se realiz\u00f3 el Seminario denominado \u201cCambio Clim\u00e1tico Hoy. Acciones sustentables para una resiliencia posible\u201d, con expositores nacionales y regionales para acercar a la comunidad a los conceptos mitigaci\u00f3n, adaptaci\u00f3n y resiliencia a la crisis clim\u00e1tica.<\/p>\n<p style=\"text-align: justify;\">El Delegado Presidencial Regional de Ays\u00e9n, Rodrigo Araya, abri\u00f3 la jornada destacando la relevancia de estas instancias en la entrega de informaci\u00f3n y conocimiento relevando el impacto que tienen en la toma de decisiones de pol\u00edticas p\u00fablicas y como se encuentran en sinton\u00eda con los compromisos del Gobierno de Gabriel Boric \u201cNuestro Gobierno, en su compromiso con respecto al medio ambiente, ha hecho cosas significativas. Firmamos el Acuerdo de Escaz\u00fa, publicamos la Ley Marco de Cambio Clim\u00e1tico en junio del a\u00f1o pasado, y acabamos de aprobar tambi\u00e9n la ley del que crea el Servicio de Biodiversidad y \u00c1reas Protegidas, que tremendamente va a impactar en la protecci\u00f3n de la naturaleza, estas son se\u00f1ales claras y contundentes de que estamos comprometidos con el medioambiente y el desarrollo sostenible\u201d.<\/p>\n<p style=\"text-align: justify;\">La mesa de la pol\u00edtica PNEDS, que re\u00fane a 20 representantes de instituciones p\u00fablicas, privadas y de la sociedad civil, es presidida en la gesti\u00f3n 2023 por el municipio de Coyhaique, en la oportunidad, el alcalde Carlos Gatica recalc\u00f3 el valor del trabajo colaborativo \u201cpoder trabajar todos juntos, de distintos sectores de nuestra sociedad,\u00a0 todos reunido en base a un mismo objetivo que es el desarrollo sustentable y hoy d\u00eda es la educaci\u00f3n para el cambio clim\u00e1tico, algo que nos est\u00e1 afectando directamente y que necesitamos llevarlo a la acci\u00f3n r\u00e1pidamente\u201d.<\/p>\n<p style=\"text-align: justify;\">El diverso p\u00fablico asistente conformado por funcionarias y funcionarios p\u00fablicos, estudiantes de ense\u00f1anza media, universidades, docentes y profesionales, agradeci\u00f3 la instancia educativa que entreg\u00f3 nuevas herramientas para un llamado a la acci\u00f3n \u201cha estado muy interesante, el tema del puzle del cambio clim\u00e1tico es bastante extenso. Es complejo a veces los conceptos, pero obviamente estos espacios de encuentro ayudan a transmitir la informaci\u00f3n y a tomar un poco de conciencia. Ojal\u00e1 sirva tambi\u00e9n un poco para dar un paso hacia la acci\u00f3n tambi\u00e9n\u201d, manifest\u00f3 el asistente, David Cupita, Apoyo C\u00edvico Social de INJUV en Ays\u00e9n. As\u00ed tambi\u00e9n, el profesor y encargado de Medio Ambiente del colegio Mater Dei, Hugo Pacheco, quien asisti\u00f3 con una comitiva de estudiantes declar\u00f3 \u201cInteresant\u00edsimo la verdad, porque la idea es enfrentar este cambio clim\u00e1tico y todo lo que hemos causado en el planeta en los \u00faltimos a\u00f1os desde la revoluci\u00f3n industrial y poder encauzar a nuestros j\u00f3venes en una conciencia ecol\u00f3gica que nos permita hacer hechos realmente relevantes para que esto vaya cambiando y dejar a las futuras generaciones algo mucho mejor\u201d<\/p>\n<p style=\"text-align: justify;\">La jornada permiti\u00f3 a los presentes conocer detalles de estudios, as\u00ed como normas y metas nacionales en materia de cambio clim\u00e1tico, como son los acuerdos internacionales, compromisos y metas a trav\u00e9s de la Contribuci\u00f3n Nacional Determinada NDC, y Ley Marco de Cambio Clim\u00e1tico.<\/p>\n<p style=\"text-align: justify;\">Un elemento incluido en la nueva normativa nacional son los Planes de Acci\u00f3n Regionales de Cambio Clim\u00e1tico (PARCC), que buscan comprometer metas regionales y cuyo proceso fue compartido por la Experta de Climatolog\u00eda y parte del equipo consultor SSG a cargo de la formulaci\u00f3n del Anteproyecto del Plan de Acci\u00f3n Regional de Cambio Clim\u00e1tico de Ays\u00e9n, Luna Menares. \u201cNuestra Gobernadora Regional Andrea Mac\u00edas preside el Comit\u00e9 Regional de Adaptaci\u00f3n del Cambio Clim\u00e1tico, la CORECC, que tiene como prop\u00f3sito tambi\u00e9n la elaboraci\u00f3n del PARCC el Plan Regional de Adaptaci\u00f3n del Cambio Clim\u00e1tico, que nos va a dar tambi\u00e9n cu\u00e1les son las medidas como ciudadanos y tambi\u00e9n como instituciones p\u00fablicas para afrontar el cambio clim\u00e1tico\u201d, explic\u00f3 el jefe de la divisi\u00f3n de Planificaci\u00f3n y Desarrollo Regional de Gobierno Regional, Francisco Lara.<\/p>\n<p style=\"text-align: justify;\">Tambi\u00e9n desde la perspectiva local, el Ingeniero Civil en Energ\u00eda y Medio Ambiente y representante de Fundaci\u00f3n PROVEES, Benjam\u00edn Cabrera, comparti\u00f3 los detalles del proyecto TIMEO, basado en la aplicaci\u00f3n de tres instrumentos de bien p\u00fablico \u201cel primero es un an\u00e1lisis de vulnerabilidad y riesgos clim\u00e1ticos para los sistemas el\u00e9ctricos. El segundo fue la aplicaci\u00f3n piloto de esta metodolog\u00eda propuesta en el sistema el\u00e9ctrico de Ays\u00e9n. Y como tercer instrumento propusimos un plan de adaptaci\u00f3n al cambio clim\u00e1tico en el sistema el\u00e9ctrico con un set de medidas que podemos tomar a nivel de sistema, de distribuci\u00f3n tambi\u00e9n, y lo que podamos hacer cada uno para aportar al cambio clim\u00e1tico desde nuestro hogar\u201d, describi\u00f3 Cabrera, reconociendo que en la experiencia \u201cYo creo que el principal hallazgo y recomendaci\u00f3n que yo podr\u00eda hacer es aprovechar el potencial de energ\u00eda renovable que cuenta la regi\u00f3n de Ays\u00e9n\u201d.<\/p>\n<p style=\"text-align: justify;\">La jornada finaliz\u00f3 con un plenario que cont\u00f3 con la participaci\u00f3n activa y dialogante de los y las presentes, donde pudieron aclarar dudas y tambi\u00e9n compartir experiencias de acci\u00f3n clim\u00e1tica desde sus localidades, instituciones y establecimientos educacionales.<\/p>\n<\/div><\/section><\/div><div  style='height:50px' class='hr hr-invisible   avia-builder-el-6  el_after_av_one_full  el_before_av_social_share '><span class='hr-inner ' ><span class='hr-inner-style'><\/span><\/span><\/div><\/p>\n<div  class='av-social-sharing-box  avia-builder-el-7  el_after_av_hr  el_before_av_hr  '><div class='av-share-box'><h5 class='av-share-link-description av-no-toc '>Compartir esta noticia<\/h5><ul class='av-share-box-list noLightbox'><li class='av-share-link av-social-link-facebook' ><a target=\"_blank\" aria-label=\"Compartir en Facebook\" href='https:\/\/www.facebook.com\/sharer.php?u=https:\/\/radiorevelacionfm.cl\/?p=32357&#038;t=Comunidad%20dialoga%20en%20Seminario%20de%20Cambio%20Clim%C3%A1tico' aria-hidden='false' data-av_icon='\ue8f3' data-av_iconfont='entypo-fontello' title='' data-avia-related-tooltip='Compartir en Facebook' rel=\"noopener\"><span class='avia_hidden_link_text'>Compartir en Facebook<\/span><\/a><\/li><li class='av-share-link av-social-link-twitter' ><a target=\"_blank\" aria-label=\"Compartir en Twitter\" href='https:\/\/twitter.com\/share?text=Comunidad%20dialoga%20en%20Seminario%20de%20Cambio%20Clim%C3%A1tico&#038;url=https:\/\/radiorevelacionfm.cl\/?p=32357' aria-hidden='false' data-av_icon='\ue8f1' data-av_iconfont='entypo-fontello' title='' data-avia-related-tooltip='Compartir en Twitter' rel=\"noopener\"><span class='avia_hidden_link_text'>Compartir en Twitter<\/span><\/a><\/li><li class='av-share-link av-social-link-whatsapp' ><a target=\"_blank\" aria-label=\"Compartir en Whatsapp\" href='https:\/\/api.whatsapp.com\/send?text=https:\/\/radiorevelacionfm.cl\/?p=32357' aria-hidden='false' data-av_icon='\uf232' data-av_iconfont='entypo-fontello' title='' data-avia-related-tooltip='Compartir en Whatsapp' rel=\"noopener\"><span class='avia_hidden_link_text'>Compartir en Whatsapp<\/span><\/a><\/li><li class='av-share-link av-social-link-linkedin' ><a target=\"_blank\" aria-label=\"Compartir en LinkedIn\" href='https:\/\/linkedin.com\/shareArticle?mini=true&#038;title=Comunidad%20dialoga%20en%20Seminario%20de%20Cambio%20Clim%C3%A1tico&#038;url=https:\/\/radiorevelacionfm.cl\/?p=32357' aria-hidden='false' data-av_icon='\ue8fc' data-av_iconfont='entypo-fontello' title='' data-avia-related-tooltip='Compartir en LinkedIn' rel=\"noopener\"><span class='avia_hidden_link_text'>Compartir en LinkedIn<\/span><\/a><\/li><li class='av-share-link av-social-link-mail' ><a  aria-label=\"Compartir por correo\" href='mailto:?subject=Comunidad%20dialoga%20en%20Seminario%20de%20Cambio%20Clim%C3%A1tico&#038;body=https:\/\/radiorevelacionfm.cl\/?p=32357' aria-hidden='false' data-av_icon='\ue805' data-av_iconfont='entypo-fontello' title='' data-avia-related-tooltip='Compartir por correo'><span class='avia_hidden_link_text'>Compartir por correo<\/span><\/a><\/li><\/ul><\/div><\/div>\n<div  style='height:50px' class='hr hr-invisible   avia-builder-el-8  el_after_av_social_share  el_before_av_comments_list '><span class='hr-inner ' ><span class='hr-inner-style'><\/span><\/span><\/div>\n<div  class='av-buildercomment  av-blog-meta-html-info-disabled av-blog-meta-tag-disabled  '><\/div>\n","protected":false},"excerpt":{"rendered":"","protected":false},"author":1,"featured_media":32358,"comment_status":"open","ping_status":"open","sticky":false,"template":"","format":"standard","meta":{"footnotes":""},"categories":[39],"tags":[],"class_list":["post-32357","post","type-post","status-publish","format-standard","has-post-thumbnail","hentry","category-medio-ambiente"],"jetpack_featured_media_url":"https:\/\/radiorevelacionfm.cl\/wp-content\/uploads\/2023\/06\/img_2328-1_optimized-1.jpg","_links":{"self":[{"href":"https:\/\/radiorevelacionfm.cl\/index.php?rest_route=\/wp\/v2\/posts\/32357","targetHints":{"allow":["GET"]}}],"collection":[{"href":"https:\/\/radiorevelacionfm.cl\/index.php?rest_route=\/wp\/v2\/posts"}],"about":[{"href":"https:\/\/radiorevelacionfm.cl\/index.php?rest_route=\/wp\/v2\/types\/post"}],"author":[{"embeddable":true,"href":"https:\/\/radiorevelacionfm.cl\/index.php?rest_route=\/wp\/v2\/users\/1"}],"replies":[{"embeddable":true,"href":"https:\/\/radiorevelacionfm.cl\/index.php?rest_route=%2Fwp%2Fv2%2Fcomments&post=32357"}],"version-history":[{"count":1,"href":"https:\/\/radiorevelacionfm.cl\/index.php?rest_route=\/wp\/v2\/posts\/32357\/revisions"}],"predecessor-version":[{"id":32359,"href":"https:\/\/radiorevelacionfm.cl\/index.php?rest_route=\/wp\/v2\/posts\/32357\/revisions\/32359"}],"wp:featuredmedia":[{"embeddable":true,"href":"https:\/\/radiorevelacionfm.cl\/index.php?rest_route=\/wp\/v2\/media\/32358"}],"wp:attachment":[{"href":"https:\/\/radiorevelacionfm.cl\/index.php?rest_route=%2Fwp%2Fv2%2Fmedia&parent=32357"}],"wp:term":[{"taxonomy":"category","embeddable":true,"href":"https:\/\/radiorevelacionfm.cl\/index.php?rest_route=%2Fwp%2Fv2%2Fcategories&post=32357"},{"taxonomy":"post_tag","embeddable":true,"href":"https:\/\/radiorevelacionfm.cl\/index.php?rest_route=%2Fwp%2Fv2%2Ftags&post=32357"}],"curies":[{"name":"wp","href":"https:\/\/api.w.org\/{rel}","templated":true}]}}