{"id":32350,"date":"2023-06-22T19:53:31","date_gmt":"2023-06-22T22:53:31","guid":{"rendered":"https:\/\/radiorevelacionfm.cl\/?p=32350"},"modified":"2023-06-22T19:53:31","modified_gmt":"2023-06-22T22:53:31","slug":"restablecido-el-transito-en-ribera-norte-del-rio-manihuales-con-nuevo-puente-mecano-los-jara","status":"publish","type":"post","link":"https:\/\/radiorevelacionfm.cl\/?p=32350","title":{"rendered":"Restablecido el tr\u00e1nsito en ribera norte del R\u00edo Ma\u00f1ihuales con nuevo puente mecano Los Jara"},"content":{"rendered":"<div class=\"flex_column av_one_full  flex_column_div av-zero-column-padding first  avia-builder-el-0  el_before_av_one_full  avia-builder-el-first  \" style='border-radius:0px; '><div  class='avia-image-container  av-styling-    avia-builder-el-1  avia-builder-el-no-sibling  avia-align-center '  itemprop=\"image\" itemscope=\"itemscope\" itemtype=\"https:\/\/schema.org\/ImageObject\"  ><div class='avia-image-container-inner'><div class='avia-image-overlay-wrap'><img decoding=\"async\" class='wp-image-32351 avia-img-lazy-loading-not-32351 avia_image' src=\"https:\/\/radiorevelacionfm.cl\/wp-content\/uploads\/2023\/06\/20230622123321_img_8732-1_optimized.jpg\" alt='' title='20230622123321_img_8732-(1)_optimized' height=\"600\" width=\"900\"  itemprop=\"thumbnailUrl\" srcset=\"https:\/\/radiorevelacionfm.cl\/wp-content\/uploads\/2023\/06\/20230622123321_img_8732-1_optimized.jpg 900w, https:\/\/radiorevelacionfm.cl\/wp-content\/uploads\/2023\/06\/20230622123321_img_8732-1_optimized-300x200.jpg 300w, https:\/\/radiorevelacionfm.cl\/wp-content\/uploads\/2023\/06\/20230622123321_img_8732-1_optimized-768x512.jpg 768w, https:\/\/radiorevelacionfm.cl\/wp-content\/uploads\/2023\/06\/20230622123321_img_8732-1_optimized-705x470.jpg 705w, https:\/\/radiorevelacionfm.cl\/wp-content\/uploads\/2023\/06\/20230622123321_img_8732-1_optimized-450x300.jpg 450w, https:\/\/radiorevelacionfm.cl\/wp-content\/uploads\/2023\/06\/20230622123321_img_8732-1_optimized-600x400.jpg 600w\" sizes=\"(max-width: 900px) 100vw, 900px\" \/><\/div><\/div><\/div><\/div>\n<div class=\"flex_column av_one_full  flex_column_div av-zero-column-padding first  avia-builder-el-2  el_after_av_one_full  el_before_av_one_full  column-top-margin\" style='border-radius:0px; '><section class=\"av_textblock_section \"  itemscope=\"itemscope\" itemtype=\"https:\/\/schema.org\/BlogPosting\" itemprop=\"blogPost\" ><div class='avia_textblock  '   itemprop=\"text\" ><p style=\"text-align: center;\"><strong><span style=\"font-size: 18pt;\">Restablecido el tr\u00e1nsito en ribera norte del R\u00edo Ma\u00f1ihuales con nuevo puente mecano Los Jara<\/span><\/strong><\/p>\n<div id=\"gtx-trans\" style=\"position: absolute; left: -50px; top: 4.31534px;\">\n<div class=\"gtx-trans-icon\"><\/div>\n<\/div>\n<\/div><\/section><\/div>\n<div class=\"flex_column av_one_full  flex_column_div av-zero-column-padding first  avia-builder-el-4  el_after_av_one_full  el_before_av_hr  column-top-margin\" style='border-radius:0px; '><section class=\"av_textblock_section \"  itemscope=\"itemscope\" itemtype=\"https:\/\/schema.org\/BlogPosting\" itemprop=\"blogPost\" ><div class='avia_textblock  '   itemprop=\"text\" ><p style=\"text-align: justify;\">Restablecido qued\u00f3 la ma\u00f1ana de este jueves el tr\u00e1nsito para cerca de quince familias pobladoras del sector Ribera Norte del R\u00edo Ma\u00f1ihuales con la instalaci\u00f3n del nuevo puente mecano Los Jara por parte del Ministerio de Obras P\u00fablicas, a trav\u00e9s de Vialidad.<\/p>\n<p style=\"text-align: justify;\">El Delegado Presidencial Regional, Rodrigo Araya, inspeccion\u00f3 la entrega de la infraestructura instalada por cuadrillas de Vialidad, junto a su par de la provincia de Ays\u00e9n, Jorge D\u00edaz; el seremi de Obras P\u00fablicas, Patricio Sanhueza; el director regional de Vialidad, Renzo Sanders y familias pobladoras del sector.<\/p>\n<p style=\"text-align: justify;\">Entre ellos, Hugo Pacheco (91), quien valor\u00f3 la prontitud con que se restableci\u00f3 la conectividad, luego que el pasado ocho de junio, el puente de 15 metros fallara en su estribo norte, producto de un socav\u00f3n originado por la crecida del r\u00edo Pedregoso a consecuencia de las precipitaciones.<\/p>\n<p style=\"text-align: justify;\">\u201cYo creo que ha sido una maravilla, muy r\u00e1pido este puente, ha sido lo mejor yo creo. Pudimos sacar ya un veh\u00edculo, sacar unas mercader\u00edas, vender nuestro producto f\u00e1cilmente; hay que vender animales y de eso vivimos, de la crianza del ganado\u201d, indic\u00f3 Hugo Pacheco.<\/p>\n<p style=\"text-align: justify;\">El Delegado Rodrigo Araya destac\u00f3 que el restablecimiento de la conectividad del sector fue prioritaria y se concret\u00f3 mediante recursos de Vialidad.<\/p>\n<p style=\"text-align: justify;\">\u201cEstamos aqu\u00ed restituyendo el tr\u00e1nsito, considerando lo importante que es la conectividad, porque hay m\u00e1s de 15 familias que viven en este sector, ni\u00f1os peque\u00f1os y adultos mayores, adem\u00e1s de que estamos en el per\u00edodo de alimentaci\u00f3n del ganado. Lo m\u00e1s importante es que pudimos restituir el tr\u00e1nsito, mediante un trabajo excepcional, un trabajo muy r\u00e1pido, con esta estructura modular, as\u00ed es que nuestras felicitaciones a toda la unidad de Vialidad que trabaj\u00f3 en esto con premura, como dice nuestro Presidente, nuestro gobierno, hay que trabajar en la urgencia que tienen las personas para poder mejorar, en este caso la conectividad\u201d, indic\u00f3 Rodrigo Araya.<\/p>\n<p style=\"text-align: justify;\">El vecino Juan Jara coincidi\u00f3 en se\u00f1alar que \u201cestamos muy agradecidos por toda la actividad que tenemos nosotros para sacar nuestro material, que los ni\u00f1os vayan a la escuela y todo lo que significa el progreso o la vida diaria; por la rapidez que est\u00e1 bien agradecido de las personas que hicieron posible este trabajo tan r\u00e1pido, los puenteros, toda la gente no se puede nombrar a nadie porque fueron muchos los que estuvieron preocupados de este sector, as\u00ed que ser\u00eda gracias a todos\u201d.<\/p>\n<p style=\"text-align: justify;\">El seremi MOP, Patricio Sanhueza detall\u00f3 que se trata de \u201cun puente mecano modular de 30 metros, que viene a restituir la conectividad del sector de la ribera norte del r\u00edo Ma\u00f1ihuales. Venimos a entregar esta obra a la comunidad de Ribera Norte, a restablecer las condiciones de vida cotidiana, las facilidades que requieren para la producci\u00f3n. Es un \u00e1rea ganadera eminentemente y tambi\u00e9n a felicitar a nuestro equipo de Vialidad de administraci\u00f3n directa, que han estado trabajando sin cesar\u201d, concluy\u00f3.<\/p>\n<p style=\"text-align: justify;\">Cabe se\u00f1alar que la obra implic\u00f3 el trabajo directo de diez personas de la Cuadrilla de Puentes, m\u00e1s la Cuadrilla de Movimiento de Tierras, buldozer, excavadoras y cargador frontal, entre otros recursos destinados a atender con prioridad las contingencias invernales en la regi\u00f3n de Ays\u00e9n.<\/p>\n<\/div><\/section><\/div><div  style='height:50px' class='hr hr-invisible   avia-builder-el-6  el_after_av_one_full  el_before_av_social_share '><span class='hr-inner ' ><span class='hr-inner-style'><\/span><\/span><\/div><\/p>\n<div  class='av-social-sharing-box  avia-builder-el-7  el_after_av_hr  el_before_av_hr  '><div class='av-share-box'><h5 class='av-share-link-description av-no-toc '>Compartir esta noticia<\/h5><ul class='av-share-box-list noLightbox'><li class='av-share-link av-social-link-facebook' ><a target=\"_blank\" aria-label=\"Compartir en Facebook\" href='https:\/\/www.facebook.com\/sharer.php?u=https:\/\/radiorevelacionfm.cl\/?p=32350&#038;t=Restablecido%20el%20tr%C3%A1nsito%20en%20ribera%20norte%20del%20R%C3%ADo%20Ma%C3%B1ihuales%20con%20nuevo%20puente%20mecano%20Los%20Jara' aria-hidden='false' data-av_icon='\ue8f3' data-av_iconfont='entypo-fontello' title='' data-avia-related-tooltip='Compartir en Facebook' rel=\"noopener\"><span class='avia_hidden_link_text'>Compartir en Facebook<\/span><\/a><\/li><li class='av-share-link av-social-link-twitter' ><a target=\"_blank\" aria-label=\"Compartir en Twitter\" href='https:\/\/twitter.com\/share?text=Restablecido%20el%20tr%C3%A1nsito%20en%20ribera%20norte%20del%20R%C3%ADo%20Ma%C3%B1ihuales%20con%20nuevo%20puente%20mecano%20Los%20Jara&#038;url=https:\/\/radiorevelacionfm.cl\/?p=32350' aria-hidden='false' data-av_icon='\ue8f1' data-av_iconfont='entypo-fontello' title='' data-avia-related-tooltip='Compartir en Twitter' rel=\"noopener\"><span class='avia_hidden_link_text'>Compartir en Twitter<\/span><\/a><\/li><li class='av-share-link av-social-link-whatsapp' ><a target=\"_blank\" aria-label=\"Compartir en Whatsapp\" href='https:\/\/api.whatsapp.com\/send?text=https:\/\/radiorevelacionfm.cl\/?p=32350' aria-hidden='false' data-av_icon='\uf232' data-av_iconfont='entypo-fontello' title='' data-avia-related-tooltip='Compartir en Whatsapp' rel=\"noopener\"><span class='avia_hidden_link_text'>Compartir en Whatsapp<\/span><\/a><\/li><li class='av-share-link av-social-link-linkedin' ><a target=\"_blank\" aria-label=\"Compartir en LinkedIn\" href='https:\/\/linkedin.com\/shareArticle?mini=true&#038;title=Restablecido%20el%20tr%C3%A1nsito%20en%20ribera%20norte%20del%20R%C3%ADo%20Ma%C3%B1ihuales%20con%20nuevo%20puente%20mecano%20Los%20Jara&#038;url=https:\/\/radiorevelacionfm.cl\/?p=32350' aria-hidden='false' data-av_icon='\ue8fc' data-av_iconfont='entypo-fontello' title='' data-avia-related-tooltip='Compartir en LinkedIn' rel=\"noopener\"><span class='avia_hidden_link_text'>Compartir en LinkedIn<\/span><\/a><\/li><li class='av-share-link av-social-link-mail' ><a  aria-label=\"Compartir por correo\" href='mailto:?subject=Restablecido%20el%20tr%C3%A1nsito%20en%20ribera%20norte%20del%20R%C3%ADo%20Ma%C3%B1ihuales%20con%20nuevo%20puente%20mecano%20Los%20Jara&#038;body=https:\/\/radiorevelacionfm.cl\/?p=32350' aria-hidden='false' data-av_icon='\ue805' data-av_iconfont='entypo-fontello' title='' data-avia-related-tooltip='Compartir por correo'><span class='avia_hidden_link_text'>Compartir por correo<\/span><\/a><\/li><\/ul><\/div><\/div>\n<div  style='height:50px' class='hr hr-invisible   avia-builder-el-8  el_after_av_social_share  el_before_av_comments_list '><span class='hr-inner ' ><span class='hr-inner-style'><\/span><\/span><\/div>\n<div  class='av-buildercomment  av-blog-meta-html-info-disabled av-blog-meta-tag-disabled  '><\/div>\n","protected":false},"excerpt":{"rendered":"","protected":false},"author":1,"featured_media":32351,"comment_status":"open","ping_status":"open","sticky":false,"template":"","format":"standard","meta":{"footnotes":""},"categories":[38],"tags":[],"class_list":["post-32350","post","type-post","status-publish","format-standard","has-post-thumbnail","hentry","category-regional"],"jetpack_featured_media_url":"https:\/\/radiorevelacionfm.cl\/wp-content\/uploads\/2023\/06\/20230622123321_img_8732-1_optimized.jpg","_links":{"self":[{"href":"https:\/\/radiorevelacionfm.cl\/index.php?rest_route=\/wp\/v2\/posts\/32350","targetHints":{"allow":["GET"]}}],"collection":[{"href":"https:\/\/radiorevelacionfm.cl\/index.php?rest_route=\/wp\/v2\/posts"}],"about":[{"href":"https:\/\/radiorevelacionfm.cl\/index.php?rest_route=\/wp\/v2\/types\/post"}],"author":[{"embeddable":true,"href":"https:\/\/radiorevelacionfm.cl\/index.php?rest_route=\/wp\/v2\/users\/1"}],"replies":[{"embeddable":true,"href":"https:\/\/radiorevelacionfm.cl\/index.php?rest_route=%2Fwp%2Fv2%2Fcomments&post=32350"}],"version-history":[{"count":2,"href":"https:\/\/radiorevelacionfm.cl\/index.php?rest_route=\/wp\/v2\/posts\/32350\/revisions"}],"predecessor-version":[{"id":32356,"href":"https:\/\/radiorevelacionfm.cl\/index.php?rest_route=\/wp\/v2\/posts\/32350\/revisions\/32356"}],"wp:featuredmedia":[{"embeddable":true,"href":"https:\/\/radiorevelacionfm.cl\/index.php?rest_route=\/wp\/v2\/media\/32351"}],"wp:attachment":[{"href":"https:\/\/radiorevelacionfm.cl\/index.php?rest_route=%2Fwp%2Fv2%2Fmedia&parent=32350"}],"wp:term":[{"taxonomy":"category","embeddable":true,"href":"https:\/\/radiorevelacionfm.cl\/index.php?rest_route=%2Fwp%2Fv2%2Fcategories&post=32350"},{"taxonomy":"post_tag","embeddable":true,"href":"https:\/\/radiorevelacionfm.cl\/index.php?rest_route=%2Fwp%2Fv2%2Ftags&post=32350"}],"curies":[{"name":"wp","href":"https:\/\/api.w.org\/{rel}","templated":true}]}}