{"id":32347,"date":"2023-06-22T20:59:20","date_gmt":"2023-06-22T23:59:20","guid":{"rendered":"https:\/\/radiorevelacionfm.cl\/?p=32347"},"modified":"2023-06-22T20:59:20","modified_gmt":"2023-06-22T23:59:20","slug":"incentivan-uso-de-mascarillas-en-transporte-publico","status":"publish","type":"post","link":"https:\/\/radiorevelacionfm.cl\/?p=32347","title":{"rendered":"Incentivan uso de mascarillas en transporte p\u00fablico"},"content":{"rendered":"<div class=\"flex_column av_one_full  flex_column_div av-zero-column-padding first  avia-builder-el-0  el_before_av_one_full  avia-builder-el-first  \" style='border-radius:0px; '><div  class='avia-image-container  av-styling-    avia-builder-el-1  avia-builder-el-no-sibling  avia-align-center '  itemprop=\"image\" itemscope=\"itemscope\" itemtype=\"https:\/\/schema.org\/ImageObject\"  ><div class='avia-image-container-inner'><div class='avia-image-overlay-wrap'><img decoding=\"async\" class='wp-image-32348 avia-img-lazy-loading-not-32348 avia_image' src=\"https:\/\/radiorevelacionfm.cl\/wp-content\/uploads\/2023\/06\/Uso-de-mascarillas-96-1-1.jpg\" alt='' title='Uso de mascarillas (96) (1) (1)' height=\"600\" width=\"1067\"  itemprop=\"thumbnailUrl\" srcset=\"https:\/\/radiorevelacionfm.cl\/wp-content\/uploads\/2023\/06\/Uso-de-mascarillas-96-1-1.jpg 1067w, https:\/\/radiorevelacionfm.cl\/wp-content\/uploads\/2023\/06\/Uso-de-mascarillas-96-1-1-300x169.jpg 300w, https:\/\/radiorevelacionfm.cl\/wp-content\/uploads\/2023\/06\/Uso-de-mascarillas-96-1-1-1030x579.jpg 1030w, https:\/\/radiorevelacionfm.cl\/wp-content\/uploads\/2023\/06\/Uso-de-mascarillas-96-1-1-768x432.jpg 768w, https:\/\/radiorevelacionfm.cl\/wp-content\/uploads\/2023\/06\/Uso-de-mascarillas-96-1-1-705x396.jpg 705w, https:\/\/radiorevelacionfm.cl\/wp-content\/uploads\/2023\/06\/Uso-de-mascarillas-96-1-1-450x253.jpg 450w, https:\/\/radiorevelacionfm.cl\/wp-content\/uploads\/2023\/06\/Uso-de-mascarillas-96-1-1-600x337.jpg 600w\" sizes=\"(max-width: 1067px) 100vw, 1067px\" \/><\/div><\/div><\/div><\/div><div class=\"flex_column av_one_full  flex_column_div av-zero-column-padding first  avia-builder-el-2  el_after_av_one_full  el_before_av_one_full  column-top-margin\" style='border-radius:0px; '><section class=\"av_textblock_section \"  itemscope=\"itemscope\" itemtype=\"https:\/\/schema.org\/BlogPosting\" itemprop=\"blogPost\" ><div class='avia_textblock  '   itemprop=\"text\" ><p style=\"text-align: center;\"><span style=\"font-size: 18pt;\"><b>Incentivan uso de mascarillas en transporte p\u00fablico<\/b><\/span><\/p>\n<div id=\"gtx-trans\" style=\"position: absolute; left: -50px; top: 4.31534px;\">\n<div class=\"gtx-trans-icon\"><\/div>\n<\/div>\n<\/div><\/section><\/div><div class=\"flex_column av_one_full  flex_column_div av-zero-column-padding first  avia-builder-el-4  el_after_av_one_full  el_before_av_hr  column-top-margin\" style='border-radius:0px; '><section class=\"av_textblock_section \"  itemscope=\"itemscope\" itemtype=\"https:\/\/schema.org\/BlogPosting\" itemprop=\"blogPost\" ><div class='avia_textblock  '   itemprop=\"text\" ><p style=\"text-align: justify;\">A ra\u00edz del aumento de casos de enfermedades respiratorias causadas por agentes virales a nivel pa\u00eds, el Gobierno ha hecho diversos llamados para reforzar conductas preventivas. Una de las indicaciones realizadas por la autoridad sanitaria es el uso de mascarillas en espacios cerrados, con alta afluencia de p\u00fablico. En Ays\u00e9n, para promover la utilizaci\u00f3n de este elemento de protecci\u00f3n sanitaria, la seremi de Transportes y su par de Salud, junto al equipo de Fiscalizaci\u00f3n de Transportes se trasladaron hacia el terminal de buses en donde se inform\u00f3 a pasajeras y pasajeros sobre esta medida de autocuidado.<\/p>\n<p style=\"text-align: justify;\">La titular de Transportes, Claudia Cantero se refiri\u00f3 a la importancia de adherir a la recomendaci\u00f3n hecha desde Salud, dado que quienes usan mascarilla adem\u00e1s de cuidarse, cuidan tambi\u00e9n a sus vecinos. \u201cEstamos conversando con algunos pasajeros y pasajeras e invit\u00e1ndoles a usar mascarilla en el transporte p\u00fablico, taxis, taxis colectivos, buses, minibuses, todo sistema de transporte porque tambi\u00e9n es un espacio donde pueden haber personas enfermas y puede haber circulaci\u00f3n de virus o distintos tipos de enfermedad. As\u00ed que si bien no es obligatorio, estamos invitando a las personas al autocuidado y al usar la mascarilla en espacios cerrados\u201d.<\/p>\n<p style=\"text-align: justify;\">La Seremi de Salud Carmen Gloria Monsalve, agreg\u00f3 que es necesario concientizar a las personas, y en el caso de nuestra regi\u00f3n tomar en cuenta que los trayectos de viaje son prolongados, por lo que se enfatiz\u00f3 en la protecci\u00f3n que brinda la mascarilla.<\/p>\n<p style=\"text-align: justify;\">\u201cHemos visto de manera muy satisfactoria que muchas personas, particularmente adultos mayores, ya est\u00e1n llegando con su mascarilla. Por tanto, el llamado es al resto de las personas que incorporen esa actitud de autocuidado para protegerse pero tambi\u00e9n para proteger a nuestros vecinos m\u00e1s vulnerables. As\u00ed que vamos a estar repartiendo mascarillas y un agradecimiento tambi\u00e9n a los funcionarios de fiscalizaci\u00f3n de transportes que est\u00e1n impulsando tambi\u00e9n esta medida para proteger a nuestra comunidad\u201d, declar\u00f3 la autoridad.<\/p>\n<p style=\"text-align: justify;\">Junto con el uso de mascarillas, Salud tambi\u00e9n ha impulsado medidas como la Vacunaci\u00f3n Bivalente, de protecci\u00f3n contra la influenza y COVID-19; lavado frecuente de manos, cubrir nariz y boca ante estornudos, evitar la exposici\u00f3n ante la aparici\u00f3n de s\u00edntomas y la ventilaci\u00f3n de espacios cerrados.<\/p>\n<\/div><\/section><\/div><div  style='height:50px' class='hr hr-invisible   avia-builder-el-6  el_after_av_one_full  el_before_av_social_share '><span class='hr-inner ' ><span class='hr-inner-style'><\/span><\/span><\/div><\/p>\n<div  class='av-social-sharing-box  avia-builder-el-7  el_after_av_hr  el_before_av_hr  '><div class='av-share-box'><h5 class='av-share-link-description av-no-toc '>Compartir esta noticia<\/h5><ul class='av-share-box-list noLightbox'><li class='av-share-link av-social-link-facebook' ><a target=\"_blank\" aria-label=\"Compartir en Facebook\" href='https:\/\/www.facebook.com\/sharer.php?u=https:\/\/radiorevelacionfm.cl\/?p=32347&#038;t=Incentivan%20uso%20de%20mascarillas%20en%20transporte%20p%C3%BAblico' aria-hidden='false' data-av_icon='\ue8f3' data-av_iconfont='entypo-fontello' title='' data-avia-related-tooltip='Compartir en Facebook' rel=\"noopener\"><span class='avia_hidden_link_text'>Compartir en Facebook<\/span><\/a><\/li><li class='av-share-link av-social-link-twitter' ><a target=\"_blank\" aria-label=\"Compartir en Twitter\" href='https:\/\/twitter.com\/share?text=Incentivan%20uso%20de%20mascarillas%20en%20transporte%20p%C3%BAblico&#038;url=https:\/\/radiorevelacionfm.cl\/?p=32347' aria-hidden='false' data-av_icon='\ue8f1' data-av_iconfont='entypo-fontello' title='' data-avia-related-tooltip='Compartir en Twitter' rel=\"noopener\"><span class='avia_hidden_link_text'>Compartir en Twitter<\/span><\/a><\/li><li class='av-share-link av-social-link-whatsapp' ><a target=\"_blank\" aria-label=\"Compartir en Whatsapp\" href='https:\/\/api.whatsapp.com\/send?text=https:\/\/radiorevelacionfm.cl\/?p=32347' aria-hidden='false' data-av_icon='\uf232' data-av_iconfont='entypo-fontello' title='' data-avia-related-tooltip='Compartir en Whatsapp' rel=\"noopener\"><span class='avia_hidden_link_text'>Compartir en Whatsapp<\/span><\/a><\/li><li class='av-share-link av-social-link-linkedin' ><a target=\"_blank\" aria-label=\"Compartir en LinkedIn\" href='https:\/\/linkedin.com\/shareArticle?mini=true&#038;title=Incentivan%20uso%20de%20mascarillas%20en%20transporte%20p%C3%BAblico&#038;url=https:\/\/radiorevelacionfm.cl\/?p=32347' aria-hidden='false' data-av_icon='\ue8fc' data-av_iconfont='entypo-fontello' title='' data-avia-related-tooltip='Compartir en LinkedIn' rel=\"noopener\"><span class='avia_hidden_link_text'>Compartir en LinkedIn<\/span><\/a><\/li><li class='av-share-link av-social-link-mail' ><a  aria-label=\"Compartir por correo\" href='mailto:?subject=Incentivan%20uso%20de%20mascarillas%20en%20transporte%20p%C3%BAblico&#038;body=https:\/\/radiorevelacionfm.cl\/?p=32347' aria-hidden='false' data-av_icon='\ue805' data-av_iconfont='entypo-fontello' title='' data-avia-related-tooltip='Compartir por correo'><span class='avia_hidden_link_text'>Compartir por correo<\/span><\/a><\/li><\/ul><\/div><\/div>\n<div  style='height:50px' class='hr hr-invisible   avia-builder-el-8  el_after_av_social_share  el_before_av_comments_list '><span class='hr-inner ' ><span class='hr-inner-style'><\/span><\/span><\/div>\n<div  class='av-buildercomment  av-blog-meta-html-info-disabled av-blog-meta-tag-disabled  '><\/div>\n","protected":false},"excerpt":{"rendered":"","protected":false},"author":1,"featured_media":32348,"comment_status":"open","ping_status":"open","sticky":false,"template":"","format":"standard","meta":{"footnotes":""},"categories":[59],"tags":[],"class_list":["post-32347","post","type-post","status-publish","format-standard","has-post-thumbnail","hentry","category-transporte"],"jetpack_featured_media_url":"https:\/\/radiorevelacionfm.cl\/wp-content\/uploads\/2023\/06\/Uso-de-mascarillas-96-1-1.jpg","_links":{"self":[{"href":"https:\/\/radiorevelacionfm.cl\/index.php?rest_route=\/wp\/v2\/posts\/32347","targetHints":{"allow":["GET"]}}],"collection":[{"href":"https:\/\/radiorevelacionfm.cl\/index.php?rest_route=\/wp\/v2\/posts"}],"about":[{"href":"https:\/\/radiorevelacionfm.cl\/index.php?rest_route=\/wp\/v2\/types\/post"}],"author":[{"embeddable":true,"href":"https:\/\/radiorevelacionfm.cl\/index.php?rest_route=\/wp\/v2\/users\/1"}],"replies":[{"embeddable":true,"href":"https:\/\/radiorevelacionfm.cl\/index.php?rest_route=%2Fwp%2Fv2%2Fcomments&post=32347"}],"version-history":[{"count":1,"href":"https:\/\/radiorevelacionfm.cl\/index.php?rest_route=\/wp\/v2\/posts\/32347\/revisions"}],"predecessor-version":[{"id":32349,"href":"https:\/\/radiorevelacionfm.cl\/index.php?rest_route=\/wp\/v2\/posts\/32347\/revisions\/32349"}],"wp:featuredmedia":[{"embeddable":true,"href":"https:\/\/radiorevelacionfm.cl\/index.php?rest_route=\/wp\/v2\/media\/32348"}],"wp:attachment":[{"href":"https:\/\/radiorevelacionfm.cl\/index.php?rest_route=%2Fwp%2Fv2%2Fmedia&parent=32347"}],"wp:term":[{"taxonomy":"category","embeddable":true,"href":"https:\/\/radiorevelacionfm.cl\/index.php?rest_route=%2Fwp%2Fv2%2Fcategories&post=32347"},{"taxonomy":"post_tag","embeddable":true,"href":"https:\/\/radiorevelacionfm.cl\/index.php?rest_route=%2Fwp%2Fv2%2Ftags&post=32347"}],"curies":[{"name":"wp","href":"https:\/\/api.w.org\/{rel}","templated":true}]}}