{"id":32344,"date":"2023-06-22T18:00:12","date_gmt":"2023-06-22T21:00:12","guid":{"rendered":"https:\/\/radiorevelacionfm.cl\/?p=32344"},"modified":"2023-06-22T18:00:12","modified_gmt":"2023-06-22T21:00:12","slug":"desarrollan-inedito-programa-compromiso-joven-con-juventudes-de-las-comunas-de-aysen-y-melinka","status":"publish","type":"post","link":"https:\/\/radiorevelacionfm.cl\/?p=32344","title":{"rendered":"Desarrollan in\u00e9dito programa Compromiso Joven con juventudes de las comunas de Ays\u00e9n y Melinka"},"content":{"rendered":"<div class=\"flex_column av_one_full  flex_column_div av-zero-column-padding first  avia-builder-el-0  el_before_av_one_full  avia-builder-el-first  \" style='border-radius:0px; '><div  class='avia-image-container  av-styling-    avia-builder-el-1  avia-builder-el-no-sibling  avia-align-center '  itemprop=\"image\" itemscope=\"itemscope\" itemtype=\"https:\/\/schema.org\/ImageObject\"  ><div class='avia-image-container-inner'><div class='avia-image-overlay-wrap'><img decoding=\"async\" class='wp-image-32345 avia-img-lazy-loading-not-32345 avia_image' src=\"https:\/\/radiorevelacionfm.cl\/wp-content\/uploads\/2023\/06\/FOTO-5-1-1-2.jpg\" alt='' title='FOTO 5 (1) (1) (2)' height=\"600\" width=\"800\"  itemprop=\"thumbnailUrl\" srcset=\"https:\/\/radiorevelacionfm.cl\/wp-content\/uploads\/2023\/06\/FOTO-5-1-1-2.jpg 800w, https:\/\/radiorevelacionfm.cl\/wp-content\/uploads\/2023\/06\/FOTO-5-1-1-2-300x225.jpg 300w, https:\/\/radiorevelacionfm.cl\/wp-content\/uploads\/2023\/06\/FOTO-5-1-1-2-768x576.jpg 768w, https:\/\/radiorevelacionfm.cl\/wp-content\/uploads\/2023\/06\/FOTO-5-1-1-2-705x529.jpg 705w, https:\/\/radiorevelacionfm.cl\/wp-content\/uploads\/2023\/06\/FOTO-5-1-1-2-450x338.jpg 450w, https:\/\/radiorevelacionfm.cl\/wp-content\/uploads\/2023\/06\/FOTO-5-1-1-2-600x450.jpg 600w\" sizes=\"(max-width: 800px) 100vw, 800px\" \/><\/div><\/div><\/div><\/div><div class=\"flex_column av_one_full  flex_column_div av-zero-column-padding first  avia-builder-el-2  el_after_av_one_full  el_before_av_one_full  column-top-margin\" style='border-radius:0px; '><section class=\"av_textblock_section \"  itemscope=\"itemscope\" itemtype=\"https:\/\/schema.org\/BlogPosting\" itemprop=\"blogPost\" ><div class='avia_textblock  '   itemprop=\"text\" ><p style=\"text-align: center;\"><strong><span style=\"font-size: 18pt;\">Desarrollan in\u00e9dito programa Compromiso Joven con juventudes de las comunas de Ays\u00e9n y Melinka<\/span><\/strong><\/p>\n<div id=\"gtx-trans\" style=\"position: absolute; left: -50px; top: 4.31534px;\">\n<div class=\"gtx-trans-icon\"><\/div>\n<\/div>\n<\/div><\/section><\/div><div class=\"flex_column av_one_full  flex_column_div av-zero-column-padding first  avia-builder-el-4  el_after_av_one_full  el_before_av_hr  column-top-margin\" style='border-radius:0px; '><section class=\"av_textblock_section \"  itemscope=\"itemscope\" itemtype=\"https:\/\/schema.org\/BlogPosting\" itemprop=\"blogPost\" ><div class='avia_textblock  '   itemprop=\"text\" ><p style=\"text-align: justify;\">El Instituto Nacional de la Juventud se encuentra desplegado en las comunas de \u00a0Puerto Ays\u00e9n y Melinka desarrollando el programa <em>Compromiso Joven<\/em>, instancia que tiene por objetivo aumentar la participaci\u00f3n de las juventudes en proyectos comunitarios, impulsando la relaci\u00f3n de estos con el territorio a trav\u00e9s de acciones que busquen mejorar las condiciones de su comunidad.<\/p>\n<p style=\"text-align: justify;\">Los coordinadores de INJUV Ays\u00e9n, David Cupita y Fernanda Y\u00e9venes, han estado liderando el desarrollo del programa en terreno, tanto en Puerto Ays\u00e9n como en Melinka, trabajando con las y los j\u00f3venes del Colegio Kalem, Liceo Politecnico A-1, Liceo Bicentenario San Jos\u00e9 UR, Liceo Ra\u00fal Broussain Campino y Liceo de Melinka.<\/p>\n<p style=\"text-align: justify;\">\u201cUno de los principales puntos de trabajo del Gobierno del Presidente Gabriel Boric, tiene que ver con la descentralizaci\u00f3n de la pol\u00edtica p\u00fablica, promoviendo una participaci\u00f3n m\u00e1s activa de las comunidades, en este caso las juventudes, en el dise\u00f1o y monitoreo de estas. Bajo esta premisa como INJUV Ays\u00e9n queremos hacernos cargo de esta intenci\u00f3n y esto se traduce en desplegarnos territorialmente en diferentes sectores de la regi\u00f3n. En esta ocasi\u00f3n, nos encontramos desarrollando el programa <em>Compromiso Joven<\/em>, en las comunas de Melinka y Ays\u00e9n, en un trabajo conjunto con sus municipios. La intenci\u00f3n de este programa consiste en realizar una intervenci\u00f3n con perspectiva a mediano plazo, es un programa que se ejecuta durante un a\u00f1o nueve meses, estamos desplegados y colaborando con los municipios para entregar las herramientas necesarias para el diagn\u00f3stico y dise\u00f1o de esta pol\u00edtica de juventudes\u201d, sostuvo el Director Regional de INJUV Ays\u00e9n, Camilo Trivi\u00f1o.<\/p>\n<p style=\"text-align: justify;\">En la misma l\u00ednea indic\u00f3 que \u201cdebemos comprender que hist\u00f3ricamente las juventudes han sido marginadas en el dise\u00f1o de las pol\u00edticas p\u00fablicas, por lo que con la implementaci\u00f3n de nuestros diferentes ejes program\u00e1ticos buscamos articular y generar los espacios para incluir la voz de estas mismas, de una forma creativa y competente, comprendiendo sus particularidades y definiendo en conjunto las bases para una pol\u00edtica de juventud que mejore la gesti\u00f3n y ejecuci\u00f3n de los programas dise\u00f1ados\u201d, puntualiz\u00f3 Trivi\u00f1o.<\/p>\n<p style=\"text-align: justify;\">En tanto el Director de Desarrollo Comunitario de la Ilustre Municipalidad de Guaitecas, Claudio Henr\u00edquez, se\u00f1al\u00f3 \u201cesto representa un anhelo de la administraci\u00f3n del acalde Marcos Silva, que nos ha encomendado convocar a diferentes servicios p\u00fablicos para aumentar en cantidad y en calidad los servicios a los cuales pueden acceder nuestras vecinas y vecinos. En este caso la apuesta es invertir con los j\u00f3venes, darles espacios de participaci\u00f3n, escuchar sus sue\u00f1os y anhelos y poder generar una pol\u00edtica comunal de juventud, apostado al presente y al futuro de Guaitecas; entonces para nosotros este puntapi\u00e9 inicial implica muchos desaf\u00edos y la gratitud para con el INJUV, con nuestras autoridades locales, que nos permiten incorporar un elemento m\u00e1s de gesti\u00f3n, que vaya en este caso a un \u00e1rea que no le est\u00e1bamos prestando la suficiente atenci\u00f3n, como es el segmento de j\u00f3venes\u201d.<\/p>\n<p style=\"text-align: justify;\">Por su parte, el Alcalde de la Ilustre Municipalidad de Ays\u00e9n, Julio Uribe, explic\u00f3 que \u201cel trabajo que hemos venido realizando con INJUV, hicimos la firma de colaboraci\u00f3n entre las dos instituciones y hoy ya se ven los resultados de este trabajo, todo es bienvenido para nuestra juventud, el poder trabajar con ellos tanto en capacitaciones, deporte, cultura es bienvenido, el trabajo que hemos hecho con INJUV es un trabajo serio y que hoy d\u00eda est\u00e1 rindiendo sus frutos\u201d.<\/p>\n<p style=\"text-align: justify;\">Benjam\u00edn Montero, joven estudiante del Liceo de Melinka, sostuvo que \u201cla pasamos s\u00faper bien, particip\u00e9 de la actividad porque me intereso exponer mis ideas, decir lo que necesitamos actualmente los j\u00f3venes de Melinka, adem\u00e1s es importante saber lo que necesitamos y as\u00ed poder tener nuestros objetivos a futuro claros. Es bueno que se realicen este tipo de actividades en Melinka porque as\u00ed nos ponemos metas para un futuro cercano\u201d.<\/p>\n<p style=\"text-align: justify;\">La joven Josefa Reyes, indic\u00f3 que \u201cme pareci\u00f3 enriquecedora la actividad y creo que fue significativa la participaci\u00f3n de INJUV en el Liceo Melinka, ya que son una gran herramienta para brindar oportunidades valiosas para que las y los j\u00f3venes desarrollen sus habilidades, expresen sus ideas y contribuyan al bienestar de la comunidad estudiantil, promoviendo el desarrollo personal y acad\u00e9mico. Agradecer la atenci\u00f3n y el apoyo brindado por INJUV, es un gesto importante para mostrar la importancia que tiene para los j\u00f3venes sentirse escuchados y respaldados\u201d.<\/p>\n<p style=\"text-align: justify;\">Cabe destacar que el programa Compromiso Joven comprende diferentes hitos en el plazo de dos a\u00f1os; Diagn\u00f3stico Local Juvenil, Plan de Acci\u00f3n Municipal de Juventud (PAMJUV), Encuentro de Juventudes, Formaci\u00f3n de Agentes de Cambio, entre otras acciones que esperan cambiar la mirada juvenil en las comunas donde se desarrolla la iniciativa.<\/p>\n<\/div><\/section><\/div><div  style='height:50px' class='hr hr-invisible   avia-builder-el-6  el_after_av_one_full  el_before_av_social_share '><span class='hr-inner ' ><span class='hr-inner-style'><\/span><\/span><\/div><\/p>\n<div  class='av-social-sharing-box  avia-builder-el-7  el_after_av_hr  el_before_av_hr  '><div class='av-share-box'><h5 class='av-share-link-description av-no-toc '>Compartir esta noticia<\/h5><ul class='av-share-box-list noLightbox'><li class='av-share-link av-social-link-facebook' ><a target=\"_blank\" aria-label=\"Compartir en Facebook\" href='https:\/\/www.facebook.com\/sharer.php?u=https:\/\/radiorevelacionfm.cl\/?p=32344&#038;t=Desarrollan%20in%C3%A9dito%20programa%20Compromiso%20Joven%20con%20juventudes%20de%20las%20comunas%20de%20Ays%C3%A9n%20y%20Melinka' aria-hidden='false' data-av_icon='\ue8f3' data-av_iconfont='entypo-fontello' title='' data-avia-related-tooltip='Compartir en Facebook' rel=\"noopener\"><span class='avia_hidden_link_text'>Compartir en Facebook<\/span><\/a><\/li><li class='av-share-link av-social-link-twitter' ><a target=\"_blank\" aria-label=\"Compartir en Twitter\" href='https:\/\/twitter.com\/share?text=Desarrollan%20in%C3%A9dito%20programa%20Compromiso%20Joven%20con%20juventudes%20de%20las%20comunas%20de%20Ays%C3%A9n%20y%20Melinka&#038;url=https:\/\/radiorevelacionfm.cl\/?p=32344' aria-hidden='false' data-av_icon='\ue8f1' data-av_iconfont='entypo-fontello' title='' data-avia-related-tooltip='Compartir en Twitter' rel=\"noopener\"><span class='avia_hidden_link_text'>Compartir en Twitter<\/span><\/a><\/li><li class='av-share-link av-social-link-whatsapp' ><a target=\"_blank\" aria-label=\"Compartir en Whatsapp\" href='https:\/\/api.whatsapp.com\/send?text=https:\/\/radiorevelacionfm.cl\/?p=32344' aria-hidden='false' data-av_icon='\uf232' data-av_iconfont='entypo-fontello' title='' data-avia-related-tooltip='Compartir en Whatsapp' rel=\"noopener\"><span class='avia_hidden_link_text'>Compartir en Whatsapp<\/span><\/a><\/li><li class='av-share-link av-social-link-linkedin' ><a target=\"_blank\" aria-label=\"Compartir en LinkedIn\" href='https:\/\/linkedin.com\/shareArticle?mini=true&#038;title=Desarrollan%20in%C3%A9dito%20programa%20Compromiso%20Joven%20con%20juventudes%20de%20las%20comunas%20de%20Ays%C3%A9n%20y%20Melinka&#038;url=https:\/\/radiorevelacionfm.cl\/?p=32344' aria-hidden='false' data-av_icon='\ue8fc' data-av_iconfont='entypo-fontello' title='' data-avia-related-tooltip='Compartir en LinkedIn' rel=\"noopener\"><span class='avia_hidden_link_text'>Compartir en LinkedIn<\/span><\/a><\/li><li class='av-share-link av-social-link-mail' ><a  aria-label=\"Compartir por correo\" href='mailto:?subject=Desarrollan%20in%C3%A9dito%20programa%20Compromiso%20Joven%20con%20juventudes%20de%20las%20comunas%20de%20Ays%C3%A9n%20y%20Melinka&#038;body=https:\/\/radiorevelacionfm.cl\/?p=32344' aria-hidden='false' data-av_icon='\ue805' data-av_iconfont='entypo-fontello' title='' data-avia-related-tooltip='Compartir por correo'><span class='avia_hidden_link_text'>Compartir por correo<\/span><\/a><\/li><\/ul><\/div><\/div>\n<div  style='height:50px' class='hr hr-invisible   avia-builder-el-8  el_after_av_social_share  el_before_av_comments_list '><span class='hr-inner ' ><span class='hr-inner-style'><\/span><\/span><\/div>\n<div  class='av-buildercomment  av-blog-meta-html-info-disabled av-blog-meta-tag-disabled  '><\/div>\n","protected":false},"excerpt":{"rendered":"","protected":false},"author":1,"featured_media":32345,"comment_status":"open","ping_status":"open","sticky":false,"template":"","format":"standard","meta":{"footnotes":""},"categories":[38],"tags":[],"class_list":["post-32344","post","type-post","status-publish","format-standard","has-post-thumbnail","hentry","category-regional"],"jetpack_featured_media_url":"https:\/\/radiorevelacionfm.cl\/wp-content\/uploads\/2023\/06\/FOTO-5-1-1-2.jpg","_links":{"self":[{"href":"https:\/\/radiorevelacionfm.cl\/index.php?rest_route=\/wp\/v2\/posts\/32344","targetHints":{"allow":["GET"]}}],"collection":[{"href":"https:\/\/radiorevelacionfm.cl\/index.php?rest_route=\/wp\/v2\/posts"}],"about":[{"href":"https:\/\/radiorevelacionfm.cl\/index.php?rest_route=\/wp\/v2\/types\/post"}],"author":[{"embeddable":true,"href":"https:\/\/radiorevelacionfm.cl\/index.php?rest_route=\/wp\/v2\/users\/1"}],"replies":[{"embeddable":true,"href":"https:\/\/radiorevelacionfm.cl\/index.php?rest_route=%2Fwp%2Fv2%2Fcomments&post=32344"}],"version-history":[{"count":1,"href":"https:\/\/radiorevelacionfm.cl\/index.php?rest_route=\/wp\/v2\/posts\/32344\/revisions"}],"predecessor-version":[{"id":32346,"href":"https:\/\/radiorevelacionfm.cl\/index.php?rest_route=\/wp\/v2\/posts\/32344\/revisions\/32346"}],"wp:featuredmedia":[{"embeddable":true,"href":"https:\/\/radiorevelacionfm.cl\/index.php?rest_route=\/wp\/v2\/media\/32345"}],"wp:attachment":[{"href":"https:\/\/radiorevelacionfm.cl\/index.php?rest_route=%2Fwp%2Fv2%2Fmedia&parent=32344"}],"wp:term":[{"taxonomy":"category","embeddable":true,"href":"https:\/\/radiorevelacionfm.cl\/index.php?rest_route=%2Fwp%2Fv2%2Fcategories&post=32344"},{"taxonomy":"post_tag","embeddable":true,"href":"https:\/\/radiorevelacionfm.cl\/index.php?rest_route=%2Fwp%2Fv2%2Ftags&post=32344"}],"curies":[{"name":"wp","href":"https:\/\/api.w.org\/{rel}","templated":true}]}}