{"id":32338,"date":"2023-06-22T22:40:06","date_gmt":"2023-06-23T01:40:06","guid":{"rendered":"https:\/\/radiorevelacionfm.cl\/?p=32338"},"modified":"2023-06-22T22:40:06","modified_gmt":"2023-06-23T01:40:06","slug":"ampliacion-de-parque-eolico-alto-baguales-obtiene-rca-y-proyecta-inicio-de-obras-hacia-fines-de-ano","status":"publish","type":"post","link":"https:\/\/radiorevelacionfm.cl\/?p=32338","title":{"rendered":"Ampliaci\u00f3n de Parque E\u00f3lico Alto Baguales obtiene RCA y proyecta inicio de obras hacia fines de a\u00f1o"},"content":{"rendered":"<div class=\"flex_column av_one_full  flex_column_div av-zero-column-padding first  avia-builder-el-0  el_before_av_one_full  avia-builder-el-first  \" style='border-radius:0px; '><div  class='avia-image-container  av-styling-    avia-builder-el-1  avia-builder-el-no-sibling  avia-align-center '  itemprop=\"image\" itemscope=\"itemscope\" itemtype=\"https:\/\/schema.org\/ImageObject\"  ><div class='avia-image-container-inner'><div class='avia-image-overlay-wrap'><img decoding=\"async\" class='wp-image-32339 avia-img-lazy-loading-not-32339 avia_image' src=\"https:\/\/radiorevelacionfm.cl\/wp-content\/uploads\/2023\/06\/Alto-Baguales-1-1.jpg\" alt='' title='Alto Baguales (1) (1)' height=\"600\" width=\"705\"  itemprop=\"thumbnailUrl\" srcset=\"https:\/\/radiorevelacionfm.cl\/wp-content\/uploads\/2023\/06\/Alto-Baguales-1-1.jpg 705w, https:\/\/radiorevelacionfm.cl\/wp-content\/uploads\/2023\/06\/Alto-Baguales-1-1-300x255.jpg 300w, https:\/\/radiorevelacionfm.cl\/wp-content\/uploads\/2023\/06\/Alto-Baguales-1-1-450x383.jpg 450w, https:\/\/radiorevelacionfm.cl\/wp-content\/uploads\/2023\/06\/Alto-Baguales-1-1-600x511.jpg 600w\" sizes=\"(max-width: 705px) 100vw, 705px\" \/><\/div><\/div><\/div><\/div><div class=\"flex_column av_one_full  flex_column_div av-zero-column-padding first  avia-builder-el-2  el_after_av_one_full  el_before_av_one_full  column-top-margin\" style='border-radius:0px; '><section class=\"av_textblock_section \"  itemscope=\"itemscope\" itemtype=\"https:\/\/schema.org\/BlogPosting\" itemprop=\"blogPost\" ><div class='avia_textblock  '   itemprop=\"text\" ><p style=\"text-align: center;\"><strong><span style=\"font-size: 18pt;\">Ampliaci\u00f3n de Parque E\u00f3lico Alto Baguales obtiene RCA y proyecta inicio de obras hacia fines de a\u00f1o<\/span><\/strong><\/p>\n<div id=\"gtx-trans\" style=\"position: absolute; left: -50px; top: 4.31534px;\">\n<div class=\"gtx-trans-icon\"><\/div>\n<\/div>\n<\/div><\/section><\/div><div class=\"flex_column av_one_full  flex_column_div av-zero-column-padding first  avia-builder-el-4  el_after_av_one_full  el_before_av_hr  column-top-margin\" style='border-radius:0px; '><section class=\"av_textblock_section \"  itemscope=\"itemscope\" itemtype=\"https:\/\/schema.org\/BlogPosting\" itemprop=\"blogPost\" ><div class='avia_textblock  '   itemprop=\"text\" ><p style=\"text-align: justify;\">La Comisi\u00f3n de Evaluaci\u00f3n Ambiental de la Regi\u00f3n de Ays\u00e9n calific\u00f3 como favorable el proyecto de Ampliaci\u00f3n del Parque E\u00f3lico Alto Baguales.<\/p>\n<p style=\"text-align: justify;\">La iniciativa, que contempla una inversi\u00f3n de US$ 30 millones, considera la ampliaci\u00f3n de la capacidad de generaci\u00f3n a 32,2 MW. Esto, dependiendo de las condiciones clim\u00e1ticas, permitir\u00e1 evitar el uso de m\u00e1s de 24 millones de litros de di\u00e9sel para generar electricidad.<\/p>\n<p style=\"text-align: justify;\">\u201cBuscamos llegar a 10 aerogeneradores en total. Esto se logra reemplazando los tres aerogeneradores originales, del a\u00f1o 2001, por dos nuevos, manteniendo los dos aerogeneradores Enercon del a\u00f1o 2017 e integrando seis turbinas nuevas adicionales. Con ello, generaremos energ\u00eda limpia y sustentable para sostener tarifas adecuadas de climatizaci\u00f3n el\u00e9ctrica, agua caliente sanitaria y electromovilidad, adem\u00e1s de seguir apoyando el avance en el reemplazo de la le\u00f1a para a la descontaminaci\u00f3n de Coyhaique, iniciativa que seguramente muchos recordar\u00e1n, estamos impulsando desde hace varios a\u00f1os\u201d, explic\u00f3 el gerente zonal de Edelaysen, Leonardo Mor\u00e1n.<\/p>\n<p style=\"text-align: justify;\">El Parque E\u00f3lico Alto Baguales, ubicado a casi 7 kil\u00f3metros de la ciudad de Coyhaique, en el camino a Ays\u00e9n, entr\u00f3 en operaci\u00f3n en noviembre de 2001 y, actualmente, tiene una potencia total instalada de 3,78 MW. Con las obras de ampliaci\u00f3n, que esperan iniciar el cuarto trimestre del 2023, se duplicar\u00e1 la capacidad de generaci\u00f3n renovable de la regi\u00f3n.<\/p>\n<p style=\"text-align: justify;\">En tanto, el seremi de Energ\u00eda de Ays\u00e9n, Carlos D\u00edaz, recalc\u00f3 que \u201cel sistema el\u00e9ctrico de Ays\u00e9n, que conecta a Coyhaique, Puerto Ays\u00e9n y otras localidades, gener\u00f3 el a\u00f1o pasado un 40% de su energ\u00eda con di\u00e9sel. Para nosotros, como gobierno y como ministerio de Energ\u00eda, nos duele tener esa estad\u00edstica. La descarbonizaci\u00f3n para mitigar los efectos del cambio clim\u00e1tico es important\u00edsima. Por eso valoramos que el proyecto de ampliaci\u00f3n del Parque E\u00f3lico Alto Baguales haya pasado exitosamente la tramitaci\u00f3n ambiental. Necesitamos urgentemente descarbonizar nuestra matriz energ\u00e9tica. Adem\u00e1s, se espera que el proyecto otorgue mayor estabilidad al sistema el\u00e9ctrico mediante la instalaci\u00f3n de grandes bater\u00edas de litio\u201d.<\/p>\n<p style=\"text-align: justify;\">Por otra parte, el ejecutivo de la empresa el\u00e9ctrica indic\u00f3 que \u201cestamos comprometidos con la comunidad y con el desarrollo de proyectos en armon\u00eda con el entorno. En ese contexto, tenemos planificadas una serie de acciones para seguir dando a conocer los alcances del proyecto, no solo a los vecinos y comunidades aleda\u00f1as, sino que tambi\u00e9n a todos quienes tengan dudas sobre c\u00f3mo ser\u00e1 el proceso constructivo. As\u00ed, buscaremos dar respuesta a dudas o preocupaciones que puedan surgir en un espacio de di\u00e1logo y al mismo tiempo entregar la certeza, que los diversos aspectos claves del proyecto, como por ejemplo el transporte de carga pesada, est\u00e1n bien estudiados y planificados, para que los impactos sean menores\u201d.<\/p>\n<p style=\"text-align: justify;\">Finalmente, desde Edelaysen indicaron que el proyecto de ampliaci\u00f3n significar\u00e1 la generaci\u00f3n de cerca de 90 empleos directos e indirectos durante el proceso de construcci\u00f3n, as\u00ed como de una serie de compromisos ambientales voluntarios en pro de la comunidad y entorno.<\/p>\n<\/div><\/section><\/div><div  style='height:50px' class='hr hr-invisible   avia-builder-el-6  el_after_av_one_full  el_before_av_social_share '><span class='hr-inner ' ><span class='hr-inner-style'><\/span><\/span><\/div><\/p>\n<div  class='av-social-sharing-box  avia-builder-el-7  el_after_av_hr  el_before_av_hr  '><div class='av-share-box'><h5 class='av-share-link-description av-no-toc '>Compartir esta noticia<\/h5><ul class='av-share-box-list noLightbox'><li class='av-share-link av-social-link-facebook' ><a target=\"_blank\" aria-label=\"Compartir en Facebook\" href='https:\/\/www.facebook.com\/sharer.php?u=https:\/\/radiorevelacionfm.cl\/?p=32338&#038;t=Ampliaci%C3%B3n%20de%20Parque%20E%C3%B3lico%20Alto%20Baguales%20obtiene%20RCA%20y%20proyecta%20inicio%20de%20obras%20hacia%20fines%20de%20a%C3%B1o' aria-hidden='false' data-av_icon='\ue8f3' data-av_iconfont='entypo-fontello' title='' data-avia-related-tooltip='Compartir en Facebook' rel=\"noopener\"><span class='avia_hidden_link_text'>Compartir en Facebook<\/span><\/a><\/li><li class='av-share-link av-social-link-twitter' ><a target=\"_blank\" aria-label=\"Compartir en Twitter\" href='https:\/\/twitter.com\/share?text=Ampliaci%C3%B3n%20de%20Parque%20E%C3%B3lico%20Alto%20Baguales%20obtiene%20RCA%20y%20proyecta%20inicio%20de%20obras%20hacia%20fines%20de%20a%C3%B1o&#038;url=https:\/\/radiorevelacionfm.cl\/?p=32338' aria-hidden='false' data-av_icon='\ue8f1' data-av_iconfont='entypo-fontello' title='' data-avia-related-tooltip='Compartir en Twitter' rel=\"noopener\"><span class='avia_hidden_link_text'>Compartir en Twitter<\/span><\/a><\/li><li class='av-share-link av-social-link-whatsapp' ><a target=\"_blank\" aria-label=\"Compartir en Whatsapp\" href='https:\/\/api.whatsapp.com\/send?text=https:\/\/radiorevelacionfm.cl\/?p=32338' aria-hidden='false' data-av_icon='\uf232' data-av_iconfont='entypo-fontello' title='' data-avia-related-tooltip='Compartir en Whatsapp' rel=\"noopener\"><span class='avia_hidden_link_text'>Compartir en Whatsapp<\/span><\/a><\/li><li class='av-share-link av-social-link-linkedin' ><a target=\"_blank\" aria-label=\"Compartir en LinkedIn\" href='https:\/\/linkedin.com\/shareArticle?mini=true&#038;title=Ampliaci%C3%B3n%20de%20Parque%20E%C3%B3lico%20Alto%20Baguales%20obtiene%20RCA%20y%20proyecta%20inicio%20de%20obras%20hacia%20fines%20de%20a%C3%B1o&#038;url=https:\/\/radiorevelacionfm.cl\/?p=32338' aria-hidden='false' data-av_icon='\ue8fc' data-av_iconfont='entypo-fontello' title='' data-avia-related-tooltip='Compartir en LinkedIn' rel=\"noopener\"><span class='avia_hidden_link_text'>Compartir en LinkedIn<\/span><\/a><\/li><li class='av-share-link av-social-link-mail' ><a  aria-label=\"Compartir por correo\" href='mailto:?subject=Ampliaci%C3%B3n%20de%20Parque%20E%C3%B3lico%20Alto%20Baguales%20obtiene%20RCA%20y%20proyecta%20inicio%20de%20obras%20hacia%20fines%20de%20a%C3%B1o&#038;body=https:\/\/radiorevelacionfm.cl\/?p=32338' aria-hidden='false' data-av_icon='\ue805' data-av_iconfont='entypo-fontello' title='' data-avia-related-tooltip='Compartir por correo'><span class='avia_hidden_link_text'>Compartir por correo<\/span><\/a><\/li><\/ul><\/div><\/div>\n<div  style='height:50px' class='hr hr-invisible   avia-builder-el-8  el_after_av_social_share  el_before_av_comments_list '><span class='hr-inner ' ><span class='hr-inner-style'><\/span><\/span><\/div>\n<div  class='av-buildercomment  av-blog-meta-html-info-disabled av-blog-meta-tag-disabled  '><\/div>\n","protected":false},"excerpt":{"rendered":"","protected":false},"author":1,"featured_media":32339,"comment_status":"open","ping_status":"open","sticky":false,"template":"","format":"standard","meta":{"footnotes":""},"categories":[38],"tags":[],"class_list":["post-32338","post","type-post","status-publish","format-standard","has-post-thumbnail","hentry","category-regional"],"jetpack_featured_media_url":"https:\/\/radiorevelacionfm.cl\/wp-content\/uploads\/2023\/06\/Alto-Baguales-1-1.jpg","_links":{"self":[{"href":"https:\/\/radiorevelacionfm.cl\/index.php?rest_route=\/wp\/v2\/posts\/32338","targetHints":{"allow":["GET"]}}],"collection":[{"href":"https:\/\/radiorevelacionfm.cl\/index.php?rest_route=\/wp\/v2\/posts"}],"about":[{"href":"https:\/\/radiorevelacionfm.cl\/index.php?rest_route=\/wp\/v2\/types\/post"}],"author":[{"embeddable":true,"href":"https:\/\/radiorevelacionfm.cl\/index.php?rest_route=\/wp\/v2\/users\/1"}],"replies":[{"embeddable":true,"href":"https:\/\/radiorevelacionfm.cl\/index.php?rest_route=%2Fwp%2Fv2%2Fcomments&post=32338"}],"version-history":[{"count":1,"href":"https:\/\/radiorevelacionfm.cl\/index.php?rest_route=\/wp\/v2\/posts\/32338\/revisions"}],"predecessor-version":[{"id":32340,"href":"https:\/\/radiorevelacionfm.cl\/index.php?rest_route=\/wp\/v2\/posts\/32338\/revisions\/32340"}],"wp:featuredmedia":[{"embeddable":true,"href":"https:\/\/radiorevelacionfm.cl\/index.php?rest_route=\/wp\/v2\/media\/32339"}],"wp:attachment":[{"href":"https:\/\/radiorevelacionfm.cl\/index.php?rest_route=%2Fwp%2Fv2%2Fmedia&parent=32338"}],"wp:term":[{"taxonomy":"category","embeddable":true,"href":"https:\/\/radiorevelacionfm.cl\/index.php?rest_route=%2Fwp%2Fv2%2Fcategories&post=32338"},{"taxonomy":"post_tag","embeddable":true,"href":"https:\/\/radiorevelacionfm.cl\/index.php?rest_route=%2Fwp%2Fv2%2Ftags&post=32338"}],"curies":[{"name":"wp","href":"https:\/\/api.w.org\/{rel}","templated":true}]}}