{"id":32335,"date":"2023-06-23T11:47:52","date_gmt":"2023-06-23T14:47:52","guid":{"rendered":"https:\/\/radiorevelacionfm.cl\/?p=32335"},"modified":"2023-06-23T11:47:52","modified_gmt":"2023-06-23T14:47:52","slug":"universidad-de-aysen-realiza-xiv-sesion-del-consejo-social","status":"publish","type":"post","link":"https:\/\/radiorevelacionfm.cl\/?p=32335","title":{"rendered":"Universidad de Ays\u00e9n realiza XIV Sesi\u00f3n del Consejo Social"},"content":{"rendered":"<div class=\"flex_column av_one_full  flex_column_div av-zero-column-padding first  avia-builder-el-0  el_before_av_one_full  avia-builder-el-first  \" style='border-radius:0px; '><div  class='avia-image-container  av-styling-    avia-builder-el-1  avia-builder-el-no-sibling  avia-align-center '  itemprop=\"image\" itemscope=\"itemscope\" itemtype=\"https:\/\/schema.org\/ImageObject\"  ><div class='avia-image-container-inner'><div class='avia-image-overlay-wrap'><img decoding=\"async\" class='wp-image-32336 avia-img-lazy-loading-not-32336 avia_image' src=\"https:\/\/radiorevelacionfm.cl\/wp-content\/uploads\/2023\/06\/consejo-social-1-1.jpg\" alt='' title='consejo social (1) (1)' height=\"600\" width=\"1173\"  itemprop=\"thumbnailUrl\" srcset=\"https:\/\/radiorevelacionfm.cl\/wp-content\/uploads\/2023\/06\/consejo-social-1-1.jpg 1173w, https:\/\/radiorevelacionfm.cl\/wp-content\/uploads\/2023\/06\/consejo-social-1-1-300x153.jpg 300w, https:\/\/radiorevelacionfm.cl\/wp-content\/uploads\/2023\/06\/consejo-social-1-1-1030x527.jpg 1030w, https:\/\/radiorevelacionfm.cl\/wp-content\/uploads\/2023\/06\/consejo-social-1-1-768x393.jpg 768w, https:\/\/radiorevelacionfm.cl\/wp-content\/uploads\/2023\/06\/consejo-social-1-1-705x361.jpg 705w, https:\/\/radiorevelacionfm.cl\/wp-content\/uploads\/2023\/06\/consejo-social-1-1-450x230.jpg 450w, https:\/\/radiorevelacionfm.cl\/wp-content\/uploads\/2023\/06\/consejo-social-1-1-600x307.jpg 600w\" sizes=\"(max-width: 1173px) 100vw, 1173px\" \/><\/div><\/div><\/div><\/div><div class=\"flex_column av_one_full  flex_column_div av-zero-column-padding first  avia-builder-el-2  el_after_av_one_full  el_before_av_one_full  column-top-margin\" style='border-radius:0px; '><section class=\"av_textblock_section \"  itemscope=\"itemscope\" itemtype=\"https:\/\/schema.org\/BlogPosting\" itemprop=\"blogPost\" ><div class='avia_textblock  '   itemprop=\"text\" ><p style=\"text-align: center;\"><strong><span style=\"font-size: 18pt;\">Universidad de Ays\u00e9n realiza XIV Sesi\u00f3n del Consejo Social <\/span><\/strong><\/p>\n<div id=\"gtx-trans\" style=\"position: absolute; left: -50px; top: 4.31534px;\">\n<div class=\"gtx-trans-icon\"><\/div>\n<\/div>\n<\/div><\/section><\/div><div class=\"flex_column av_one_full  flex_column_div av-zero-column-padding first  avia-builder-el-4  el_after_av_one_full  el_before_av_hr  column-top-margin\" style='border-radius:0px; '><section class=\"av_textblock_section \"  itemscope=\"itemscope\" itemtype=\"https:\/\/schema.org\/BlogPosting\" itemprop=\"blogPost\" ><div class='avia_textblock  '   itemprop=\"text\" ><p style=\"text-align: justify;\">Con la presencia de aproximadamente 40 personas se realiz\u00f3 la sesi\u00f3n del Consejo Social de la Universidad de Ays\u00e9n, que incluy\u00f3 la participaci\u00f3n de consejeros, consejeras, acad\u00e9micos y acad\u00e9micas que trabajaron bajo la metodolog\u00eda working coffee- que fomenta el di\u00e1logo significativo en torno a determinadas preguntas,\u00a0 permitiendo generar ideas, acuerdos y acciones creativas e innovadoras.<\/p>\n<p style=\"text-align: justify;\">El Consejo Social es un organismo consultivo y su finalidad es mantener informada la rector\u00eda y al Consejo Superior sobre las necesidades y problem\u00e1ticas efectivas de la regi\u00f3n, as\u00ed como de sus principales planes de desarrollo. Adem\u00e1s, contribuye a fortalecer los v\u00ednculos con la comunidad regional, facilitando su articulaci\u00f3n con las diversas l\u00edneas de trabajo que genera la universidad, reconociendo las potencialidades de desarrollo y progreso mutuo.<\/p>\n<p style=\"text-align: justify;\">Johnny Valencia, director de Vinculaci\u00f3n con el Medio, destaca que el Consejo social se constituye como un mecanismo claro, concreto y maduro de convergencia entre el quehacer universitario y los actores relevantes y que involucra a la universidad. \u201cLa relevancia de la esta sesi\u00f3n fue primero, la metodolog\u00eda utilizada. Desde la Academia se indaga sobre las necesidades que hay con los actores territoriales y finalmente, c\u00f3mo se trabaja de forma conjunta en retroalimentar el sistema y el modelo de gesti\u00f3n de vinculaci\u00f3n de la universidad. Seguimos manteniendo la retroalimentaci\u00f3n del sistema y del medio externo para poder continuar fortaleciendo el medio interno. En cuanto a docencia, investigaci\u00f3n y actividades de prop\u00f3sito institucional.<\/p>\n<p style=\"text-align: justify;\">En la jornada se present\u00f3 el modelo de gesti\u00f3n de Vinculaci\u00f3n con el Medio, el proyecto Piloto Centros, de la Direcci\u00f3n de Investigaci\u00f3n, (que incluye el proyecto PUENTES de Investigaci\u00f3n en Salud, el Centro piloto Valoraci\u00f3n del Patrimonio Micol\u00f3gico de la<\/p>\n<p style=\"text-align: justify;\">Patagonia-Ays\u00e9n y el Centro piloto Innovaci\u00f3n e Incubadora de Ideas UAys\u00e9n), el proyecto de Sustentabilidad y la presentaci\u00f3n del N\u00facleo acad\u00e9mico de Infancias y Juventudes.<\/p>\n<p style=\"text-align: justify;\">Para Laura S\u00e1nchez, vicepresidenta del Consejo Social de la UAys\u00e9n, \u201ceste Consejo tiene la particularidad de que se est\u00e1n tratando una amplitud de temas, una gran amplitud de temas y que podemos empezar a reconectar con las acciones que est\u00e1 llevando a cabo la Universidad de Ays\u00e9n y que se pueda escuchar y tomarle la temperatura a c\u00f3mo estas iniciativas est\u00e1n llegando a la a la comunidad\u201d.<\/p>\n<p style=\"text-align: justify;\">Magdalena Rosas, directora Escuela de M\u00fasica Coyhaique, se\u00f1ala que \u201ccreo que esto es fundamental. Lo que hemos visto en la sesi\u00f3n es una experiencia muy importante y la discusi\u00f3n, el trabajo de la conversaci\u00f3n con la comunidad es clave para que nosotros podamos tambi\u00e9n compartir con la comunidad lo que es la universidad\u201d.<\/p>\n<p style=\"text-align: justify;\">Elizabeth Ulloa, acad\u00e9mica del departamento de Ciencias Naturales de la UAys\u00e9n, present\u00f3 ante el Consejo Social el proyecto que lidera: Centro Interdisciplinar de Innovaci\u00f3n e Incubadora de Ideas UAys\u00e9n, que busca Implementar un modelo de fomento de la innovaci\u00f3n que dialogue con las pol\u00edticas, instrumentos, y capacidades en investigaci\u00f3n, desarrollo, transferencia tecnol\u00f3gica e innovaci\u00f3n social y privada, en pos del desarrollo tanto de la Universidad como de la Regi\u00f3n de Ays\u00e9n. \u201cEs s\u00faper importante porque el proyecto tiene actores territoriales claves, donde busca tambi\u00e9n validar los conocimientos, por lo tanto, dando a conocer con esta iniciativa tambi\u00e9n se hace un proceso de difusi\u00f3n y de conocimiento de cu\u00e1les son las estrategias que a nivel institucional se est\u00e1n llevando a cabo para difundir la investigaci\u00f3n que se hace en la universidad o que se hace en otras instituciones, pero que la universidad busca que lleguen al territorio\u201d.<\/p>\n<p style=\"text-align: justify;\">Patricio Segura, director de Corporaci\u00f3n privada para el desarrollo de Ays\u00e9n, valor\u00f3 la instancia. \u201cEs importante porque pudimos conocer de mejor forma lo que se est\u00e1 realizando en la universidad. Hay varias investigaciones, de frontera, bastante importantes, que nos permiten ser agentes que puedan difundir eso tambi\u00e9n\u201d, indic\u00f3.<\/p>\n<p style=\"text-align: justify;\">Patricio Sanhueza, seremi Obras P\u00fablicas, destac\u00f3 que \u201cpara nosotros es importante contribuir a apoyarnos, desde nuestras miradas, desde nuestra perspectiva, as\u00ed que tenemos primero, el compromiso como habitantes de ays\u00e9n por la propia Universidad, pero tambi\u00e9n el compromiso de nosotros como gobierno estamos muy, muy interesados en poder aportar y contribuir.<\/p>\n<p style=\"text-align: justify;\">La pr\u00f3xima sesi\u00f3n del Consejo Social de la Universidad de Ays\u00e9n se realizar\u00e1 durante el segundo semestre.<\/p>\n<\/div><\/section><\/div><div  style='height:50px' class='hr hr-invisible   avia-builder-el-6  el_after_av_one_full  el_before_av_social_share '><span class='hr-inner ' ><span class='hr-inner-style'><\/span><\/span><\/div><\/p>\n<div  class='av-social-sharing-box  avia-builder-el-7  el_after_av_hr  el_before_av_hr  '><div class='av-share-box'><h5 class='av-share-link-description av-no-toc '>Compartir esta noticia<\/h5><ul class='av-share-box-list noLightbox'><li class='av-share-link av-social-link-facebook' ><a target=\"_blank\" aria-label=\"Compartir en Facebook\" href='https:\/\/www.facebook.com\/sharer.php?u=https:\/\/radiorevelacionfm.cl\/?p=32335&#038;t=Universidad%20de%20Ays%C3%A9n%20realiza%20XIV%20Sesi%C3%B3n%20del%20Consejo%20Social' aria-hidden='false' data-av_icon='\ue8f3' data-av_iconfont='entypo-fontello' title='' data-avia-related-tooltip='Compartir en Facebook' rel=\"noopener\"><span class='avia_hidden_link_text'>Compartir en Facebook<\/span><\/a><\/li><li class='av-share-link av-social-link-twitter' ><a target=\"_blank\" aria-label=\"Compartir en Twitter\" href='https:\/\/twitter.com\/share?text=Universidad%20de%20Ays%C3%A9n%20realiza%20XIV%20Sesi%C3%B3n%20del%20Consejo%20Social&#038;url=https:\/\/radiorevelacionfm.cl\/?p=32335' aria-hidden='false' data-av_icon='\ue8f1' data-av_iconfont='entypo-fontello' title='' data-avia-related-tooltip='Compartir en Twitter' rel=\"noopener\"><span class='avia_hidden_link_text'>Compartir en Twitter<\/span><\/a><\/li><li class='av-share-link av-social-link-whatsapp' ><a target=\"_blank\" aria-label=\"Compartir en Whatsapp\" href='https:\/\/api.whatsapp.com\/send?text=https:\/\/radiorevelacionfm.cl\/?p=32335' aria-hidden='false' data-av_icon='\uf232' data-av_iconfont='entypo-fontello' title='' data-avia-related-tooltip='Compartir en Whatsapp' rel=\"noopener\"><span class='avia_hidden_link_text'>Compartir en Whatsapp<\/span><\/a><\/li><li class='av-share-link av-social-link-linkedin' ><a target=\"_blank\" aria-label=\"Compartir en LinkedIn\" href='https:\/\/linkedin.com\/shareArticle?mini=true&#038;title=Universidad%20de%20Ays%C3%A9n%20realiza%20XIV%20Sesi%C3%B3n%20del%20Consejo%20Social&#038;url=https:\/\/radiorevelacionfm.cl\/?p=32335' aria-hidden='false' data-av_icon='\ue8fc' data-av_iconfont='entypo-fontello' title='' data-avia-related-tooltip='Compartir en LinkedIn' rel=\"noopener\"><span class='avia_hidden_link_text'>Compartir en LinkedIn<\/span><\/a><\/li><li class='av-share-link av-social-link-mail' ><a  aria-label=\"Compartir por correo\" href='mailto:?subject=Universidad%20de%20Ays%C3%A9n%20realiza%20XIV%20Sesi%C3%B3n%20del%20Consejo%20Social&#038;body=https:\/\/radiorevelacionfm.cl\/?p=32335' aria-hidden='false' data-av_icon='\ue805' data-av_iconfont='entypo-fontello' title='' data-avia-related-tooltip='Compartir por correo'><span class='avia_hidden_link_text'>Compartir por correo<\/span><\/a><\/li><\/ul><\/div><\/div>\n<div  style='height:50px' class='hr hr-invisible   avia-builder-el-8  el_after_av_social_share  el_before_av_comments_list '><span class='hr-inner ' ><span class='hr-inner-style'><\/span><\/span><\/div>\n<div  class='av-buildercomment  av-blog-meta-html-info-disabled av-blog-meta-tag-disabled  '><\/div>\n","protected":false},"excerpt":{"rendered":"","protected":false},"author":1,"featured_media":32336,"comment_status":"open","ping_status":"open","sticky":false,"template":"","format":"standard","meta":{"footnotes":""},"categories":[38],"tags":[],"class_list":["post-32335","post","type-post","status-publish","format-standard","has-post-thumbnail","hentry","category-regional"],"jetpack_featured_media_url":"https:\/\/radiorevelacionfm.cl\/wp-content\/uploads\/2023\/06\/consejo-social-1-1.jpg","_links":{"self":[{"href":"https:\/\/radiorevelacionfm.cl\/index.php?rest_route=\/wp\/v2\/posts\/32335","targetHints":{"allow":["GET"]}}],"collection":[{"href":"https:\/\/radiorevelacionfm.cl\/index.php?rest_route=\/wp\/v2\/posts"}],"about":[{"href":"https:\/\/radiorevelacionfm.cl\/index.php?rest_route=\/wp\/v2\/types\/post"}],"author":[{"embeddable":true,"href":"https:\/\/radiorevelacionfm.cl\/index.php?rest_route=\/wp\/v2\/users\/1"}],"replies":[{"embeddable":true,"href":"https:\/\/radiorevelacionfm.cl\/index.php?rest_route=%2Fwp%2Fv2%2Fcomments&post=32335"}],"version-history":[{"count":1,"href":"https:\/\/radiorevelacionfm.cl\/index.php?rest_route=\/wp\/v2\/posts\/32335\/revisions"}],"predecessor-version":[{"id":32337,"href":"https:\/\/radiorevelacionfm.cl\/index.php?rest_route=\/wp\/v2\/posts\/32335\/revisions\/32337"}],"wp:featuredmedia":[{"embeddable":true,"href":"https:\/\/radiorevelacionfm.cl\/index.php?rest_route=\/wp\/v2\/media\/32336"}],"wp:attachment":[{"href":"https:\/\/radiorevelacionfm.cl\/index.php?rest_route=%2Fwp%2Fv2%2Fmedia&parent=32335"}],"wp:term":[{"taxonomy":"category","embeddable":true,"href":"https:\/\/radiorevelacionfm.cl\/index.php?rest_route=%2Fwp%2Fv2%2Fcategories&post=32335"},{"taxonomy":"post_tag","embeddable":true,"href":"https:\/\/radiorevelacionfm.cl\/index.php?rest_route=%2Fwp%2Fv2%2Ftags&post=32335"}],"curies":[{"name":"wp","href":"https:\/\/api.w.org\/{rel}","templated":true}]}}