{"id":3233,"date":"2021-04-18T16:12:19","date_gmt":"2021-04-18T19:12:19","guid":{"rendered":"https:\/\/radiorevelacionfm.cl\/?p=3233"},"modified":"2021-04-18T19:23:24","modified_gmt":"2021-04-18T22:23:24","slug":"ante-visita-del-ministro-del-mop-sandoval-insiste-en-necesidad-de-avanzar-en-mas-kilometros-de-pavimentos-en-la-ruta-7-sur","status":"publish","type":"post","link":"https:\/\/radiorevelacionfm.cl\/?p=3233","title":{"rendered":"Sandoval insiste en necesidad de avanzar en m\u00e1s kil\u00f3metros de pavimentos en la ruta 7 sur"},"content":{"rendered":"<div class=\"flex_column av_one_full  flex_column_div av-zero-column-padding first  avia-builder-el-0  el_before_av_one_full  avia-builder-el-first  \" style='border-radius:0px; '><div  class='avia-image-container  av-styling-    avia-builder-el-1  avia-builder-el-no-sibling  avia-align-center '  itemprop=\"image\" itemscope=\"itemscope\" itemtype=\"https:\/\/schema.org\/ImageObject\"  ><div class='avia-image-container-inner'><div class='avia-image-overlay-wrap'><img decoding=\"async\" class='wp-image-0 avia-img-lazy-loading-not-0 avia_image' src=\"https:\/\/radiorevelacionfm.cl\/wp-content\/uploads\/2021\/04\/senador-sandoval-abril-2021_optimized.jpg\" alt='' title=''   itemprop=\"thumbnailUrl\"  \/><\/div><\/div><\/div><\/div>\n<div class=\"flex_column av_one_full  flex_column_div av-zero-column-padding first  avia-builder-el-2  el_after_av_one_full  el_before_av_one_full  column-top-margin\" style='border-radius:0px; '><section class=\"av_textblock_section \"  itemscope=\"itemscope\" itemtype=\"https:\/\/schema.org\/BlogPosting\" itemprop=\"blogPost\" ><div class='avia_textblock  '   itemprop=\"text\" ><p style=\"text-align: center;\"><strong><span style=\"font-size: 18pt;\">Sandoval insiste en necesidad de avanzar en m\u00e1s kil\u00f3metros de pavimentos en la ruta 7 sur <\/span><\/strong><\/p>\n<div id=\"gtx-trans\" style=\"position: absolute; left: -50px; top: 4.31534px;\">\n<div class=\"gtx-trans-icon\"><\/div>\n<\/div>\n<\/div><\/section><\/div><div class=\"flex_column av_one_full  flex_column_div av-zero-column-padding first  avia-builder-el-4  el_after_av_one_full  el_before_av_hr  column-top-margin\" style='border-radius:0px; '><section class=\"av_textblock_section \"  itemscope=\"itemscope\" itemtype=\"https:\/\/schema.org\/BlogPosting\" itemprop=\"blogPost\" ><div class='avia_textblock  '   itemprop=\"text\" ><p style=\"text-align: justify;\">Parlamentario destac\u00f3 el trabajo desarrollado por el actual Gobierno en pavimentar 100 Km. de la Carretera Austral en la regi\u00f3n, pero considera que se debe hacer un esfuerzo similar en la parte sur del camino, lo cual debe quedar plasmado en el Presupuesto 2022.<\/p>\n<p style=\"text-align: justify;\">El senador David Sandoval, insisti\u00f3 en la necesidad de avanzar en m\u00e1s kil\u00f3metros de pavimentos en la ruta 7 sur durante la pr\u00f3xima administraci\u00f3n, lo cual debe quedar establecido en la discusi\u00f3n presupuestaria del presente a\u00f1o.<\/p>\n<p style=\"text-align: justify;\">En ese sentido Sandoval destac\u00f3 el compromiso del actual Gobierno de pavimentar cien kil\u00f3metros de la Carretera Austral, tramo en su tramo norte como sur en la regi\u00f3n de Ays\u00e9n, lo cual se ha realizado en gran parte y lo que no, est\u00e1 terminado est\u00e1 en fase de construcci\u00f3n o en etapas de contrataciones finales. \u201cPor lo tanto, la promesa que hizo el presidente Sebasti\u00e1n Pi\u00f1era, se va a cumplir y nos alegramos por eso\u201d, indic\u00f3.<\/p>\n<p style=\"text-align: justify;\">Por ello, es que ante la presentaci\u00f3n que se debe hacer del Presupuesto 2022, es que el parlamentario considera fundamental que se fijen hoy los nuevos desaf\u00edos en materia de construcci\u00f3n de la ruta 7 hacia la zona sur. \u201cCreemos que si en estos cuatro a\u00f1os se han pavimentado cien kil\u00f3metros, es absolutamente factible hacer m\u00e1s hacia el sur, cuya construcci\u00f3n no tiene nada que ver con las complejidades que tiene la zona norte. Por lo tanto, la probabilidad de avanzar en este tema es absolutamente cierto\u201d, se\u00f1al\u00f3.<\/p>\n<p style=\"text-align: justify;\">En ese contexto, el legislador insiste que todos los actores locales, es decir, alcaldes, concejales, consejeros regionales, el Gobierno Regional, etc., deben comprometerse para lograr que \u201ceste nuevo desaf\u00edo, est\u00e9 contenido\u201d en el pr\u00f3ximo presupuesto de la naci\u00f3n.<\/p>\n<p style=\"text-align: justify;\">Lo anterior, pues considera que el impacto que tendr\u00e1 para las comunidades del sur de la regi\u00f3n, ser\u00e1 muy relevante. \u201cSi logr\u00e1semos que a lo menos 120 km. se pavimenten hacia el sur, eso significan que tendr\u00edamos 270 Km. de pavimentos, es decir, vamos a estar pr\u00e1cticamente en las puertas de Cochrane y, por lo tanto, en las puertas de un futuro totalmente distinto para las comunas de R\u00edo Ib\u00e1\u00f1ez, Chile Chico, Cochrane y por cierto, para Tortel y O\u00b4Higgins\u201d, puntualiz\u00f3.<\/p>\n<p style=\"text-align: justify;\">\u201cCon ello dar respuesta a un sue\u00f1o de muchas d\u00e9cadas. C\u00f3mo no recordar aquellos documentos que hablaban de caminos, caminos y m\u00e1s caminos. Hoy hay una gran tarea por delante y la regi\u00f3n lo merece y necesita\u201d, finaliz\u00f3 diciendo el senador Sandoval.<\/p>\n<\/div><\/section><\/div><div  style='height:50px' class='hr hr-invisible   avia-builder-el-6  el_after_av_one_full  el_before_av_social_share '><span class='hr-inner ' ><span class='hr-inner-style'><\/span><\/span><\/div><\/p>\n<div  class='av-social-sharing-box  avia-builder-el-7  el_after_av_hr  el_before_av_hr  '><div class='av-share-box'><h5 class='av-share-link-description av-no-toc '>Compartir esta noticia<\/h5><ul class='av-share-box-list noLightbox'><li class='av-share-link av-social-link-facebook' ><a target=\"_blank\" aria-label=\"Compartir en Facebook\" href='https:\/\/www.facebook.com\/sharer.php?u=https:\/\/radiorevelacionfm.cl\/?p=3233&#038;t=Sandoval%20insiste%20en%20necesidad%20de%20avanzar%20en%20m%C3%A1s%20kil%C3%B3metros%20de%20pavimentos%20en%20la%20ruta%207%20sur' aria-hidden='false' data-av_icon='\ue8f3' data-av_iconfont='entypo-fontello' title='' data-avia-related-tooltip='Compartir en Facebook' rel=\"noopener\"><span class='avia_hidden_link_text'>Compartir en Facebook<\/span><\/a><\/li><li class='av-share-link av-social-link-twitter' ><a target=\"_blank\" aria-label=\"Compartir en Twitter\" href='https:\/\/twitter.com\/share?text=Sandoval%20insiste%20en%20necesidad%20de%20avanzar%20en%20m%C3%A1s%20kil%C3%B3metros%20de%20pavimentos%20en%20la%20ruta%207%20sur&#038;url=https:\/\/radiorevelacionfm.cl\/?p=3233' aria-hidden='false' data-av_icon='\ue8f1' data-av_iconfont='entypo-fontello' title='' data-avia-related-tooltip='Compartir en Twitter' rel=\"noopener\"><span class='avia_hidden_link_text'>Compartir en Twitter<\/span><\/a><\/li><li class='av-share-link av-social-link-whatsapp' ><a target=\"_blank\" aria-label=\"Compartir en Whatsapp\" href='https:\/\/api.whatsapp.com\/send?text=https:\/\/radiorevelacionfm.cl\/?p=3233' aria-hidden='false' data-av_icon='\uf232' data-av_iconfont='entypo-fontello' title='' data-avia-related-tooltip='Compartir en Whatsapp' rel=\"noopener\"><span class='avia_hidden_link_text'>Compartir en Whatsapp<\/span><\/a><\/li><li class='av-share-link av-social-link-linkedin' ><a target=\"_blank\" aria-label=\"Compartir en LinkedIn\" href='https:\/\/linkedin.com\/shareArticle?mini=true&#038;title=Sandoval%20insiste%20en%20necesidad%20de%20avanzar%20en%20m%C3%A1s%20kil%C3%B3metros%20de%20pavimentos%20en%20la%20ruta%207%20sur&#038;url=https:\/\/radiorevelacionfm.cl\/?p=3233' aria-hidden='false' data-av_icon='\ue8fc' data-av_iconfont='entypo-fontello' title='' data-avia-related-tooltip='Compartir en LinkedIn' rel=\"noopener\"><span class='avia_hidden_link_text'>Compartir en LinkedIn<\/span><\/a><\/li><li class='av-share-link av-social-link-mail' ><a  aria-label=\"Compartir por correo\" href='mailto:?subject=Sandoval%20insiste%20en%20necesidad%20de%20avanzar%20en%20m%C3%A1s%20kil%C3%B3metros%20de%20pavimentos%20en%20la%20ruta%207%20sur&#038;body=https:\/\/radiorevelacionfm.cl\/?p=3233' aria-hidden='false' data-av_icon='\ue805' data-av_iconfont='entypo-fontello' title='' data-avia-related-tooltip='Compartir por correo'><span class='avia_hidden_link_text'>Compartir por correo<\/span><\/a><\/li><\/ul><\/div><\/div>\n<div  style='height:50px' class='hr hr-invisible   avia-builder-el-8  el_after_av_social_share  el_before_av_comments_list '><span class='hr-inner ' ><span class='hr-inner-style'><\/span><\/span><\/div>\n<div  class='av-buildercomment  av-blog-meta-html-info-disabled av-blog-meta-tag-disabled  '><\/div>\n","protected":false},"excerpt":{"rendered":"","protected":false},"author":1,"featured_media":0,"comment_status":"open","ping_status":"open","sticky":false,"template":"","format":"standard","meta":{"footnotes":""},"categories":[35],"tags":[],"class_list":["post-3233","post","type-post","status-publish","format-standard","hentry","category-politica"],"jetpack_featured_media_url":"","_links":{"self":[{"href":"https:\/\/radiorevelacionfm.cl\/index.php?rest_route=\/wp\/v2\/posts\/3233","targetHints":{"allow":["GET"]}}],"collection":[{"href":"https:\/\/radiorevelacionfm.cl\/index.php?rest_route=\/wp\/v2\/posts"}],"about":[{"href":"https:\/\/radiorevelacionfm.cl\/index.php?rest_route=\/wp\/v2\/types\/post"}],"author":[{"embeddable":true,"href":"https:\/\/radiorevelacionfm.cl\/index.php?rest_route=\/wp\/v2\/users\/1"}],"replies":[{"embeddable":true,"href":"https:\/\/radiorevelacionfm.cl\/index.php?rest_route=%2Fwp%2Fv2%2Fcomments&post=3233"}],"version-history":[{"count":3,"href":"https:\/\/radiorevelacionfm.cl\/index.php?rest_route=\/wp\/v2\/posts\/3233\/revisions"}],"predecessor-version":[{"id":3237,"href":"https:\/\/radiorevelacionfm.cl\/index.php?rest_route=\/wp\/v2\/posts\/3233\/revisions\/3237"}],"wp:attachment":[{"href":"https:\/\/radiorevelacionfm.cl\/index.php?rest_route=%2Fwp%2Fv2%2Fmedia&parent=3233"}],"wp:term":[{"taxonomy":"category","embeddable":true,"href":"https:\/\/radiorevelacionfm.cl\/index.php?rest_route=%2Fwp%2Fv2%2Fcategories&post=3233"},{"taxonomy":"post_tag","embeddable":true,"href":"https:\/\/radiorevelacionfm.cl\/index.php?rest_route=%2Fwp%2Fv2%2Ftags&post=3233"}],"curies":[{"name":"wp","href":"https:\/\/api.w.org\/{rel}","templated":true}]}}