{"id":32329,"date":"2023-06-22T21:46:23","date_gmt":"2023-06-23T00:46:23","guid":{"rendered":"https:\/\/radiorevelacionfm.cl\/?p=32329"},"modified":"2023-06-22T21:46:23","modified_gmt":"2023-06-23T00:46:23","slug":"impecable-partido-de-exhibicion-realizo-fernando-gonzalez-y-nicolas-massu-en-polideportivo-de-aysen","status":"publish","type":"post","link":"https:\/\/radiorevelacionfm.cl\/?p=32329","title":{"rendered":"Impecable partido de exhibici\u00f3n realiz\u00f3 Fernando Gonz\u00e1lez y Nicol\u00e1s Mass\u00fa en Polideportivo de Ays\u00e9n"},"content":{"rendered":"<div class=\"flex_column av_one_full  flex_column_div av-zero-column-padding first  avia-builder-el-0  el_before_av_one_full  avia-builder-el-first  \" style='border-radius:0px; '><div  class='avia-image-container  av-styling-    avia-builder-el-1  avia-builder-el-no-sibling  avia-align-center '  itemprop=\"image\" itemscope=\"itemscope\" itemtype=\"https:\/\/schema.org\/ImageObject\"  ><div class='avia-image-container-inner'><div class='avia-image-overlay-wrap'><img decoding=\"async\" class='wp-image-32330 avia-img-lazy-loading-not-32330 avia_image' src=\"https:\/\/radiorevelacionfm.cl\/wp-content\/uploads\/2023\/06\/fotografia-13-1_optimized.jpg\" alt='' title='fotograf\u00eda-(13)-(1)_optimized' height=\"600\" width=\"1104\"  itemprop=\"thumbnailUrl\" srcset=\"https:\/\/radiorevelacionfm.cl\/wp-content\/uploads\/2023\/06\/fotografia-13-1_optimized.jpg 1104w, https:\/\/radiorevelacionfm.cl\/wp-content\/uploads\/2023\/06\/fotografia-13-1_optimized-300x163.jpg 300w, https:\/\/radiorevelacionfm.cl\/wp-content\/uploads\/2023\/06\/fotografia-13-1_optimized-1030x560.jpg 1030w, https:\/\/radiorevelacionfm.cl\/wp-content\/uploads\/2023\/06\/fotografia-13-1_optimized-768x417.jpg 768w, https:\/\/radiorevelacionfm.cl\/wp-content\/uploads\/2023\/06\/fotografia-13-1_optimized-705x383.jpg 705w, https:\/\/radiorevelacionfm.cl\/wp-content\/uploads\/2023\/06\/fotografia-13-1_optimized-450x245.jpg 450w, https:\/\/radiorevelacionfm.cl\/wp-content\/uploads\/2023\/06\/fotografia-13-1_optimized-600x326.jpg 600w\" sizes=\"(max-width: 1104px) 100vw, 1104px\" \/><\/div><\/div><\/div><\/div><div class=\"flex_column av_one_full  flex_column_div av-zero-column-padding first  avia-builder-el-2  el_after_av_one_full  el_before_av_one_full  column-top-margin\" style='border-radius:0px; '><section class=\"av_textblock_section \"  itemscope=\"itemscope\" itemtype=\"https:\/\/schema.org\/BlogPosting\" itemprop=\"blogPost\" ><div class='avia_textblock  '   itemprop=\"text\" ><p style=\"text-align: center;\"><strong><span style=\"font-size: 18pt;\">Impecable partido de exhibici\u00f3n realiz\u00f3 Fernando Gonz\u00e1lez y Nicol\u00e1s Mass\u00fa en Polideportivo de Ays\u00e9n<\/span><\/strong><\/p>\n<div id=\"gtx-trans\" style=\"position: absolute; left: -50px; top: 4.31534px;\">\n<div class=\"gtx-trans-icon\"><\/div>\n<\/div>\n<\/div><\/section><\/div><div class=\"flex_column av_one_full  flex_column_div av-zero-column-padding first  avia-builder-el-4  el_after_av_one_full  el_before_av_hr  column-top-margin\" style='border-radius:0px; '><section class=\"av_textblock_section \"  itemscope=\"itemscope\" itemtype=\"https:\/\/schema.org\/BlogPosting\" itemprop=\"blogPost\" ><div class='avia_textblock  '   itemprop=\"text\" ><p style=\"text-align: justify;\">El emocionante encuentro deportivo que tuvo lugar en Puerto Ays\u00e9n entre las dos grandes figuras del tenis nacional, Fernando Gonz\u00e1lez y Nicol\u00e1s Mass\u00fa, fue todo un \u00e9xito. La instancia realizada en el Polideportivo 21 de abril y que cont\u00f3 con una gran asistencia de vecinas y vecinos, mantuvo a la comuna de Ays\u00e9n con esp\u00edritu deportivo. El d\u00eda anterior, se hab\u00eda realizado la Cl\u00ednica Deportiva con los destacados tenistas nacionales como exponentes ante una gran cantidad de ni\u00f1as, ni\u00f1os y adolescentes, que se reunieron para recibir sus concejos t\u00e9cnicos y de juego.<\/p>\n<p style=\"text-align: justify;\">El alcalde de Ays\u00e9n, Julio Uribe Alvarado, expres\u00f3 su satisfacci\u00f3n por el cierre de la Cl\u00ednica Deportiva, el partido de exhibici\u00f3n, y resalt\u00f3 la participaci\u00f3n de ni\u00f1as, ni\u00f1os y j\u00f3venes junto a estos campeones, quienes han obtenido reconocimiento a nivel mundial. La autoridad comunal afirma que el objetivo es seguir promoviendo eventos de este tipo, con la intenci\u00f3n de convertir a Ays\u00e9n en la capital del deporte, y buscando motivar y potenciar a la juventud.<\/p>\n<p style=\"text-align: justify;\">Por su parte, la gobernadora regional de Ays\u00e9n, Andrea Mac\u00edas Palma, se mostr\u00f3 entusiasmada por la presencia de estos destacados deportistas chilenos, quienes han llevado al pa\u00eds a grandes triunfos. Mac\u00edas Palma, destac\u00f3 la importancia de contar con espect\u00e1culos deportivos de alta calidad en Puerto Ays\u00e9n, gracias a la colaboraci\u00f3n entre el sector p\u00fablico y privado. Adem\u00e1s, agradeci\u00f3 al municipio y al alcalde Julio Uribe por su labor en la organizaci\u00f3n de este exitoso evento deportivo. Resaltando la importancia de acercar el deporte a la primera infancia y potenciar las distintas disciplinas deportivas en la regi\u00f3n.<\/p>\n<\/div><\/section><\/div><div  style='height:50px' class='hr hr-invisible   avia-builder-el-6  el_after_av_one_full  el_before_av_social_share '><span class='hr-inner ' ><span class='hr-inner-style'><\/span><\/span><\/div><\/p>\n<div  class='av-social-sharing-box  avia-builder-el-7  el_after_av_hr  el_before_av_hr  '><div class='av-share-box'><h5 class='av-share-link-description av-no-toc '>Compartir esta noticia<\/h5><ul class='av-share-box-list noLightbox'><li class='av-share-link av-social-link-facebook' ><a target=\"_blank\" aria-label=\"Compartir en Facebook\" href='https:\/\/www.facebook.com\/sharer.php?u=https:\/\/radiorevelacionfm.cl\/?p=32329&#038;t=Impecable%20partido%20de%20exhibici%C3%B3n%20realiz%C3%B3%20Fernando%20Gonz%C3%A1lez%20y%20Nicol%C3%A1s%20Mass%C3%BA%20en%20Polideportivo%20de%20Ays%C3%A9n' aria-hidden='false' data-av_icon='\ue8f3' data-av_iconfont='entypo-fontello' title='' data-avia-related-tooltip='Compartir en Facebook' rel=\"noopener\"><span class='avia_hidden_link_text'>Compartir en Facebook<\/span><\/a><\/li><li class='av-share-link av-social-link-twitter' ><a target=\"_blank\" aria-label=\"Compartir en Twitter\" href='https:\/\/twitter.com\/share?text=Impecable%20partido%20de%20exhibici%C3%B3n%20realiz%C3%B3%20Fernando%20Gonz%C3%A1lez%20y%20Nicol%C3%A1s%20Mass%C3%BA%20en%20Polideportivo%20de%20Ays%C3%A9n&#038;url=https:\/\/radiorevelacionfm.cl\/?p=32329' aria-hidden='false' data-av_icon='\ue8f1' data-av_iconfont='entypo-fontello' title='' data-avia-related-tooltip='Compartir en Twitter' rel=\"noopener\"><span class='avia_hidden_link_text'>Compartir en Twitter<\/span><\/a><\/li><li class='av-share-link av-social-link-whatsapp' ><a target=\"_blank\" aria-label=\"Compartir en Whatsapp\" href='https:\/\/api.whatsapp.com\/send?text=https:\/\/radiorevelacionfm.cl\/?p=32329' aria-hidden='false' data-av_icon='\uf232' data-av_iconfont='entypo-fontello' title='' data-avia-related-tooltip='Compartir en Whatsapp' rel=\"noopener\"><span class='avia_hidden_link_text'>Compartir en Whatsapp<\/span><\/a><\/li><li class='av-share-link av-social-link-linkedin' ><a target=\"_blank\" aria-label=\"Compartir en LinkedIn\" href='https:\/\/linkedin.com\/shareArticle?mini=true&#038;title=Impecable%20partido%20de%20exhibici%C3%B3n%20realiz%C3%B3%20Fernando%20Gonz%C3%A1lez%20y%20Nicol%C3%A1s%20Mass%C3%BA%20en%20Polideportivo%20de%20Ays%C3%A9n&#038;url=https:\/\/radiorevelacionfm.cl\/?p=32329' aria-hidden='false' data-av_icon='\ue8fc' data-av_iconfont='entypo-fontello' title='' data-avia-related-tooltip='Compartir en LinkedIn' rel=\"noopener\"><span class='avia_hidden_link_text'>Compartir en LinkedIn<\/span><\/a><\/li><li class='av-share-link av-social-link-mail' ><a  aria-label=\"Compartir por correo\" href='mailto:?subject=Impecable%20partido%20de%20exhibici%C3%B3n%20realiz%C3%B3%20Fernando%20Gonz%C3%A1lez%20y%20Nicol%C3%A1s%20Mass%C3%BA%20en%20Polideportivo%20de%20Ays%C3%A9n&#038;body=https:\/\/radiorevelacionfm.cl\/?p=32329' aria-hidden='false' data-av_icon='\ue805' data-av_iconfont='entypo-fontello' title='' data-avia-related-tooltip='Compartir por correo'><span class='avia_hidden_link_text'>Compartir por correo<\/span><\/a><\/li><\/ul><\/div><\/div>\n<div  style='height:50px' class='hr hr-invisible   avia-builder-el-8  el_after_av_social_share  el_before_av_comments_list '><span class='hr-inner ' ><span class='hr-inner-style'><\/span><\/span><\/div>\n<div  class='av-buildercomment  av-blog-meta-html-info-disabled av-blog-meta-tag-disabled  '><\/div>\n","protected":false},"excerpt":{"rendered":"","protected":false},"author":1,"featured_media":32330,"comment_status":"open","ping_status":"open","sticky":false,"template":"","format":"standard","meta":{"footnotes":""},"categories":[40],"tags":[],"class_list":["post-32329","post","type-post","status-publish","format-standard","has-post-thumbnail","hentry","category-deportes"],"jetpack_featured_media_url":"https:\/\/radiorevelacionfm.cl\/wp-content\/uploads\/2023\/06\/fotografia-13-1_optimized.jpg","_links":{"self":[{"href":"https:\/\/radiorevelacionfm.cl\/index.php?rest_route=\/wp\/v2\/posts\/32329","targetHints":{"allow":["GET"]}}],"collection":[{"href":"https:\/\/radiorevelacionfm.cl\/index.php?rest_route=\/wp\/v2\/posts"}],"about":[{"href":"https:\/\/radiorevelacionfm.cl\/index.php?rest_route=\/wp\/v2\/types\/post"}],"author":[{"embeddable":true,"href":"https:\/\/radiorevelacionfm.cl\/index.php?rest_route=\/wp\/v2\/users\/1"}],"replies":[{"embeddable":true,"href":"https:\/\/radiorevelacionfm.cl\/index.php?rest_route=%2Fwp%2Fv2%2Fcomments&post=32329"}],"version-history":[{"count":1,"href":"https:\/\/radiorevelacionfm.cl\/index.php?rest_route=\/wp\/v2\/posts\/32329\/revisions"}],"predecessor-version":[{"id":32331,"href":"https:\/\/radiorevelacionfm.cl\/index.php?rest_route=\/wp\/v2\/posts\/32329\/revisions\/32331"}],"wp:featuredmedia":[{"embeddable":true,"href":"https:\/\/radiorevelacionfm.cl\/index.php?rest_route=\/wp\/v2\/media\/32330"}],"wp:attachment":[{"href":"https:\/\/radiorevelacionfm.cl\/index.php?rest_route=%2Fwp%2Fv2%2Fmedia&parent=32329"}],"wp:term":[{"taxonomy":"category","embeddable":true,"href":"https:\/\/radiorevelacionfm.cl\/index.php?rest_route=%2Fwp%2Fv2%2Fcategories&post=32329"},{"taxonomy":"post_tag","embeddable":true,"href":"https:\/\/radiorevelacionfm.cl\/index.php?rest_route=%2Fwp%2Fv2%2Ftags&post=32329"}],"curies":[{"name":"wp","href":"https:\/\/api.w.org\/{rel}","templated":true}]}}