{"id":32326,"date":"2023-06-22T16:15:42","date_gmt":"2023-06-22T19:15:42","guid":{"rendered":"https:\/\/radiorevelacionfm.cl\/?p=32326"},"modified":"2023-06-22T16:15:42","modified_gmt":"2023-06-22T19:15:42","slug":"pymes-proveedoras-de-la-industria-acuicola-participan-en-programa-tecnologico-de-corfo-aysen-para-fortalecer-su-competitividad","status":"publish","type":"post","link":"https:\/\/radiorevelacionfm.cl\/?p=32326","title":{"rendered":"Pymes proveedoras de la industria acu\u00edcola participan en programa tecnol\u00f3gico de Corfo Ays\u00e9n para fortalecer su competitividad"},"content":{"rendered":"<div class=\"flex_column av_one_full  flex_column_div av-zero-column-padding first  avia-builder-el-0  el_before_av_one_full  avia-builder-el-first  \" style='border-radius:0px; '><div  class='avia-image-container  av-styling-    avia-builder-el-1  avia-builder-el-no-sibling  avia-align-center '  itemprop=\"image\" itemscope=\"itemscope\" itemtype=\"https:\/\/schema.org\/ImageObject\"  ><div class='avia-image-container-inner'><div class='avia-image-overlay-wrap'><img decoding=\"async\" class='wp-image-32327 avia-img-lazy-loading-not-32327 avia_image' src=\"https:\/\/radiorevelacionfm.cl\/wp-content\/uploads\/2023\/06\/03-pdt-acuicola-1-1.jpg\" alt='' title='03 pdt acu\u00edcola (1) (1)' height=\"600\" width=\"892\"  itemprop=\"thumbnailUrl\" srcset=\"https:\/\/radiorevelacionfm.cl\/wp-content\/uploads\/2023\/06\/03-pdt-acuicola-1-1.jpg 892w, https:\/\/radiorevelacionfm.cl\/wp-content\/uploads\/2023\/06\/03-pdt-acuicola-1-1-300x202.jpg 300w, https:\/\/radiorevelacionfm.cl\/wp-content\/uploads\/2023\/06\/03-pdt-acuicola-1-1-768x517.jpg 768w, https:\/\/radiorevelacionfm.cl\/wp-content\/uploads\/2023\/06\/03-pdt-acuicola-1-1-705x474.jpg 705w, https:\/\/radiorevelacionfm.cl\/wp-content\/uploads\/2023\/06\/03-pdt-acuicola-1-1-450x303.jpg 450w, https:\/\/radiorevelacionfm.cl\/wp-content\/uploads\/2023\/06\/03-pdt-acuicola-1-1-600x404.jpg 600w\" sizes=\"(max-width: 892px) 100vw, 892px\" \/><\/div><\/div><\/div><\/div><div class=\"flex_column av_one_full  flex_column_div av-zero-column-padding first  avia-builder-el-2  el_after_av_one_full  el_before_av_one_full  column-top-margin\" style='border-radius:0px; '><section class=\"av_textblock_section \"  itemscope=\"itemscope\" itemtype=\"https:\/\/schema.org\/BlogPosting\" itemprop=\"blogPost\" ><div class='avia_textblock  '   itemprop=\"text\" ><p style=\"text-align: center;\"><span style=\"font-size: 18pt;\"><b><span lang=\"es-419\">Pymes proveedoras de la industria acu\u00edcola participan en programa tecnol\u00f3gico de Corfo Ays\u00e9n para fortalecer su competitividad<\/span><\/b><\/span><\/p>\n<div id=\"gtx-trans\" style=\"position: absolute; left: -50px; top: 4.31534px;\">\n<div class=\"gtx-trans-icon\"><\/div>\n<\/div>\n<\/div><\/section><\/div><div class=\"flex_column av_one_full  flex_column_div av-zero-column-padding first  avia-builder-el-4  el_after_av_one_full  el_before_av_hr  column-top-margin\" style='border-radius:0px; '><section class=\"av_textblock_section \"  itemscope=\"itemscope\" itemtype=\"https:\/\/schema.org\/BlogPosting\" itemprop=\"blogPost\" ><div class='avia_textblock  '   itemprop=\"text\" ><p style=\"font-weight: 400; text-align: justify;\">Corfo Ays\u00e9n dio el vamos a la ejecuci\u00f3n de un Programa de Difusi\u00f3n Tecnol\u00f3gica (PDT) que busca fomentar la adopci\u00f3n de nuevas tecnolog\u00edas y pr\u00e1cticas innovadoras, para potenciar la competitividad de pymes proveedoras de la industria acu\u00edcola en Ays\u00e9n.<\/p>\n<p style=\"font-weight: 400; text-align: justify;\">Esta iniciativa, que es ejecutada por CINNDA (Centro de Innovaci\u00f3n y Dise\u00f1o Avanzado), desarrollar\u00e1 un proceso de trabajo a trav\u00e9s de actividades personalizadas y colectivas con las empresas beneficiarias, a trav\u00e9s de talleres de formaci\u00f3n y mesas de trabajo con expertos y empresas tecnol\u00f3gicas, en tem\u00e1ticas relevantes para abordar sus brechas de productividad.<\/p>\n<p style=\"font-weight: 400; text-align: justify;\">Humberto Mar\u00edn Leiva, director de Corfo Ays\u00e9n, explic\u00f3 el objetivo del programa y los alcances que tiene para los proveedores. \u201cUno de nuestros desaf\u00edos como Corfo es mejorar la competitividad de las empresas de diferentes rubros y tama\u00f1os. Por ello, a trav\u00e9s de este programa buscamos entregar una experiencia de formaci\u00f3n integral y difusi\u00f3n tecnol\u00f3gica, que transfiera mejores pr\u00e1cticas, conocimientos, t\u00e9cnicas, procesos y tecnolog\u00edas nuevas, para un grupo de pymes proveedoras de la industria acu\u00edcola de nuestra regi\u00f3n, que est\u00e1n vinculadas al PTI Fiordos y Canales, y que poseen un est\u00e1ndar tecnol\u00f3gico que presenta brechas que la industria demanda, asociadas a capacidades, competencias y herramientas tecnol\u00f3gicas vinculadas a la econom\u00eda circular, rob\u00f3tica submarina y sensoramiento\/ monitoreo basado en el internet de las cosas (IoT)\u201d.<\/p>\n<p style=\"font-weight: 400; text-align: justify;\">Explic\u00f3 que entre las principales brechas de este grupo de empresas est\u00e1 el bajo nivel de innovaci\u00f3n y emprendimiento; d\u00e9ficit de capital humano disponible; altos costos de operaci\u00f3n, insumos y log\u00edstica; bajos niveles de asociatividad; alta heterogeneidad y bajo nivel de confianza; dificultad para optar a contrato con productores que favorezcan la inversi\u00f3n a largo plazo; dif\u00edcil acceso a cr\u00e9dito o financiamiento; escasa oferta de formaci\u00f3n y capacitaci\u00f3n especializada, e insuficiente apoyo a la innovaci\u00f3n y emprendimiento empresarial en el ecosistema regional.<\/p>\n<p style=\"font-weight: 400; text-align: justify;\">Andr\u00e9s Brice\u00f1o-Guti\u00e9rrez, director de I+D de CINNDA, detall\u00f3 la importancia de transferir experiencias, buenas pr\u00e1cticas y el uso de la tecnolog\u00eda en las empresas proveedoras del sector acu\u00edcola. \u201cPudimos contar con una primera pincelada de las experiencias que vamos a desarrollar, que se relacionan con la econom\u00eda circular, el internet de las cosas y la rob\u00f3tica submarina. Contamos con destacados exponentes en cada uno de estos \u00e1mbitos y pudimos debatir con proveedores y proveedoras en todas las posibilidades que se abren, pero tambi\u00e9n los desaf\u00edos que se centran en las transformaciones que la industria tiene que desarrollar y asumir. Fue interesante el debate y estamos entusiasmados de seguir trabajando con los proveedores que tambi\u00e9n tienen muchas ganas de crear nuevas posibilidades. Entonces esperamos que con este programa se puedan transferir, no solamente en estas dimensiones asociadas, como las tecnolog\u00edas, sino que tambi\u00e9n encauzarlos en posibles aplicaciones y que en algunos casos requieren ajustes, adaptaciones y para eso nosotros, como CINNDA, estamos disponibles para acompa\u00f1arlos\u201d.<\/p>\n<p style=\"font-weight: 400; text-align: justify;\">Uno de los proveedores de la industria acu\u00edcola, Hern\u00e1n Rebolledo Henr\u00edquez, representante legal de la empresa CITECMA, agradeci\u00f3 que el lanzamiento del programa se haya desarrollado en la ciudad de Puerto Ays\u00e9n donde gran parte de los productores desarrollan la actividad. \u201cTengo mucha expectativa hacia el futuro, de lo que viene. Iniciamos con charlas de car\u00e1cter introductorio de distintas empresas, incluyendo al director de Corfo, que da un aliciente a que pasen cosas desde Puerto Ays\u00e9n hacia el resto del pa\u00eds.\u00a0Estamos muy ansiosos de que este programa de difusi\u00f3n sea muy enriquecedor en t\u00e9rminos de herramientas., tambi\u00e9n para los distintos probable que participaron. Es bueno que este programa ya est\u00e9 en marcha, que tambi\u00e9n es como un cierre del Programa Territorial Integrado, que ha sido bastante exitoso a lo largo de su ejecuci\u00f3n, y que ya est\u00e1 llegando a su fin\u201d.<\/p>\n<p style=\"font-weight: 400; text-align: justify;\"><strong>PROGRAMA<\/strong><\/p>\n<p style=\"font-weight: 400; text-align: justify;\">El programa busca instalar y desarrollar acciones que permitan, a partir de un diagn\u00f3stico de brechas tecnol\u00f3gicas en terreno, entregar una experiencia de formaci\u00f3n que permita conocer nuevas tecnolog\u00edas asociadas con el sensoramiento, rob\u00f3tica y econom\u00eda circular aplicables a la industria acu\u00edcola. De igual manera, a partir de actividades, motivar la absorci\u00f3n y generaci\u00f3n de capacidades tecnol\u00f3gicas y de innovaci\u00f3n que fortalezcan las capacidades de prestaci\u00f3n de servicios a la industria y el desarrollo de capital humano especializado. Asimismo, busca propiciar y facilitar la inversi\u00f3n tecnol\u00f3gica de las empresas, a trav\u00e9s de la postulaci\u00f3n a fuentes de financiamiento p\u00fablico y privado y propiciar el fortalecimiento de redes comerciales y el acceso a tecnolog\u00edas que aporten a su productividad y competitividad.<\/p>\n<\/div><\/section><\/div><div  style='height:50px' class='hr hr-invisible   avia-builder-el-6  el_after_av_one_full  el_before_av_social_share '><span class='hr-inner ' ><span class='hr-inner-style'><\/span><\/span><\/div><\/p>\n<div  class='av-social-sharing-box  avia-builder-el-7  el_after_av_hr  el_before_av_hr  '><div class='av-share-box'><h5 class='av-share-link-description av-no-toc '>Compartir esta noticia<\/h5><ul class='av-share-box-list noLightbox'><li class='av-share-link av-social-link-facebook' ><a target=\"_blank\" aria-label=\"Compartir en Facebook\" href='https:\/\/www.facebook.com\/sharer.php?u=https:\/\/radiorevelacionfm.cl\/?p=32326&#038;t=Pymes%20proveedoras%20de%20la%20industria%20acu%C3%ADcola%20participan%20en%20programa%20tecnol%C3%B3gico%20de%20Corfo%20Ays%C3%A9n%20para%20fortalecer%20su%20competitividad' aria-hidden='false' data-av_icon='\ue8f3' data-av_iconfont='entypo-fontello' title='' data-avia-related-tooltip='Compartir en Facebook' rel=\"noopener\"><span class='avia_hidden_link_text'>Compartir en Facebook<\/span><\/a><\/li><li class='av-share-link av-social-link-twitter' ><a target=\"_blank\" aria-label=\"Compartir en Twitter\" href='https:\/\/twitter.com\/share?text=Pymes%20proveedoras%20de%20la%20industria%20acu%C3%ADcola%20participan%20en%20programa%20tecnol%C3%B3gico%20de%20Corfo%20Ays%C3%A9n%20para%20fortalecer%20su%20competitividad&#038;url=https:\/\/radiorevelacionfm.cl\/?p=32326' aria-hidden='false' data-av_icon='\ue8f1' data-av_iconfont='entypo-fontello' title='' data-avia-related-tooltip='Compartir en Twitter' rel=\"noopener\"><span class='avia_hidden_link_text'>Compartir en Twitter<\/span><\/a><\/li><li class='av-share-link av-social-link-whatsapp' ><a target=\"_blank\" aria-label=\"Compartir en Whatsapp\" href='https:\/\/api.whatsapp.com\/send?text=https:\/\/radiorevelacionfm.cl\/?p=32326' aria-hidden='false' data-av_icon='\uf232' data-av_iconfont='entypo-fontello' title='' data-avia-related-tooltip='Compartir en Whatsapp' rel=\"noopener\"><span class='avia_hidden_link_text'>Compartir en Whatsapp<\/span><\/a><\/li><li class='av-share-link av-social-link-linkedin' ><a target=\"_blank\" aria-label=\"Compartir en LinkedIn\" href='https:\/\/linkedin.com\/shareArticle?mini=true&#038;title=Pymes%20proveedoras%20de%20la%20industria%20acu%C3%ADcola%20participan%20en%20programa%20tecnol%C3%B3gico%20de%20Corfo%20Ays%C3%A9n%20para%20fortalecer%20su%20competitividad&#038;url=https:\/\/radiorevelacionfm.cl\/?p=32326' aria-hidden='false' data-av_icon='\ue8fc' data-av_iconfont='entypo-fontello' title='' data-avia-related-tooltip='Compartir en LinkedIn' rel=\"noopener\"><span class='avia_hidden_link_text'>Compartir en LinkedIn<\/span><\/a><\/li><li class='av-share-link av-social-link-mail' ><a  aria-label=\"Compartir por correo\" href='mailto:?subject=Pymes%20proveedoras%20de%20la%20industria%20acu%C3%ADcola%20participan%20en%20programa%20tecnol%C3%B3gico%20de%20Corfo%20Ays%C3%A9n%20para%20fortalecer%20su%20competitividad&#038;body=https:\/\/radiorevelacionfm.cl\/?p=32326' aria-hidden='false' data-av_icon='\ue805' data-av_iconfont='entypo-fontello' title='' data-avia-related-tooltip='Compartir por correo'><span class='avia_hidden_link_text'>Compartir por correo<\/span><\/a><\/li><\/ul><\/div><\/div>\n<div  style='height:50px' class='hr hr-invisible   avia-builder-el-8  el_after_av_social_share  el_before_av_comments_list '><span class='hr-inner ' ><span class='hr-inner-style'><\/span><\/span><\/div>\n<div  class='av-buildercomment  av-blog-meta-html-info-disabled av-blog-meta-tag-disabled  '><\/div>\n","protected":false},"excerpt":{"rendered":"","protected":false},"author":1,"featured_media":32327,"comment_status":"open","ping_status":"open","sticky":false,"template":"","format":"standard","meta":{"footnotes":""},"categories":[38],"tags":[],"class_list":["post-32326","post","type-post","status-publish","format-standard","has-post-thumbnail","hentry","category-regional"],"jetpack_featured_media_url":"https:\/\/radiorevelacionfm.cl\/wp-content\/uploads\/2023\/06\/03-pdt-acuicola-1-1.jpg","_links":{"self":[{"href":"https:\/\/radiorevelacionfm.cl\/index.php?rest_route=\/wp\/v2\/posts\/32326","targetHints":{"allow":["GET"]}}],"collection":[{"href":"https:\/\/radiorevelacionfm.cl\/index.php?rest_route=\/wp\/v2\/posts"}],"about":[{"href":"https:\/\/radiorevelacionfm.cl\/index.php?rest_route=\/wp\/v2\/types\/post"}],"author":[{"embeddable":true,"href":"https:\/\/radiorevelacionfm.cl\/index.php?rest_route=\/wp\/v2\/users\/1"}],"replies":[{"embeddable":true,"href":"https:\/\/radiorevelacionfm.cl\/index.php?rest_route=%2Fwp%2Fv2%2Fcomments&post=32326"}],"version-history":[{"count":1,"href":"https:\/\/radiorevelacionfm.cl\/index.php?rest_route=\/wp\/v2\/posts\/32326\/revisions"}],"predecessor-version":[{"id":32328,"href":"https:\/\/radiorevelacionfm.cl\/index.php?rest_route=\/wp\/v2\/posts\/32326\/revisions\/32328"}],"wp:featuredmedia":[{"embeddable":true,"href":"https:\/\/radiorevelacionfm.cl\/index.php?rest_route=\/wp\/v2\/media\/32327"}],"wp:attachment":[{"href":"https:\/\/radiorevelacionfm.cl\/index.php?rest_route=%2Fwp%2Fv2%2Fmedia&parent=32326"}],"wp:term":[{"taxonomy":"category","embeddable":true,"href":"https:\/\/radiorevelacionfm.cl\/index.php?rest_route=%2Fwp%2Fv2%2Fcategories&post=32326"},{"taxonomy":"post_tag","embeddable":true,"href":"https:\/\/radiorevelacionfm.cl\/index.php?rest_route=%2Fwp%2Fv2%2Ftags&post=32326"}],"curies":[{"name":"wp","href":"https:\/\/api.w.org\/{rel}","templated":true}]}}