{"id":32323,"date":"2023-06-22T19:31:44","date_gmt":"2023-06-22T22:31:44","guid":{"rendered":"https:\/\/radiorevelacionfm.cl\/?p=32323"},"modified":"2023-06-22T19:31:44","modified_gmt":"2023-06-22T22:31:44","slug":"sernameg-y-corporacion-simon-de-cirene-dan-la-bienvenida-a-las-participantes-de-la-escuela-mujer-emprende","status":"publish","type":"post","link":"https:\/\/radiorevelacionfm.cl\/?p=32323","title":{"rendered":"SernamEG y Corporaci\u00f3n Sim\u00f3n de Cirene dan la bienvenida a las participantes de la Escuela Mujer Emprende"},"content":{"rendered":"<div class=\"flex_column av_one_full  flex_column_div av-zero-column-padding first  avia-builder-el-0  el_before_av_one_full  avia-builder-el-first  \" style='border-radius:0px; '><div  class='avia-image-container  av-styling-    avia-builder-el-1  avia-builder-el-no-sibling  avia-align-center '  itemprop=\"image\" itemscope=\"itemscope\" itemtype=\"https:\/\/schema.org\/ImageObject\"  ><div class='avia-image-container-inner'><div class='avia-image-overlay-wrap'><img decoding=\"async\" class='wp-image-32324 avia-img-lazy-loading-not-32324 avia_image' src=\"https:\/\/radiorevelacionfm.cl\/wp-content\/uploads\/2023\/06\/lanzamiento-escuela-me-5_optimized.jpg\" alt='' title='lanzamiento-escuela-me-(5)_optimized' height=\"607\" width=\"1033\"  itemprop=\"thumbnailUrl\" srcset=\"https:\/\/radiorevelacionfm.cl\/wp-content\/uploads\/2023\/06\/lanzamiento-escuela-me-5_optimized.jpg 1033w, https:\/\/radiorevelacionfm.cl\/wp-content\/uploads\/2023\/06\/lanzamiento-escuela-me-5_optimized-300x176.jpg 300w, https:\/\/radiorevelacionfm.cl\/wp-content\/uploads\/2023\/06\/lanzamiento-escuela-me-5_optimized-1030x605.jpg 1030w, https:\/\/radiorevelacionfm.cl\/wp-content\/uploads\/2023\/06\/lanzamiento-escuela-me-5_optimized-768x451.jpg 768w, https:\/\/radiorevelacionfm.cl\/wp-content\/uploads\/2023\/06\/lanzamiento-escuela-me-5_optimized-705x414.jpg 705w, https:\/\/radiorevelacionfm.cl\/wp-content\/uploads\/2023\/06\/lanzamiento-escuela-me-5_optimized-450x264.jpg 450w, https:\/\/radiorevelacionfm.cl\/wp-content\/uploads\/2023\/06\/lanzamiento-escuela-me-5_optimized-600x353.jpg 600w\" sizes=\"(max-width: 1033px) 100vw, 1033px\" \/><\/div><\/div><\/div><\/div><div class=\"flex_column av_one_full  flex_column_div av-zero-column-padding first  avia-builder-el-2  el_after_av_one_full  el_before_av_one_full  column-top-margin\" style='border-radius:0px; '><section class=\"av_textblock_section \"  itemscope=\"itemscope\" itemtype=\"https:\/\/schema.org\/BlogPosting\" itemprop=\"blogPost\" ><div class='avia_textblock  '   itemprop=\"text\" ><p style=\"text-align: center;\"><strong><span style=\"font-size: 18pt;\">SernamEG y Corporaci\u00f3n Sim\u00f3n de Cirene dan la bienvenida a las participantes de la Escuela Mujer Emprende<\/span><\/strong><\/p>\n<div id=\"gtx-trans\" style=\"position: absolute; left: -50px; top: 4.31534px;\">\n<div class=\"gtx-trans-icon\"><\/div>\n<\/div>\n<\/div><\/section><\/div><div class=\"flex_column av_one_full  flex_column_div av-zero-column-padding first  avia-builder-el-4  el_after_av_one_full  el_before_av_hr  column-top-margin\" style='border-radius:0px; '><section class=\"av_textblock_section \"  itemscope=\"itemscope\" itemtype=\"https:\/\/schema.org\/BlogPosting\" itemprop=\"blogPost\" ><div class='avia_textblock  '   itemprop=\"text\" ><p style=\"text-align: justify;\">Mujeres de la comuna de Coyhaique se reunieron, de manera telem\u00e1tica, convocadas para el lanzamiento de la Escuela Mujer Emprende, del programa hom\u00f3nimo del Servicio Nacional de la Mujer y la Equidad de G\u00e9nero, que es ejecutada este a\u00f1o por la\u00a0Corporaci\u00f3n Sim\u00f3n de Cirene. Su prop\u00f3sito principal es que sus participantes se profesionalicen, a trav\u00e9s de la entrega de contenidos t\u00e9cnicos, que van en beneficio directo de sus emprendimientos.<\/p>\n<p style=\"text-align: justify;\">En la ceremonia, la Directora Regional (S) de SernamEG, Marta Godoy Valenzuela, dijo: \u201cvaloramos como Servicio que hayan apostado por la Escuela que es muy significativa para nosotras, ya que su proceso formativo les permite reconocer las dificultades que han debido afrontar por este sue\u00f1o; que implica sacar adelante un negocio propio\u201d. La autoridad agreg\u00f3 que \u201ctal como ocurre en otros modelos program\u00e1ticos, esta Escuela tambi\u00e9n incorpora tem\u00e1ticas de g\u00e9nero que son transversales en los m\u00f3dulos; lo que les permite reconocer el valor que tienen al haber iniciado una iniciativa de car\u00e1cter independiente\u201d.<\/p>\n<p style=\"text-align: justify;\">En tanto, el\u00a0Director de Fortalecimiento Comunitario Zona Sur de la Corporaci\u00f3n Sim\u00f3n de Cirene, Gonzalo Jara Lira, mencion\u00f3 que \u201cesta Escuela nos conecta profundamente con nuestro sentido y esencia; es decir, con la misi\u00f3n que tenemos como Sim\u00f3n de Cirene Esta consiste en acompa\u00f1ar a personas a cumplir sus prop\u00f3sitos. Como equipo estamos muy emocionados de poder compartir con ustedes este proceso de avanzar en sus sue\u00f1os. Llevamos 26 a\u00f1os realizando esta labor, dirigida a emprendedores y emprendedoras a lo largo de todo Chile y buscamos poner a disposici\u00f3n nuestros aprendizajes\u201d.<\/p>\n<p style=\"text-align: justify;\">Este a\u00f1o, la Escuela Mujer Emprende 2023 busca dar respuesta a las actuales necesidades que tienen las emprendedoras, para comercializar sus productos y servicios. En la oportunidad, se explic\u00f3 en detalle los m\u00f3dulos denominados G\u00e9nero; Pertinencia Regional; Asociatividad y Redes; Construyendo Mi Modelo de Negocio; Elevator Pitch; Marketing Digital; Formalizaci\u00f3n; y Encuentro Regional. Este \u00faltimo se realiza en septiembre y es el hito c\u00falmine, que consiste en una feria productiva y en la ceremonia de certificaci\u00f3n de las emprendedoras; tras finalizar exitosamente su trayectoria.<\/p>\n<\/div><\/section><\/div><div  style='height:50px' class='hr hr-invisible   avia-builder-el-6  el_after_av_one_full  el_before_av_social_share '><span class='hr-inner ' ><span class='hr-inner-style'><\/span><\/span><\/div><\/p>\n<div  class='av-social-sharing-box  avia-builder-el-7  el_after_av_hr  el_before_av_hr  '><div class='av-share-box'><h5 class='av-share-link-description av-no-toc '>Compartir esta noticia<\/h5><ul class='av-share-box-list noLightbox'><li class='av-share-link av-social-link-facebook' ><a target=\"_blank\" aria-label=\"Compartir en Facebook\" href='https:\/\/www.facebook.com\/sharer.php?u=https:\/\/radiorevelacionfm.cl\/?p=32323&#038;t=SernamEG%20y%20Corporaci%C3%B3n%20Sim%C3%B3n%20de%20Cirene%20dan%20la%20bienvenida%20a%20las%20participantes%20de%20la%20Escuela%20Mujer%20Emprende' aria-hidden='false' data-av_icon='\ue8f3' data-av_iconfont='entypo-fontello' title='' data-avia-related-tooltip='Compartir en Facebook' rel=\"noopener\"><span class='avia_hidden_link_text'>Compartir en Facebook<\/span><\/a><\/li><li class='av-share-link av-social-link-twitter' ><a target=\"_blank\" aria-label=\"Compartir en Twitter\" href='https:\/\/twitter.com\/share?text=SernamEG%20y%20Corporaci%C3%B3n%20Sim%C3%B3n%20de%20Cirene%20dan%20la%20bienvenida%20a%20las%20participantes%20de%20la%20Escuela%20Mujer%20Emprende&#038;url=https:\/\/radiorevelacionfm.cl\/?p=32323' aria-hidden='false' data-av_icon='\ue8f1' data-av_iconfont='entypo-fontello' title='' data-avia-related-tooltip='Compartir en Twitter' rel=\"noopener\"><span class='avia_hidden_link_text'>Compartir en Twitter<\/span><\/a><\/li><li class='av-share-link av-social-link-whatsapp' ><a target=\"_blank\" aria-label=\"Compartir en Whatsapp\" href='https:\/\/api.whatsapp.com\/send?text=https:\/\/radiorevelacionfm.cl\/?p=32323' aria-hidden='false' data-av_icon='\uf232' data-av_iconfont='entypo-fontello' title='' data-avia-related-tooltip='Compartir en Whatsapp' rel=\"noopener\"><span class='avia_hidden_link_text'>Compartir en Whatsapp<\/span><\/a><\/li><li class='av-share-link av-social-link-linkedin' ><a target=\"_blank\" aria-label=\"Compartir en LinkedIn\" href='https:\/\/linkedin.com\/shareArticle?mini=true&#038;title=SernamEG%20y%20Corporaci%C3%B3n%20Sim%C3%B3n%20de%20Cirene%20dan%20la%20bienvenida%20a%20las%20participantes%20de%20la%20Escuela%20Mujer%20Emprende&#038;url=https:\/\/radiorevelacionfm.cl\/?p=32323' aria-hidden='false' data-av_icon='\ue8fc' data-av_iconfont='entypo-fontello' title='' data-avia-related-tooltip='Compartir en LinkedIn' rel=\"noopener\"><span class='avia_hidden_link_text'>Compartir en LinkedIn<\/span><\/a><\/li><li class='av-share-link av-social-link-mail' ><a  aria-label=\"Compartir por correo\" href='mailto:?subject=SernamEG%20y%20Corporaci%C3%B3n%20Sim%C3%B3n%20de%20Cirene%20dan%20la%20bienvenida%20a%20las%20participantes%20de%20la%20Escuela%20Mujer%20Emprende&#038;body=https:\/\/radiorevelacionfm.cl\/?p=32323' aria-hidden='false' data-av_icon='\ue805' data-av_iconfont='entypo-fontello' title='' data-avia-related-tooltip='Compartir por correo'><span class='avia_hidden_link_text'>Compartir por correo<\/span><\/a><\/li><\/ul><\/div><\/div>\n<div  style='height:50px' class='hr hr-invisible   avia-builder-el-8  el_after_av_social_share  el_before_av_comments_list '><span class='hr-inner ' ><span class='hr-inner-style'><\/span><\/span><\/div>\n<div  class='av-buildercomment  av-blog-meta-html-info-disabled av-blog-meta-tag-disabled  '><\/div>\n","protected":false},"excerpt":{"rendered":"","protected":false},"author":1,"featured_media":32324,"comment_status":"open","ping_status":"open","sticky":false,"template":"","format":"standard","meta":{"footnotes":""},"categories":[38],"tags":[],"class_list":["post-32323","post","type-post","status-publish","format-standard","has-post-thumbnail","hentry","category-regional"],"jetpack_featured_media_url":"https:\/\/radiorevelacionfm.cl\/wp-content\/uploads\/2023\/06\/lanzamiento-escuela-me-5_optimized.jpg","_links":{"self":[{"href":"https:\/\/radiorevelacionfm.cl\/index.php?rest_route=\/wp\/v2\/posts\/32323","targetHints":{"allow":["GET"]}}],"collection":[{"href":"https:\/\/radiorevelacionfm.cl\/index.php?rest_route=\/wp\/v2\/posts"}],"about":[{"href":"https:\/\/radiorevelacionfm.cl\/index.php?rest_route=\/wp\/v2\/types\/post"}],"author":[{"embeddable":true,"href":"https:\/\/radiorevelacionfm.cl\/index.php?rest_route=\/wp\/v2\/users\/1"}],"replies":[{"embeddable":true,"href":"https:\/\/radiorevelacionfm.cl\/index.php?rest_route=%2Fwp%2Fv2%2Fcomments&post=32323"}],"version-history":[{"count":1,"href":"https:\/\/radiorevelacionfm.cl\/index.php?rest_route=\/wp\/v2\/posts\/32323\/revisions"}],"predecessor-version":[{"id":32325,"href":"https:\/\/radiorevelacionfm.cl\/index.php?rest_route=\/wp\/v2\/posts\/32323\/revisions\/32325"}],"wp:featuredmedia":[{"embeddable":true,"href":"https:\/\/radiorevelacionfm.cl\/index.php?rest_route=\/wp\/v2\/media\/32324"}],"wp:attachment":[{"href":"https:\/\/radiorevelacionfm.cl\/index.php?rest_route=%2Fwp%2Fv2%2Fmedia&parent=32323"}],"wp:term":[{"taxonomy":"category","embeddable":true,"href":"https:\/\/radiorevelacionfm.cl\/index.php?rest_route=%2Fwp%2Fv2%2Fcategories&post=32323"},{"taxonomy":"post_tag","embeddable":true,"href":"https:\/\/radiorevelacionfm.cl\/index.php?rest_route=%2Fwp%2Fv2%2Ftags&post=32323"}],"curies":[{"name":"wp","href":"https:\/\/api.w.org\/{rel}","templated":true}]}}