{"id":32320,"date":"2023-06-22T15:37:05","date_gmt":"2023-06-22T18:37:05","guid":{"rendered":"https:\/\/radiorevelacionfm.cl\/?p=32320"},"modified":"2023-06-22T15:37:05","modified_gmt":"2023-06-22T18:37:05","slug":"puerto-cisnes-diez-ninos-y-ninas-del-jardin-infantil-los-navegantes-recibieron-su-primera-cedula","status":"publish","type":"post","link":"https:\/\/radiorevelacionfm.cl\/?p=32320","title":{"rendered":"Puerto Cisnes: Diez ni\u00f1os y ni\u00f1as del Jard\u00edn Infantil Los Navegantes recibieron su \u201cPrimera C\u00e9dula\u201d"},"content":{"rendered":"<div class=\"flex_column av_one_full  flex_column_div av-zero-column-padding first  avia-builder-el-0  el_before_av_one_full  avia-builder-el-first  \" style='border-radius:0px; '><div  class='avia-image-container  av-styling-    avia-builder-el-1  avia-builder-el-no-sibling  avia-align-center '  itemprop=\"image\" itemscope=\"itemscope\" itemtype=\"https:\/\/schema.org\/ImageObject\"  ><div class='avia-image-container-inner'><div class='avia-image-overlay-wrap'><img decoding=\"async\" class='wp-image-32321 avia-img-lazy-loading-not-32321 avia_image' src=\"https:\/\/radiorevelacionfm.cl\/wp-content\/uploads\/2023\/06\/mi-primera-cedula-2-1-2.jpg\" alt='' title='mi primera cedula 2 (1) (2)' height=\"600\" width=\"800\"  itemprop=\"thumbnailUrl\" srcset=\"https:\/\/radiorevelacionfm.cl\/wp-content\/uploads\/2023\/06\/mi-primera-cedula-2-1-2.jpg 800w, https:\/\/radiorevelacionfm.cl\/wp-content\/uploads\/2023\/06\/mi-primera-cedula-2-1-2-300x225.jpg 300w, https:\/\/radiorevelacionfm.cl\/wp-content\/uploads\/2023\/06\/mi-primera-cedula-2-1-2-768x576.jpg 768w, https:\/\/radiorevelacionfm.cl\/wp-content\/uploads\/2023\/06\/mi-primera-cedula-2-1-2-705x529.jpg 705w, https:\/\/radiorevelacionfm.cl\/wp-content\/uploads\/2023\/06\/mi-primera-cedula-2-1-2-450x338.jpg 450w, https:\/\/radiorevelacionfm.cl\/wp-content\/uploads\/2023\/06\/mi-primera-cedula-2-1-2-600x450.jpg 600w\" sizes=\"(max-width: 800px) 100vw, 800px\" \/><\/div><\/div><\/div><\/div><div class=\"flex_column av_one_full  flex_column_div av-zero-column-padding first  avia-builder-el-2  el_after_av_one_full  el_before_av_one_full  column-top-margin\" style='border-radius:0px; '><section class=\"av_textblock_section \"  itemscope=\"itemscope\" itemtype=\"https:\/\/schema.org\/BlogPosting\" itemprop=\"blogPost\" ><div class='avia_textblock  '   itemprop=\"text\" ><p style=\"text-align: center;\"><strong><span style=\"font-size: 18pt;\">Puerto Cisnes: Diez ni\u00f1os y ni\u00f1as del Jard\u00edn Infantil Los Navegantes recibieron su \u201cPrimera C\u00e9dula\u201d<\/span><\/strong><\/p>\n<div id=\"gtx-trans\" style=\"position: absolute; left: -50px; top: 4.31534px;\">\n<div class=\"gtx-trans-icon\"><\/div>\n<\/div>\n<\/div><\/section><\/div><div class=\"flex_column av_one_full  flex_column_div av-zero-column-padding first  avia-builder-el-4  el_after_av_one_full  el_before_av_hr  column-top-margin\" style='border-radius:0px; '><section class=\"av_textblock_section \"  itemscope=\"itemscope\" itemtype=\"https:\/\/schema.org\/BlogPosting\" itemprop=\"blogPost\" ><div class='avia_textblock  '   itemprop=\"text\" ><p style=\"text-align: justify;\"><em>Esta iniciativa permite a los ni\u00f1os y ni\u00f1as acceder a sus c\u00e9dulas de identidad a trav\u00e9s de los mismos establecimientos, previa coordinaci\u00f3n con el equipo en terreno del Servicio de Registro Civil e Identificaci\u00f3n.<\/em><\/p>\n<p style=\"text-align: justify;\">Una emotiva ceremonia se llev\u00f3 a cabo recientemente en el Jard\u00edn Infantil los Navegantes de Puerto Cisnes, donde 10 ni\u00f1os y ni\u00f1as de este establecimiento recibieron su Primera C\u00e9dula de Identidad, esto en el marco de los Derechos de los Ni\u00f1os y Ni\u00f1as y que nace de una alianza entre la JUNJI y el Registro Civil.<\/p>\n<p style=\"text-align: justify;\">Esta instancia que se realiza en distintos jardines infantiles de la regi\u00f3n durante el a\u00f1o, permite a los ni\u00f1os y ni\u00f1as acceder a sus c\u00e9dulas de identidad a trav\u00e9s de los mismos establecimientos, previa coordinaci\u00f3n con el Servicio de Registro Civil e Identificaci\u00f3n, quienes a trav\u00e9s de su equipo en terreno acuden a los jardines para la realizaci\u00f3n del tr\u00e1mite, evitando con ello que los padres tengan que llevarlos hasta las oficinas del servicio.<\/p>\n<p style=\"text-align: justify;\">La directora del Jard\u00edn Infantil Los Navegantes de Puerto Cisnes, Gema Bravo manifest\u00f3 que \u201ces s\u00faper importante, ya que estamos trabajando los derechos de los ni\u00f1os, en donde tienen derecho a una identidad, as\u00ed que hemos reforzado antes de la entrega del carnet, el derecho a la identidad donde se les estuvo hablando a los ni\u00f1os sobre qu\u00e9 era el carnet de identidad, as\u00ed que muy contentos de esta actividad, en la que los ni\u00f1os fueron acompa\u00f1ados por sus familias, quienes tambi\u00e9n estaban muy agradecidos por la entrega en el establecimiento, muchas veces las familias no tienen el tiempo y se les facilita bastante el llevar a cabo este proceso en el jard\u00edn\u201d.<\/p>\n<p style=\"text-align: justify;\">Mientras que el Seremi de Justicia y Derechos Humanos, Samuel Navarro se\u00f1al\u00f3 que \u201cconcurrimos a la comuna de Cisnes al Jard\u00edn Los Navegantes de la Junji a la entrega de c\u00e9dulas de identidad para los ni\u00f1os y ni\u00f1as que obtuvieron la captura inicial ac\u00e1 en su mismo jard\u00edn gracias a una gesti\u00f3n del Registro Civil, y nos ha parecido muy interesante estar presente con las familias e informarle el beneficio que tiene sobre todo en esta \u00e9poca invernal, en que los ni\u00f1os tienen que evitar las aglomeraciones, pero adem\u00e1s para reforzar lo que las educadoras nos han planteado respecto al derecho a la identidad que los ni\u00f1os y ni\u00f1as deben tener su c\u00e9dula para distintas gestiones que tienen que hacer junto a sus padres\u201d.<\/p>\n<p style=\"text-align: justify;\">Finalmente, el Director Regional del Servicio de Registro Civil e Identificaci\u00f3n Rodrigo Aguilera indic\u00f3 que \u201cpara nosotros como Registro Civil es tremendamente importante estar el d\u00eda de hoy ac\u00e1 en Puerto Cisnes en el Jard\u00edn Los Navegantes, dado que esto nos permite entregar la c\u00e9dula de identidad que es un derecho de los ni\u00f1os, y nosotros facilitamos el acceso a este derecho a los ni\u00f1os de los distintos jardines infantiles de la regi\u00f3n, adem\u00e1s ello permite que los ni\u00f1os no se desplacen, no salgan de su jard\u00edn para ir a nuestras oficinas, se realizan las coordinaciones, se les toma ac\u00e1 mismo la fotograf\u00eda para la c\u00e9dula, y luego hacemos una ceremonia para la entrega\u201d.<\/p>\n<\/div><\/section><\/div><div  style='height:50px' class='hr hr-invisible   avia-builder-el-6  el_after_av_one_full  el_before_av_social_share '><span class='hr-inner ' ><span class='hr-inner-style'><\/span><\/span><\/div><\/p>\n<div  class='av-social-sharing-box  avia-builder-el-7  el_after_av_hr  el_before_av_hr  '><div class='av-share-box'><h5 class='av-share-link-description av-no-toc '>Compartir esta noticia<\/h5><ul class='av-share-box-list noLightbox'><li class='av-share-link av-social-link-facebook' ><a target=\"_blank\" aria-label=\"Compartir en Facebook\" href='https:\/\/www.facebook.com\/sharer.php?u=https:\/\/radiorevelacionfm.cl\/?p=32320&#038;t=Puerto%20Cisnes%3A%20Diez%20ni%C3%B1os%20y%20ni%C3%B1as%20del%20Jard%C3%ADn%20Infantil%20Los%20Navegantes%20recibieron%20su%20%E2%80%9CPrimera%20C%C3%A9dula%E2%80%9D' aria-hidden='false' data-av_icon='\ue8f3' data-av_iconfont='entypo-fontello' title='' data-avia-related-tooltip='Compartir en Facebook' rel=\"noopener\"><span class='avia_hidden_link_text'>Compartir en Facebook<\/span><\/a><\/li><li class='av-share-link av-social-link-twitter' ><a target=\"_blank\" aria-label=\"Compartir en Twitter\" href='https:\/\/twitter.com\/share?text=Puerto%20Cisnes%3A%20Diez%20ni%C3%B1os%20y%20ni%C3%B1as%20del%20Jard%C3%ADn%20Infantil%20Los%20Navegantes%20recibieron%20su%20%E2%80%9CPrimera%20C%C3%A9dula%E2%80%9D&#038;url=https:\/\/radiorevelacionfm.cl\/?p=32320' aria-hidden='false' data-av_icon='\ue8f1' data-av_iconfont='entypo-fontello' title='' data-avia-related-tooltip='Compartir en Twitter' rel=\"noopener\"><span class='avia_hidden_link_text'>Compartir en Twitter<\/span><\/a><\/li><li class='av-share-link av-social-link-whatsapp' ><a target=\"_blank\" aria-label=\"Compartir en Whatsapp\" href='https:\/\/api.whatsapp.com\/send?text=https:\/\/radiorevelacionfm.cl\/?p=32320' aria-hidden='false' data-av_icon='\uf232' data-av_iconfont='entypo-fontello' title='' data-avia-related-tooltip='Compartir en Whatsapp' rel=\"noopener\"><span class='avia_hidden_link_text'>Compartir en Whatsapp<\/span><\/a><\/li><li class='av-share-link av-social-link-linkedin' ><a target=\"_blank\" aria-label=\"Compartir en LinkedIn\" href='https:\/\/linkedin.com\/shareArticle?mini=true&#038;title=Puerto%20Cisnes%3A%20Diez%20ni%C3%B1os%20y%20ni%C3%B1as%20del%20Jard%C3%ADn%20Infantil%20Los%20Navegantes%20recibieron%20su%20%E2%80%9CPrimera%20C%C3%A9dula%E2%80%9D&#038;url=https:\/\/radiorevelacionfm.cl\/?p=32320' aria-hidden='false' data-av_icon='\ue8fc' data-av_iconfont='entypo-fontello' title='' data-avia-related-tooltip='Compartir en LinkedIn' rel=\"noopener\"><span class='avia_hidden_link_text'>Compartir en LinkedIn<\/span><\/a><\/li><li class='av-share-link av-social-link-mail' ><a  aria-label=\"Compartir por correo\" href='mailto:?subject=Puerto%20Cisnes%3A%20Diez%20ni%C3%B1os%20y%20ni%C3%B1as%20del%20Jard%C3%ADn%20Infantil%20Los%20Navegantes%20recibieron%20su%20%E2%80%9CPrimera%20C%C3%A9dula%E2%80%9D&#038;body=https:\/\/radiorevelacionfm.cl\/?p=32320' aria-hidden='false' data-av_icon='\ue805' data-av_iconfont='entypo-fontello' title='' data-avia-related-tooltip='Compartir por correo'><span class='avia_hidden_link_text'>Compartir por correo<\/span><\/a><\/li><\/ul><\/div><\/div>\n<div  style='height:50px' class='hr hr-invisible   avia-builder-el-8  el_after_av_social_share  el_before_av_comments_list '><span class='hr-inner ' ><span class='hr-inner-style'><\/span><\/span><\/div>\n<div  class='av-buildercomment  av-blog-meta-html-info-disabled av-blog-meta-tag-disabled  '><\/div>\n","protected":false},"excerpt":{"rendered":"","protected":false},"author":1,"featured_media":32321,"comment_status":"open","ping_status":"open","sticky":false,"template":"","format":"standard","meta":{"footnotes":""},"categories":[49],"tags":[],"class_list":["post-32320","post","type-post","status-publish","format-standard","has-post-thumbnail","hentry","category-educacion"],"jetpack_featured_media_url":"https:\/\/radiorevelacionfm.cl\/wp-content\/uploads\/2023\/06\/mi-primera-cedula-2-1-2.jpg","_links":{"self":[{"href":"https:\/\/radiorevelacionfm.cl\/index.php?rest_route=\/wp\/v2\/posts\/32320","targetHints":{"allow":["GET"]}}],"collection":[{"href":"https:\/\/radiorevelacionfm.cl\/index.php?rest_route=\/wp\/v2\/posts"}],"about":[{"href":"https:\/\/radiorevelacionfm.cl\/index.php?rest_route=\/wp\/v2\/types\/post"}],"author":[{"embeddable":true,"href":"https:\/\/radiorevelacionfm.cl\/index.php?rest_route=\/wp\/v2\/users\/1"}],"replies":[{"embeddable":true,"href":"https:\/\/radiorevelacionfm.cl\/index.php?rest_route=%2Fwp%2Fv2%2Fcomments&post=32320"}],"version-history":[{"count":1,"href":"https:\/\/radiorevelacionfm.cl\/index.php?rest_route=\/wp\/v2\/posts\/32320\/revisions"}],"predecessor-version":[{"id":32322,"href":"https:\/\/radiorevelacionfm.cl\/index.php?rest_route=\/wp\/v2\/posts\/32320\/revisions\/32322"}],"wp:featuredmedia":[{"embeddable":true,"href":"https:\/\/radiorevelacionfm.cl\/index.php?rest_route=\/wp\/v2\/media\/32321"}],"wp:attachment":[{"href":"https:\/\/radiorevelacionfm.cl\/index.php?rest_route=%2Fwp%2Fv2%2Fmedia&parent=32320"}],"wp:term":[{"taxonomy":"category","embeddable":true,"href":"https:\/\/radiorevelacionfm.cl\/index.php?rest_route=%2Fwp%2Fv2%2Fcategories&post=32320"},{"taxonomy":"post_tag","embeddable":true,"href":"https:\/\/radiorevelacionfm.cl\/index.php?rest_route=%2Fwp%2Fv2%2Ftags&post=32320"}],"curies":[{"name":"wp","href":"https:\/\/api.w.org\/{rel}","templated":true}]}}