{"id":32315,"date":"2023-06-22T13:25:32","date_gmt":"2023-06-22T16:25:32","guid":{"rendered":"https:\/\/radiorevelacionfm.cl\/?p=32315"},"modified":"2023-06-22T13:25:32","modified_gmt":"2023-06-22T16:25:32","slug":"familias-de-coyhaique-fortalecieron-habilidades-para-la-vida-gracias-al-programa-accion-del-fosis","status":"publish","type":"post","link":"https:\/\/radiorevelacionfm.cl\/?p=32315","title":{"rendered":"Familias de Coyhaique fortalecieron habilidades para la vida gracias al programa Acci\u00f3n del Fosis"},"content":{"rendered":"<div class=\"flex_column av_one_full  flex_column_div av-zero-column-padding first  avia-builder-el-0  el_before_av_one_full  avia-builder-el-first  \" style='border-radius:0px; '><div  class='avia-image-container  av-styling-    avia-builder-el-1  avia-builder-el-no-sibling  avia-align-center '  itemprop=\"image\" itemscope=\"itemscope\" itemtype=\"https:\/\/schema.org\/ImageObject\"  ><div class='avia-image-container-inner'><div class='avia-image-overlay-wrap'><img decoding=\"async\" class='wp-image-32316 avia-img-lazy-loading-not-32316 avia_image' src=\"https:\/\/radiorevelacionfm.cl\/wp-content\/uploads\/2023\/06\/Accion-Coyhaique-FOSIS-1-1-1.jpg\" alt='' title='Acci\u00f3n Coyhaique FOSIS 1 (1) (1)' height=\"600\" width=\"989\"  itemprop=\"thumbnailUrl\" srcset=\"https:\/\/radiorevelacionfm.cl\/wp-content\/uploads\/2023\/06\/Accion-Coyhaique-FOSIS-1-1-1.jpg 989w, https:\/\/radiorevelacionfm.cl\/wp-content\/uploads\/2023\/06\/Accion-Coyhaique-FOSIS-1-1-1-300x182.jpg 300w, https:\/\/radiorevelacionfm.cl\/wp-content\/uploads\/2023\/06\/Accion-Coyhaique-FOSIS-1-1-1-768x466.jpg 768w, https:\/\/radiorevelacionfm.cl\/wp-content\/uploads\/2023\/06\/Accion-Coyhaique-FOSIS-1-1-1-705x428.jpg 705w, https:\/\/radiorevelacionfm.cl\/wp-content\/uploads\/2023\/06\/Accion-Coyhaique-FOSIS-1-1-1-450x273.jpg 450w, https:\/\/radiorevelacionfm.cl\/wp-content\/uploads\/2023\/06\/Accion-Coyhaique-FOSIS-1-1-1-600x364.jpg 600w\" sizes=\"(max-width: 989px) 100vw, 989px\" \/><\/div><\/div><\/div><\/div><div class=\"flex_column av_one_full  flex_column_div av-zero-column-padding first  avia-builder-el-2  el_after_av_one_full  el_before_av_one_full  column-top-margin\" style='border-radius:0px; '><section class=\"av_textblock_section \"  itemscope=\"itemscope\" itemtype=\"https:\/\/schema.org\/BlogPosting\" itemprop=\"blogPost\" ><div class='avia_textblock  '   itemprop=\"text\" ><p style=\"text-align: center;\"><strong><span style=\"font-size: 18pt;\">Familias de Coyhaique fortalecieron habilidades para la vida gracias al programa Acci\u00f3n del Fosis<\/span><\/strong><\/p>\n<div id=\"gtx-trans\" style=\"position: absolute; left: -50px; top: 4.31534px;\">\n<div class=\"gtx-trans-icon\"><\/div>\n<\/div>\n<\/div><\/section><\/div><div class=\"flex_column av_one_full  flex_column_div av-zero-column-padding first  avia-builder-el-4  el_after_av_one_full  el_before_av_hr  column-top-margin\" style='border-radius:0px; '><section class=\"av_textblock_section \"  itemscope=\"itemscope\" itemtype=\"https:\/\/schema.org\/BlogPosting\" itemprop=\"blogPost\" ><div class='avia_textblock  '   itemprop=\"text\" ><p style=\"text-align: justify;\">El programa Acci\u00f3n, financiado por el Fondo de Solidaridad e Inversi\u00f3n Social, FOSIS, intervino a 25 familias de Coyhaique, con el objetivo de poder desarrollar habilidades para la vida, enfocadas en las relaciones al interior de los hogares y entre los hogares que viven en una comunidad, a trav\u00e9s de la ejecuci\u00f3n de planes de trabajo familiares.<\/p>\n<p style=\"text-align: justify;\">Durante la etapa de formaci\u00f3n, las familias participantes abordaron tem\u00e1ticas como: Autoconocimiento, empat\u00eda, comunicaci\u00f3n asertiva, comunicaciones interpersonales, manejo de emociones, manejo del estr\u00e9s, capacidad para la toma de decisiones y resoluci\u00f3n de conflictos.<\/p>\n<p style=\"text-align: justify;\">Para la implementaci\u00f3n del plan de trabajo familiar, cada familia decidi\u00f3 qu\u00e9 pod\u00eda financiar de acuerdo con sus necesidades. Gran parte de los usuarios y usuarias priorizaron la adquisici\u00f3n de \u00fatiles escolares y uniformes, con el objetivo de promover la importancia del estudio y educaci\u00f3n para los ni\u00f1os, ni\u00f1as y adolescentes.<\/p>\n<p style=\"text-align: justify;\">Carolina Quilodr\u00e1n, Due\u00f1a de casa y usuaria del programa Acci\u00f3n, valor\u00f3 positivamente la intervenci\u00f3n y asegur\u00f3 que \u201caprendimos sobre el diario vivir que hemos tenido con nuestros hijos, nuestra familia y el entorno. Participamos de muchos talleres donde tuvimos el apoyo de un asistente social y nos hicieron visitas a nuestros hogares\u201d.<\/p>\n<p style=\"text-align: justify;\">Por su parte, la usuaria Evelyn Ulloa, destac\u00f3 que \u201cfue una instancia muy bonita para m\u00ed, para convivir con otras personas de mi edad, de las mismas edades de los hijos. Rescato mucho el hecho de que refuerzan la importancia de la familia, c\u00f3mo tratar el d\u00eda a d\u00eda y me gustar\u00eda que esta experiencia se pueda replicar en muchas m\u00e1s familias\u201d.<\/p>\n<p style=\"text-align: justify;\">Fernanda Leiva, Directora Regional del FOSIS en Ays\u00e9n, manifest\u00f3 que \u00abestamos muy contentos de participar en la actividad, de escuchar las experiencias de los usuarios y usuarias que participaron activamente de este proceso; junto con ver las herramientas que se llevan para poner en pr\u00e1ctica en su vida diaria en conjunto con sus familias, para salir adelante, desarrollando habilidades que son importantes para el crecimiento personal y familiar\u00bb.<\/p>\n<p style=\"text-align: justify;\">El programa Acci\u00f3n del FOSIS est\u00e1 dirigido a hogares con ni\u00f1os, ni\u00f1as y\/o adolescentes de hasta 18 a\u00f1os, que se encuentran dentro del 60% de vulnerabilidad seg\u00fan Registro Social del Hogares.<\/p>\n<\/div><\/section><\/div><div  style='height:50px' class='hr hr-invisible   avia-builder-el-6  el_after_av_one_full  el_before_av_social_share '><span class='hr-inner ' ><span class='hr-inner-style'><\/span><\/span><\/div><\/p>\n<div  class='av-social-sharing-box  avia-builder-el-7  el_after_av_hr  el_before_av_hr  '><div class='av-share-box'><h5 class='av-share-link-description av-no-toc '>Compartir esta noticia<\/h5><ul class='av-share-box-list noLightbox'><li class='av-share-link av-social-link-facebook' ><a target=\"_blank\" aria-label=\"Compartir en Facebook\" href='https:\/\/www.facebook.com\/sharer.php?u=https:\/\/radiorevelacionfm.cl\/?p=32315&#038;t=Familias%20de%20Coyhaique%20fortalecieron%20habilidades%20para%20la%20vida%20gracias%20al%20programa%20Acci%C3%B3n%20del%20Fosis' aria-hidden='false' data-av_icon='\ue8f3' data-av_iconfont='entypo-fontello' title='' data-avia-related-tooltip='Compartir en Facebook' rel=\"noopener\"><span class='avia_hidden_link_text'>Compartir en Facebook<\/span><\/a><\/li><li class='av-share-link av-social-link-twitter' ><a target=\"_blank\" aria-label=\"Compartir en Twitter\" href='https:\/\/twitter.com\/share?text=Familias%20de%20Coyhaique%20fortalecieron%20habilidades%20para%20la%20vida%20gracias%20al%20programa%20Acci%C3%B3n%20del%20Fosis&#038;url=https:\/\/radiorevelacionfm.cl\/?p=32315' aria-hidden='false' data-av_icon='\ue8f1' data-av_iconfont='entypo-fontello' title='' data-avia-related-tooltip='Compartir en Twitter' rel=\"noopener\"><span class='avia_hidden_link_text'>Compartir en Twitter<\/span><\/a><\/li><li class='av-share-link av-social-link-whatsapp' ><a target=\"_blank\" aria-label=\"Compartir en Whatsapp\" href='https:\/\/api.whatsapp.com\/send?text=https:\/\/radiorevelacionfm.cl\/?p=32315' aria-hidden='false' data-av_icon='\uf232' data-av_iconfont='entypo-fontello' title='' data-avia-related-tooltip='Compartir en Whatsapp' rel=\"noopener\"><span class='avia_hidden_link_text'>Compartir en Whatsapp<\/span><\/a><\/li><li class='av-share-link av-social-link-linkedin' ><a target=\"_blank\" aria-label=\"Compartir en LinkedIn\" href='https:\/\/linkedin.com\/shareArticle?mini=true&#038;title=Familias%20de%20Coyhaique%20fortalecieron%20habilidades%20para%20la%20vida%20gracias%20al%20programa%20Acci%C3%B3n%20del%20Fosis&#038;url=https:\/\/radiorevelacionfm.cl\/?p=32315' aria-hidden='false' data-av_icon='\ue8fc' data-av_iconfont='entypo-fontello' title='' data-avia-related-tooltip='Compartir en LinkedIn' rel=\"noopener\"><span class='avia_hidden_link_text'>Compartir en LinkedIn<\/span><\/a><\/li><li class='av-share-link av-social-link-mail' ><a  aria-label=\"Compartir por correo\" href='mailto:?subject=Familias%20de%20Coyhaique%20fortalecieron%20habilidades%20para%20la%20vida%20gracias%20al%20programa%20Acci%C3%B3n%20del%20Fosis&#038;body=https:\/\/radiorevelacionfm.cl\/?p=32315' aria-hidden='false' data-av_icon='\ue805' data-av_iconfont='entypo-fontello' title='' data-avia-related-tooltip='Compartir por correo'><span class='avia_hidden_link_text'>Compartir por correo<\/span><\/a><\/li><\/ul><\/div><\/div>\n<div  style='height:50px' class='hr hr-invisible   avia-builder-el-8  el_after_av_social_share  el_before_av_comments_list '><span class='hr-inner ' ><span class='hr-inner-style'><\/span><\/span><\/div>\n<div  class='av-buildercomment  av-blog-meta-html-info-disabled av-blog-meta-tag-disabled  '><\/div>\n","protected":false},"excerpt":{"rendered":"","protected":false},"author":1,"featured_media":32316,"comment_status":"open","ping_status":"open","sticky":false,"template":"","format":"standard","meta":{"footnotes":""},"categories":[38],"tags":[],"class_list":["post-32315","post","type-post","status-publish","format-standard","has-post-thumbnail","hentry","category-regional"],"jetpack_featured_media_url":"https:\/\/radiorevelacionfm.cl\/wp-content\/uploads\/2023\/06\/Accion-Coyhaique-FOSIS-1-1-1.jpg","_links":{"self":[{"href":"https:\/\/radiorevelacionfm.cl\/index.php?rest_route=\/wp\/v2\/posts\/32315","targetHints":{"allow":["GET"]}}],"collection":[{"href":"https:\/\/radiorevelacionfm.cl\/index.php?rest_route=\/wp\/v2\/posts"}],"about":[{"href":"https:\/\/radiorevelacionfm.cl\/index.php?rest_route=\/wp\/v2\/types\/post"}],"author":[{"embeddable":true,"href":"https:\/\/radiorevelacionfm.cl\/index.php?rest_route=\/wp\/v2\/users\/1"}],"replies":[{"embeddable":true,"href":"https:\/\/radiorevelacionfm.cl\/index.php?rest_route=%2Fwp%2Fv2%2Fcomments&post=32315"}],"version-history":[{"count":1,"href":"https:\/\/radiorevelacionfm.cl\/index.php?rest_route=\/wp\/v2\/posts\/32315\/revisions"}],"predecessor-version":[{"id":32317,"href":"https:\/\/radiorevelacionfm.cl\/index.php?rest_route=\/wp\/v2\/posts\/32315\/revisions\/32317"}],"wp:featuredmedia":[{"embeddable":true,"href":"https:\/\/radiorevelacionfm.cl\/index.php?rest_route=\/wp\/v2\/media\/32316"}],"wp:attachment":[{"href":"https:\/\/radiorevelacionfm.cl\/index.php?rest_route=%2Fwp%2Fv2%2Fmedia&parent=32315"}],"wp:term":[{"taxonomy":"category","embeddable":true,"href":"https:\/\/radiorevelacionfm.cl\/index.php?rest_route=%2Fwp%2Fv2%2Fcategories&post=32315"},{"taxonomy":"post_tag","embeddable":true,"href":"https:\/\/radiorevelacionfm.cl\/index.php?rest_route=%2Fwp%2Fv2%2Ftags&post=32315"}],"curies":[{"name":"wp","href":"https:\/\/api.w.org\/{rel}","templated":true}]}}