{"id":32312,"date":"2023-06-22T12:00:50","date_gmt":"2023-06-22T15:00:50","guid":{"rendered":"https:\/\/radiorevelacionfm.cl\/?p=32312"},"modified":"2023-06-22T12:00:50","modified_gmt":"2023-06-22T15:00:50","slug":"exitosa-clinica-deportiva-con-fernando-gonzalez-y-nicolas-massu-se-desarrollo-en-puerto-aysen","status":"publish","type":"post","link":"https:\/\/radiorevelacionfm.cl\/?p=32312","title":{"rendered":"Exitosa cl\u00ednica deportiva con Fernando Gonz\u00e1lez y Nicol\u00e1s Mass\u00fa se desarroll\u00f3 en Puerto Ays\u00e9n"},"content":{"rendered":"<div class=\"flex_column av_one_full  flex_column_div av-zero-column-padding first  avia-builder-el-0  el_before_av_one_full  avia-builder-el-first  \" style='border-radius:0px; '><div  class='avia-image-container  av-styling-    avia-builder-el-1  avia-builder-el-no-sibling  avia-align-center '  itemprop=\"image\" itemscope=\"itemscope\" itemtype=\"https:\/\/schema.org\/ImageObject\"  ><div class='avia-image-container-inner'><div class='avia-image-overlay-wrap'><img decoding=\"async\" class='wp-image-32313 avia-img-lazy-loading-not-32313 avia_image' src=\"https:\/\/radiorevelacionfm.cl\/wp-content\/uploads\/2023\/06\/fotografia-11-1_optimized-1.jpg\" alt='' title='fotograf\u00eda-(11)-(1)_optimized (1)' height=\"600\" width=\"900\"  itemprop=\"thumbnailUrl\" srcset=\"https:\/\/radiorevelacionfm.cl\/wp-content\/uploads\/2023\/06\/fotografia-11-1_optimized-1.jpg 900w, https:\/\/radiorevelacionfm.cl\/wp-content\/uploads\/2023\/06\/fotografia-11-1_optimized-1-300x200.jpg 300w, https:\/\/radiorevelacionfm.cl\/wp-content\/uploads\/2023\/06\/fotografia-11-1_optimized-1-768x512.jpg 768w, https:\/\/radiorevelacionfm.cl\/wp-content\/uploads\/2023\/06\/fotografia-11-1_optimized-1-705x470.jpg 705w, https:\/\/radiorevelacionfm.cl\/wp-content\/uploads\/2023\/06\/fotografia-11-1_optimized-1-450x300.jpg 450w, https:\/\/radiorevelacionfm.cl\/wp-content\/uploads\/2023\/06\/fotografia-11-1_optimized-1-600x400.jpg 600w\" sizes=\"(max-width: 900px) 100vw, 900px\" \/><\/div><\/div><\/div><\/div><div class=\"flex_column av_one_full  flex_column_div av-zero-column-padding first  avia-builder-el-2  el_after_av_one_full  el_before_av_one_full  column-top-margin\" style='border-radius:0px; '><section class=\"av_textblock_section \"  itemscope=\"itemscope\" itemtype=\"https:\/\/schema.org\/BlogPosting\" itemprop=\"blogPost\" ><div class='avia_textblock  '   itemprop=\"text\" ><p style=\"text-align: center;\"><strong><span style=\"font-size: 18pt;\">Exitosa cl\u00ednica deportiva con Fernando Gonz\u00e1lez y Nicol\u00e1s Mass\u00fa se desarroll\u00f3 en Puerto Ays\u00e9n<\/span><\/strong><\/p>\n<div id=\"gtx-trans\" style=\"position: absolute; left: -50px; top: 4.31534px;\">\n<div class=\"gtx-trans-icon\"><\/div>\n<\/div>\n<\/div><\/section><\/div><div class=\"flex_column av_one_full  flex_column_div av-zero-column-padding first  avia-builder-el-4  el_after_av_one_full  el_before_av_hr  column-top-margin\" style='border-radius:0px; '><section class=\"av_textblock_section \"  itemscope=\"itemscope\" itemtype=\"https:\/\/schema.org\/BlogPosting\" itemprop=\"blogPost\" ><div class='avia_textblock  '   itemprop=\"text\" ><p style=\"text-align: justify;\">Ni\u00f1as, ni\u00f1os y adolescentes participaron en la cl\u00ednica gratuita de tenis organizada por la Corporaci\u00f3n de Deporte y Recreaci\u00f3n de la Ilustre Municipalidad de Ays\u00e9n, en la que se cont\u00f3 con la destacada presencia de los tenistas Fernando Gonz\u00e1lez y Nicol\u00e1s Mass\u00fa. El evento fue un \u00e9xito, fomentando la pr\u00e1ctica deportiva y transmitiendo importantes valores a los j\u00f3venes deportistas.<\/p>\n<p style=\"text-align: justify;\">Por primera vez en nuestra comuna, se llev\u00f3 a cabo este encuentro deportivo de gran relevancia que conmemor\u00f3 las carreras de dos de los mejores tenistas de la historia de nuestro pa\u00eds, Fernando Gonz\u00e1lez y Nicol\u00e1s Mass\u00fa. El evento tuvo lugar en el Polideportivo 21 de abril y cont\u00f3 con la asistencia de numerosas personas tanto presencial como a trav\u00e9s de la transmisi\u00f3n en l\u00ednea en las redes sociales del municipio.<\/p>\n<p style=\"text-align: justify;\">\u201cNuestra comuna est\u00e1 siendo nuevamente la capital del deporte regional, y con este tipo de espect\u00e1culos motivamos a nuestros j\u00f3venes y ni\u00f1os a que se motiven, encaus\u00e1ndolos por el bien del deporte\u201d, coment\u00f3 el alcalde, Julio Uribe Alvarado.<\/p>\n<p style=\"text-align: justify;\">Por otro lado, el director de la Corporaci\u00f3n de Deporte y Recreaci\u00f3n, Carlos C\u00e1rcamo Adriazola, destac\u00f3 la buena recepci\u00f3n por parte de la comunidad aysenina hacia la actividad, \u201cnosotros felices de poder entregar esta instancia donde estos grandes deportistas ol\u00edmpicos puedan ense\u00f1arle conceptos ligados al deporte a nuestras ni\u00f1as, ni\u00f1os y j\u00f3venes de la localidad. La actividad fue un \u00e9xito y como Corporaci\u00f3n de Deporte y Recreaci\u00f3n de la Ilustre Municipalidad de Ays\u00e9n nos encontramos felices por esta actividad\u201d, puntualiz\u00f3.<\/p>\n<\/div><\/section><\/div><div  style='height:50px' class='hr hr-invisible   avia-builder-el-6  el_after_av_one_full  el_before_av_social_share '><span class='hr-inner ' ><span class='hr-inner-style'><\/span><\/span><\/div><\/p>\n<div  class='av-social-sharing-box  avia-builder-el-7  el_after_av_hr  el_before_av_hr  '><div class='av-share-box'><h5 class='av-share-link-description av-no-toc '>Compartir esta noticia<\/h5><ul class='av-share-box-list noLightbox'><li class='av-share-link av-social-link-facebook' ><a target=\"_blank\" aria-label=\"Compartir en Facebook\" href='https:\/\/www.facebook.com\/sharer.php?u=https:\/\/radiorevelacionfm.cl\/?p=32312&#038;t=Exitosa%20cl%C3%ADnica%20deportiva%20con%20Fernando%20Gonz%C3%A1lez%20y%20Nicol%C3%A1s%20Mass%C3%BA%20se%20desarroll%C3%B3%20en%20Puerto%20Ays%C3%A9n' aria-hidden='false' data-av_icon='\ue8f3' data-av_iconfont='entypo-fontello' title='' data-avia-related-tooltip='Compartir en Facebook' rel=\"noopener\"><span class='avia_hidden_link_text'>Compartir en Facebook<\/span><\/a><\/li><li class='av-share-link av-social-link-twitter' ><a target=\"_blank\" aria-label=\"Compartir en Twitter\" href='https:\/\/twitter.com\/share?text=Exitosa%20cl%C3%ADnica%20deportiva%20con%20Fernando%20Gonz%C3%A1lez%20y%20Nicol%C3%A1s%20Mass%C3%BA%20se%20desarroll%C3%B3%20en%20Puerto%20Ays%C3%A9n&#038;url=https:\/\/radiorevelacionfm.cl\/?p=32312' aria-hidden='false' data-av_icon='\ue8f1' data-av_iconfont='entypo-fontello' title='' data-avia-related-tooltip='Compartir en Twitter' rel=\"noopener\"><span class='avia_hidden_link_text'>Compartir en Twitter<\/span><\/a><\/li><li class='av-share-link av-social-link-whatsapp' ><a target=\"_blank\" aria-label=\"Compartir en Whatsapp\" href='https:\/\/api.whatsapp.com\/send?text=https:\/\/radiorevelacionfm.cl\/?p=32312' aria-hidden='false' data-av_icon='\uf232' data-av_iconfont='entypo-fontello' title='' data-avia-related-tooltip='Compartir en Whatsapp' rel=\"noopener\"><span class='avia_hidden_link_text'>Compartir en Whatsapp<\/span><\/a><\/li><li class='av-share-link av-social-link-linkedin' ><a target=\"_blank\" aria-label=\"Compartir en LinkedIn\" href='https:\/\/linkedin.com\/shareArticle?mini=true&#038;title=Exitosa%20cl%C3%ADnica%20deportiva%20con%20Fernando%20Gonz%C3%A1lez%20y%20Nicol%C3%A1s%20Mass%C3%BA%20se%20desarroll%C3%B3%20en%20Puerto%20Ays%C3%A9n&#038;url=https:\/\/radiorevelacionfm.cl\/?p=32312' aria-hidden='false' data-av_icon='\ue8fc' data-av_iconfont='entypo-fontello' title='' data-avia-related-tooltip='Compartir en LinkedIn' rel=\"noopener\"><span class='avia_hidden_link_text'>Compartir en LinkedIn<\/span><\/a><\/li><li class='av-share-link av-social-link-mail' ><a  aria-label=\"Compartir por correo\" href='mailto:?subject=Exitosa%20cl%C3%ADnica%20deportiva%20con%20Fernando%20Gonz%C3%A1lez%20y%20Nicol%C3%A1s%20Mass%C3%BA%20se%20desarroll%C3%B3%20en%20Puerto%20Ays%C3%A9n&#038;body=https:\/\/radiorevelacionfm.cl\/?p=32312' aria-hidden='false' data-av_icon='\ue805' data-av_iconfont='entypo-fontello' title='' data-avia-related-tooltip='Compartir por correo'><span class='avia_hidden_link_text'>Compartir por correo<\/span><\/a><\/li><\/ul><\/div><\/div>\n<div  style='height:50px' class='hr hr-invisible   avia-builder-el-8  el_after_av_social_share  el_before_av_comments_list '><span class='hr-inner ' ><span class='hr-inner-style'><\/span><\/span><\/div>\n<div  class='av-buildercomment  av-blog-meta-html-info-disabled av-blog-meta-tag-disabled  '><\/div>\n","protected":false},"excerpt":{"rendered":"","protected":false},"author":1,"featured_media":32313,"comment_status":"open","ping_status":"open","sticky":false,"template":"","format":"standard","meta":{"footnotes":""},"categories":[40],"tags":[],"class_list":["post-32312","post","type-post","status-publish","format-standard","has-post-thumbnail","hentry","category-deportes"],"jetpack_featured_media_url":"https:\/\/radiorevelacionfm.cl\/wp-content\/uploads\/2023\/06\/fotografia-11-1_optimized-1.jpg","_links":{"self":[{"href":"https:\/\/radiorevelacionfm.cl\/index.php?rest_route=\/wp\/v2\/posts\/32312","targetHints":{"allow":["GET"]}}],"collection":[{"href":"https:\/\/radiorevelacionfm.cl\/index.php?rest_route=\/wp\/v2\/posts"}],"about":[{"href":"https:\/\/radiorevelacionfm.cl\/index.php?rest_route=\/wp\/v2\/types\/post"}],"author":[{"embeddable":true,"href":"https:\/\/radiorevelacionfm.cl\/index.php?rest_route=\/wp\/v2\/users\/1"}],"replies":[{"embeddable":true,"href":"https:\/\/radiorevelacionfm.cl\/index.php?rest_route=%2Fwp%2Fv2%2Fcomments&post=32312"}],"version-history":[{"count":1,"href":"https:\/\/radiorevelacionfm.cl\/index.php?rest_route=\/wp\/v2\/posts\/32312\/revisions"}],"predecessor-version":[{"id":32314,"href":"https:\/\/radiorevelacionfm.cl\/index.php?rest_route=\/wp\/v2\/posts\/32312\/revisions\/32314"}],"wp:featuredmedia":[{"embeddable":true,"href":"https:\/\/radiorevelacionfm.cl\/index.php?rest_route=\/wp\/v2\/media\/32313"}],"wp:attachment":[{"href":"https:\/\/radiorevelacionfm.cl\/index.php?rest_route=%2Fwp%2Fv2%2Fmedia&parent=32312"}],"wp:term":[{"taxonomy":"category","embeddable":true,"href":"https:\/\/radiorevelacionfm.cl\/index.php?rest_route=%2Fwp%2Fv2%2Fcategories&post=32312"},{"taxonomy":"post_tag","embeddable":true,"href":"https:\/\/radiorevelacionfm.cl\/index.php?rest_route=%2Fwp%2Fv2%2Ftags&post=32312"}],"curies":[{"name":"wp","href":"https:\/\/api.w.org\/{rel}","templated":true}]}}