{"id":32309,"date":"2023-06-22T11:03:55","date_gmt":"2023-06-22T14:03:55","guid":{"rendered":"https:\/\/radiorevelacionfm.cl\/?p=32309"},"modified":"2023-06-22T11:03:55","modified_gmt":"2023-06-22T14:03:55","slug":"historia-de-vida-de-cinco-mujeres-de-raul-marin-balmaceda-se-exhibira-en-el-museo-regional-de-aysen","status":"publish","type":"post","link":"https:\/\/radiorevelacionfm.cl\/?p=32309","title":{"rendered":"Historia de vida de cinco mujeres de Ra\u00fal Mar\u00edn Balmaceda se exhibir\u00e1 en el Museo Regional de Ays\u00e9n"},"content":{"rendered":"<div class=\"flex_column av_one_full  flex_column_div av-zero-column-padding first  avia-builder-el-0  el_before_av_one_full  avia-builder-el-first  \" style='border-radius:0px; '><div  class='avia-image-container  av-styling-    avia-builder-el-1  avia-builder-el-no-sibling  avia-align-center '  itemprop=\"image\" itemscope=\"itemscope\" itemtype=\"https:\/\/schema.org\/ImageObject\"  ><div class='avia-image-container-inner'><div class='avia-image-overlay-wrap'><img decoding=\"async\" class='wp-image-32310 avia-img-lazy-loading-not-32310 avia_image' src=\"https:\/\/radiorevelacionfm.cl\/wp-content\/uploads\/2023\/06\/IMAGEN-2-NENA-vers2-1-1.jpg\" alt='' title='IMAGEN 2 NENA vers2 (1) (1)' height=\"600\" width=\"900\"  itemprop=\"thumbnailUrl\" srcset=\"https:\/\/radiorevelacionfm.cl\/wp-content\/uploads\/2023\/06\/IMAGEN-2-NENA-vers2-1-1.jpg 900w, https:\/\/radiorevelacionfm.cl\/wp-content\/uploads\/2023\/06\/IMAGEN-2-NENA-vers2-1-1-300x200.jpg 300w, https:\/\/radiorevelacionfm.cl\/wp-content\/uploads\/2023\/06\/IMAGEN-2-NENA-vers2-1-1-768x512.jpg 768w, https:\/\/radiorevelacionfm.cl\/wp-content\/uploads\/2023\/06\/IMAGEN-2-NENA-vers2-1-1-705x470.jpg 705w, https:\/\/radiorevelacionfm.cl\/wp-content\/uploads\/2023\/06\/IMAGEN-2-NENA-vers2-1-1-450x300.jpg 450w, https:\/\/radiorevelacionfm.cl\/wp-content\/uploads\/2023\/06\/IMAGEN-2-NENA-vers2-1-1-600x400.jpg 600w\" sizes=\"(max-width: 900px) 100vw, 900px\" \/><\/div><\/div><\/div><\/div><div class=\"flex_column av_one_full  flex_column_div av-zero-column-padding first  avia-builder-el-2  el_after_av_one_full  el_before_av_one_full  column-top-margin\" style='border-radius:0px; '><section class=\"av_textblock_section \"  itemscope=\"itemscope\" itemtype=\"https:\/\/schema.org\/BlogPosting\" itemprop=\"blogPost\" ><div class='avia_textblock  '   itemprop=\"text\" ><p style=\"text-align: center;\"><strong><span style=\"font-size: 18pt;\">Historia de vida de cinco mujeres de Ra\u00fal Mar\u00edn Balmaceda se exhibir\u00e1 en el Museo Regional de Ays\u00e9n<\/span><\/strong><\/p>\n<div id=\"gtx-trans\" style=\"position: absolute; left: -50px; top: 4.31534px;\">\n<div class=\"gtx-trans-icon\"><\/div>\n<\/div>\n<\/div><\/section><\/div><div class=\"flex_column av_one_full  flex_column_div av-zero-column-padding first  avia-builder-el-4  el_after_av_one_full  el_before_av_hr  column-top-margin\" style='border-radius:0px; '><section class=\"av_textblock_section \"  itemscope=\"itemscope\" itemtype=\"https:\/\/schema.org\/BlogPosting\" itemprop=\"blogPost\" ><div class='avia_textblock  '   itemprop=\"text\" ><p style=\"text-align: justify;\"><span style=\"font-weight: 400;\">A partir del 6 de Julio, estar\u00e1 disponible el proyecto \u201cPermanencia, narrativas gr\u00e1ficas de mujeres australes\u201d, financiado por el Fondo Regional de Desarrollo Cultural y las Artes, en su l\u00ednea creaci\u00f3n art\u00edstica, convocatoria 2022.\u00a0<\/span><\/p>\n<p style=\"text-align: justify;\"><span style=\"font-weight: 400;\">A cargo de Alejandra Gonz\u00e1lez Born, ilustradora y retratista, esta iniciativa pone en valor las historias de vida de un peque\u00f1o grupo de mujeres adultas mayores de la costera localidad de Puerto Ra\u00fal Mar\u00edn Balmaceda, proceso creativo de investigaci\u00f3n y representaci\u00f3n que culmina en una composici\u00f3n visual a modo de retrato.\u00a0<\/span><\/p>\n<p style=\"text-align: justify;\"><span style=\"font-weight: 400;\">\u201cA trav\u00e9s de entrevistas personales que fueron cruzadas con los procesos de investigaci\u00f3n y salvaguarda patrimonial que hemos llevado a cabo en la localidad, por medio de la organizaci\u00f3n Mujer Austral, se levanta esta puesta en valor de aquellas mujeres que han permanecido y han logrado traspasar la memoria e identidad local a las siguientes generaciones durante los distintos procesos socio-productivos y de asentamiento en el territorio\u201d, cometa Nathalie Brito Vergara, gestora cultural e investigadora del proyecto.\u00a0<\/span><\/p>\n<p style=\"text-align: justify;\"><span style=\"font-weight: 400;\">Por su parte el seremi de Culturas Ays\u00e9n, Felipe Quiroz, destac\u00f3 que \u201ceste proyecto aborda la tremenda importancia de las primeras mujeres que habitaron el norte de la Regi\u00f3n de Ays\u00e9n, espec\u00edficamente Ra\u00fal Mar\u00edn Balmaceda y crearon algo tan trascendente como la comunidad inicial, adapt\u00e1ndose a las fuertes inclemencias y el aislamiento. Se trata de testimonios gr\u00e1ficos y entrevistas que evidencian el fuerte compromiso de estas mujeres con su pueblo y lo que hacen y han hecho para resistir el paso del tiempo y reponerse a las adversidades. Para esta Seremi de Culturas Ays\u00e9n es sumamente relevante que la mujer aysenina protagonice proyectos que se financian a trav\u00e9s de los Fondos de Cultura\u201d.<\/span><\/p>\n<p style=\"text-align: justify;\"><span style=\"font-weight: 400;\">\u201cLo importante para nosotras era poder acercar estas historias a las nuevas generaciones, buscar medios gr\u00e1ficos y de expresi\u00f3n que fueran m\u00e1s cercanos a los j\u00f3venes, entrelazando t\u00e9cnicas digitales y an\u00e1logas para la creaci\u00f3n de estas narrativas, adapt\u00e1ndolas a cada aspecto de las historias de vida de estas mujeres. Es as\u00ed como se destaca, por ejemplo, el trabajo con el pelillo en la vida de Matilde Ram\u00edrez, los a\u00f1os dedicados a la Escuela Amanda Labarca de Leticia Ruiz, la labor como Jueza de Distrito de Magaly Valle, la dirigencia comunitaria de Viola Canicura y las artes de pesca de Elena Lagos\u201d, enfatiza Alejandra Gonz\u00e1lez Born.<\/span><\/p>\n<p style=\"text-align: justify;\"><span style=\"font-weight: 400;\">Este proyecto ser\u00e1 inaugurado el viernes 30 de junio a las 16:00 horas en la delegaci\u00f3n Municipal de Ra\u00fal Mar\u00edn Balmaceda y corresponde a la primera colecci\u00f3n del futuro Museo Comunitario de la localidad. Luego pasar\u00e1 a exhibici\u00f3n desde el jueves 6 de Julio a las 18 horas al Museo Regional de Ays\u00e9n. Para m\u00e1s informaci\u00f3n est\u00e1 disponible el perfil <\/span><a href=\"http:\/\/www.instagram.com\/mujer.austral\"><span style=\"font-weight: 400;\">www.instagram.com\/mujer.austral<\/span><\/a><span style=\"font-weight: 400;\">.<\/span><span style=\"font-weight: 400;\"><br \/>\n<\/span><\/p>\n<\/div><\/section><\/div><div  style='height:50px' class='hr hr-invisible   avia-builder-el-6  el_after_av_one_full  el_before_av_social_share '><span class='hr-inner ' ><span class='hr-inner-style'><\/span><\/span><\/div><\/p>\n<div  class='av-social-sharing-box  avia-builder-el-7  el_after_av_hr  el_before_av_hr  '><div class='av-share-box'><h5 class='av-share-link-description av-no-toc '>Compartir esta noticia<\/h5><ul class='av-share-box-list noLightbox'><li class='av-share-link av-social-link-facebook' ><a target=\"_blank\" aria-label=\"Compartir en Facebook\" href='https:\/\/www.facebook.com\/sharer.php?u=https:\/\/radiorevelacionfm.cl\/?p=32309&#038;t=Historia%20de%20vida%20de%20cinco%20mujeres%20de%20Ra%C3%BAl%20Mar%C3%ADn%20Balmaceda%20se%20exhibir%C3%A1%20en%20el%20Museo%20Regional%20de%20Ays%C3%A9n' aria-hidden='false' data-av_icon='\ue8f3' data-av_iconfont='entypo-fontello' title='' data-avia-related-tooltip='Compartir en Facebook' rel=\"noopener\"><span class='avia_hidden_link_text'>Compartir en Facebook<\/span><\/a><\/li><li class='av-share-link av-social-link-twitter' ><a target=\"_blank\" aria-label=\"Compartir en Twitter\" href='https:\/\/twitter.com\/share?text=Historia%20de%20vida%20de%20cinco%20mujeres%20de%20Ra%C3%BAl%20Mar%C3%ADn%20Balmaceda%20se%20exhibir%C3%A1%20en%20el%20Museo%20Regional%20de%20Ays%C3%A9n&#038;url=https:\/\/radiorevelacionfm.cl\/?p=32309' aria-hidden='false' data-av_icon='\ue8f1' data-av_iconfont='entypo-fontello' title='' data-avia-related-tooltip='Compartir en Twitter' rel=\"noopener\"><span class='avia_hidden_link_text'>Compartir en Twitter<\/span><\/a><\/li><li class='av-share-link av-social-link-whatsapp' ><a target=\"_blank\" aria-label=\"Compartir en Whatsapp\" href='https:\/\/api.whatsapp.com\/send?text=https:\/\/radiorevelacionfm.cl\/?p=32309' aria-hidden='false' data-av_icon='\uf232' data-av_iconfont='entypo-fontello' title='' data-avia-related-tooltip='Compartir en Whatsapp' rel=\"noopener\"><span class='avia_hidden_link_text'>Compartir en Whatsapp<\/span><\/a><\/li><li class='av-share-link av-social-link-linkedin' ><a target=\"_blank\" aria-label=\"Compartir en LinkedIn\" href='https:\/\/linkedin.com\/shareArticle?mini=true&#038;title=Historia%20de%20vida%20de%20cinco%20mujeres%20de%20Ra%C3%BAl%20Mar%C3%ADn%20Balmaceda%20se%20exhibir%C3%A1%20en%20el%20Museo%20Regional%20de%20Ays%C3%A9n&#038;url=https:\/\/radiorevelacionfm.cl\/?p=32309' aria-hidden='false' data-av_icon='\ue8fc' data-av_iconfont='entypo-fontello' title='' data-avia-related-tooltip='Compartir en LinkedIn' rel=\"noopener\"><span class='avia_hidden_link_text'>Compartir en LinkedIn<\/span><\/a><\/li><li class='av-share-link av-social-link-mail' ><a  aria-label=\"Compartir por correo\" href='mailto:?subject=Historia%20de%20vida%20de%20cinco%20mujeres%20de%20Ra%C3%BAl%20Mar%C3%ADn%20Balmaceda%20se%20exhibir%C3%A1%20en%20el%20Museo%20Regional%20de%20Ays%C3%A9n&#038;body=https:\/\/radiorevelacionfm.cl\/?p=32309' aria-hidden='false' data-av_icon='\ue805' data-av_iconfont='entypo-fontello' title='' data-avia-related-tooltip='Compartir por correo'><span class='avia_hidden_link_text'>Compartir por correo<\/span><\/a><\/li><\/ul><\/div><\/div>\n<div  style='height:50px' class='hr hr-invisible   avia-builder-el-8  el_after_av_social_share  el_before_av_comments_list '><span class='hr-inner ' ><span class='hr-inner-style'><\/span><\/span><\/div>\n<div  class='av-buildercomment  av-blog-meta-html-info-disabled av-blog-meta-tag-disabled  '><\/div>\n","protected":false},"excerpt":{"rendered":"","protected":false},"author":1,"featured_media":32310,"comment_status":"open","ping_status":"open","sticky":false,"template":"","format":"standard","meta":{"footnotes":""},"categories":[52],"tags":[],"class_list":["post-32309","post","type-post","status-publish","format-standard","has-post-thumbnail","hentry","category-cultura"],"jetpack_featured_media_url":"https:\/\/radiorevelacionfm.cl\/wp-content\/uploads\/2023\/06\/IMAGEN-2-NENA-vers2-1-1.jpg","_links":{"self":[{"href":"https:\/\/radiorevelacionfm.cl\/index.php?rest_route=\/wp\/v2\/posts\/32309","targetHints":{"allow":["GET"]}}],"collection":[{"href":"https:\/\/radiorevelacionfm.cl\/index.php?rest_route=\/wp\/v2\/posts"}],"about":[{"href":"https:\/\/radiorevelacionfm.cl\/index.php?rest_route=\/wp\/v2\/types\/post"}],"author":[{"embeddable":true,"href":"https:\/\/radiorevelacionfm.cl\/index.php?rest_route=\/wp\/v2\/users\/1"}],"replies":[{"embeddable":true,"href":"https:\/\/radiorevelacionfm.cl\/index.php?rest_route=%2Fwp%2Fv2%2Fcomments&post=32309"}],"version-history":[{"count":1,"href":"https:\/\/radiorevelacionfm.cl\/index.php?rest_route=\/wp\/v2\/posts\/32309\/revisions"}],"predecessor-version":[{"id":32311,"href":"https:\/\/radiorevelacionfm.cl\/index.php?rest_route=\/wp\/v2\/posts\/32309\/revisions\/32311"}],"wp:featuredmedia":[{"embeddable":true,"href":"https:\/\/radiorevelacionfm.cl\/index.php?rest_route=\/wp\/v2\/media\/32310"}],"wp:attachment":[{"href":"https:\/\/radiorevelacionfm.cl\/index.php?rest_route=%2Fwp%2Fv2%2Fmedia&parent=32309"}],"wp:term":[{"taxonomy":"category","embeddable":true,"href":"https:\/\/radiorevelacionfm.cl\/index.php?rest_route=%2Fwp%2Fv2%2Fcategories&post=32309"},{"taxonomy":"post_tag","embeddable":true,"href":"https:\/\/radiorevelacionfm.cl\/index.php?rest_route=%2Fwp%2Fv2%2Ftags&post=32309"}],"curies":[{"name":"wp","href":"https:\/\/api.w.org\/{rel}","templated":true}]}}