{"id":32306,"date":"2023-06-21T22:20:22","date_gmt":"2023-06-22T01:20:22","guid":{"rendered":"https:\/\/radiorevelacionfm.cl\/?p=32306"},"modified":"2023-06-21T22:20:22","modified_gmt":"2023-06-22T01:20:22","slug":"guaitecas-volvio-a-tener-electricidad-las-24-horas-del-dia","status":"publish","type":"post","link":"https:\/\/radiorevelacionfm.cl\/?p=32306","title":{"rendered":"Guaitecas volvi\u00f3 a tener electricidad las 24 horas del d\u00eda"},"content":{"rendered":"<div class=\"flex_column av_one_full  flex_column_div av-zero-column-padding first  avia-builder-el-0  el_before_av_one_full  avia-builder-el-first  \" style='border-radius:0px; '><div  class='avia-image-container  av-styling-    avia-builder-el-1  avia-builder-el-no-sibling  avia-align-center '  itemprop=\"image\" itemscope=\"itemscope\" itemtype=\"https:\/\/schema.org\/ImageObject\"  ><div class='avia-image-container-inner'><div class='avia-image-overlay-wrap'><img decoding=\"async\" class='wp-image-31514 avia-img-lazy-loading-not-31514 avia_image' src=\"https:\/\/radiorevelacionfm.cl\/wp-content\/uploads\/2023\/05\/PLANTA-MELINKA-1-1.jpg\" alt='' title='PLANTA MELINKA (1) (1)' height=\"600\" width=\"800\"  itemprop=\"thumbnailUrl\" srcset=\"https:\/\/radiorevelacionfm.cl\/wp-content\/uploads\/2023\/05\/PLANTA-MELINKA-1-1.jpg 800w, https:\/\/radiorevelacionfm.cl\/wp-content\/uploads\/2023\/05\/PLANTA-MELINKA-1-1-300x225.jpg 300w, https:\/\/radiorevelacionfm.cl\/wp-content\/uploads\/2023\/05\/PLANTA-MELINKA-1-1-768x576.jpg 768w, https:\/\/radiorevelacionfm.cl\/wp-content\/uploads\/2023\/05\/PLANTA-MELINKA-1-1-705x529.jpg 705w, https:\/\/radiorevelacionfm.cl\/wp-content\/uploads\/2023\/05\/PLANTA-MELINKA-1-1-450x338.jpg 450w, https:\/\/radiorevelacionfm.cl\/wp-content\/uploads\/2023\/05\/PLANTA-MELINKA-1-1-600x450.jpg 600w\" sizes=\"(max-width: 800px) 100vw, 800px\" \/><\/div><\/div><\/div><\/div><div class=\"flex_column av_one_full  flex_column_div av-zero-column-padding first  avia-builder-el-2  el_after_av_one_full  el_before_av_one_full  column-top-margin\" style='border-radius:0px; '><section class=\"av_textblock_section \"  itemscope=\"itemscope\" itemtype=\"https:\/\/schema.org\/BlogPosting\" itemprop=\"blogPost\" ><div class='avia_textblock  '   itemprop=\"text\" ><p style=\"text-align: center;\"><strong><span style=\"font-size: 18pt;\">Guaitecas volvi\u00f3 a tener electricidad las 24 horas del d\u00eda<\/span><\/strong><\/p>\n<div id=\"gtx-trans\" style=\"position: absolute; left: -50px; top: 4.31534px;\">\n<div class=\"gtx-trans-icon\"><\/div>\n<\/div>\n<\/div><\/section><\/div><div class=\"flex_column av_one_full  flex_column_div av-zero-column-padding first  avia-builder-el-4  el_after_av_one_full  el_before_av_hr  column-top-margin\" style='border-radius:0px; '><section class=\"av_textblock_section \"  itemscope=\"itemscope\" itemtype=\"https:\/\/schema.org\/BlogPosting\" itemprop=\"blogPost\" ><div class='avia_textblock  '   itemprop=\"text\" ><p style=\"text-align: justify;\">Tras dos semanas de racionamiento, la planta el\u00e9ctrica de Melinka volvi\u00f3 a producir electricidad durante las 24 horas del d\u00eda y a partir del fin de semana suspendi\u00f3 los cortes que se programaban durante las madrugadas.<\/p>\n<p style=\"text-align: justify;\">La esperada medida se pudo implementar principalmente gracias al aumento de la recaudaci\u00f3n de la planta, es decir pago oportuno de las cuentas de los vecinos y al pago de cuentas atrasadas, como lo destac\u00f3 el alcalde de Guaitecas, Marcos Silva.<\/p>\n<p style=\"text-align: justify;\">\u201cHemos hecho los esfuerzos por traer a otra persona que se haga cargo de la administraci\u00f3n de la plata, que se sum\u00f3 al trabajo constante del equipo municipal para ver c\u00f3mo enfrent\u00e1bamos de mejor forma la administraci\u00f3n de la planta el\u00e9ctrica, pues hab\u00eda un n\u00famero importante de personas que no cancelaban: eran m\u00e1s de cien personas, lo que ha bajado considerablemente y ahora hay alrededor de 17 personas que est\u00e1n en situaci\u00f3n de deuda y de acuerdo a lo que reporta la nueva administraci\u00f3n, est\u00e1n en proceso de pago y se ha emitido un informe a la municipalidad para tomar la decisi\u00f3n de mantener las 24 horas de luz\u201d, dijo el alcalde Silva, quien a\u00f1adi\u00f3 que de acuerdo a este informe, fueron muchas personas mayores que hicieron los esfuerzos para ponerse al d\u00eda con sus cuentas de electricidad, lo que fue destacado por la autoridad.<\/p>\n<p style=\"text-align: justify;\">Por su parte Luis P\u00e9rez, nuevo administrador de la planta el\u00e9ctrica de Guaitecas, explic\u00f3 que en lo que va del mes pudieron reducir la morosidad que llegaban casi a los 20 millones de pesos, a s\u00f3lo dos millones de pesos.<\/p>\n<p style=\"text-align: justify;\">\u201cNosotros como planta hicimos un ejercicio administrativo interno para saber qui\u00e9nes adeudaban el servicio el\u00e9ctrico, tanto personas naturales como personas jur\u00eddicas y al uno de junio, que es cuando yo asum\u00ed, eran de 106 deudores, que sumaban una deuda de 19 millones 249 mil y el d\u00eda viernes, que fue el d\u00eda que determinamos volver al suministro las 24 horas, los deudores eran s\u00f3lo 17, con un saldo de un mill\u00f3n 950 mil, lo que dio p\u00ede a que volvi\u00e9ramos con el suministro, que era lo que gente esperaba y el objetivo que nosotros nos plateamos\u201d, dijo el administrador de la planta el\u00e9ctrica, quien indic\u00f3 que algunos clientes se acogieron a convenios de programaci\u00f3n para seguir contando con el suministro y asumir sus deudas con la planta el\u00e9ctrica.<\/p>\n<p style=\"text-align: justify;\">A ello, indic\u00f3 P\u00e9rez, se sum\u00f3 una pol\u00edtica de cortes a quienes deb\u00edan varios meses, lo que se seg\u00fan se\u00f1al\u00f3 fue entendido por gran parte de la comunidad y que se ejecut\u00f3 durante el tiempo que se hicieron efectivos los cortes programados durante las madrugadas.<\/p>\n<p style=\"text-align: justify;\">Otro factor importante, a\u00f1adi\u00f3 Luis P\u00e9rez, es que la empresa distribuidora de combustibles en la comuna volvi\u00f3 a dar cr\u00e9dito a la planta el\u00e9ctrica de Melinka.<\/p>\n<p style=\"text-align: justify;\">\u201cGuaitecas Austral volvi\u00f3 a creer en nosotros. Le propusimos como nueva administraci\u00f3n el cumplimiento de los pagos y que si ellos nos daban un cr\u00e9dito, nosotros pagar\u00edamos al 50% de eso y hasta ahora hemos funcionado s\u00faper bien y con seguridad, si seguimos pagando, seguramente ellos no tengan objeci\u00f3n en otorgarnos un cr\u00e9dito m\u00e1s amplio en un tiempo no tan lejano\u201d, se\u00f1al\u00f3 el administrador de la planta el\u00e9ctrica de Melinka, quien a\u00f1adi\u00f3 que en el intertanto se sigui\u00f3 gestionando el pago del remanente del subsidio de la comuna y seg\u00fan indic\u00f3, la documentaci\u00f3n para hacerlo efectivo est\u00e1 enviada desde la planta al Ministerio de Energ\u00eda, que a su vez debe remitirla al Gobierno Regional para que se cancele.<\/p>\n<\/div><\/section><\/div><div  style='height:50px' class='hr hr-invisible   avia-builder-el-6  el_after_av_one_full  el_before_av_social_share '><span class='hr-inner ' ><span class='hr-inner-style'><\/span><\/span><\/div><\/p>\n<div  class='av-social-sharing-box  avia-builder-el-7  el_after_av_hr  el_before_av_hr  '><div class='av-share-box'><h5 class='av-share-link-description av-no-toc '>Compartir esta noticia<\/h5><ul class='av-share-box-list noLightbox'><li class='av-share-link av-social-link-facebook' ><a target=\"_blank\" aria-label=\"Compartir en Facebook\" href='https:\/\/www.facebook.com\/sharer.php?u=https:\/\/radiorevelacionfm.cl\/?p=32306&#038;t=Guaitecas%20volvi%C3%B3%20a%20tener%20electricidad%20las%2024%20horas%20del%20d%C3%ADa' aria-hidden='false' data-av_icon='\ue8f3' data-av_iconfont='entypo-fontello' title='' data-avia-related-tooltip='Compartir en Facebook' rel=\"noopener\"><span class='avia_hidden_link_text'>Compartir en Facebook<\/span><\/a><\/li><li class='av-share-link av-social-link-twitter' ><a target=\"_blank\" aria-label=\"Compartir en Twitter\" href='https:\/\/twitter.com\/share?text=Guaitecas%20volvi%C3%B3%20a%20tener%20electricidad%20las%2024%20horas%20del%20d%C3%ADa&#038;url=https:\/\/radiorevelacionfm.cl\/?p=32306' aria-hidden='false' data-av_icon='\ue8f1' data-av_iconfont='entypo-fontello' title='' data-avia-related-tooltip='Compartir en Twitter' rel=\"noopener\"><span class='avia_hidden_link_text'>Compartir en Twitter<\/span><\/a><\/li><li class='av-share-link av-social-link-whatsapp' ><a target=\"_blank\" aria-label=\"Compartir en Whatsapp\" href='https:\/\/api.whatsapp.com\/send?text=https:\/\/radiorevelacionfm.cl\/?p=32306' aria-hidden='false' data-av_icon='\uf232' data-av_iconfont='entypo-fontello' title='' data-avia-related-tooltip='Compartir en Whatsapp' rel=\"noopener\"><span class='avia_hidden_link_text'>Compartir en Whatsapp<\/span><\/a><\/li><li class='av-share-link av-social-link-linkedin' ><a target=\"_blank\" aria-label=\"Compartir en LinkedIn\" href='https:\/\/linkedin.com\/shareArticle?mini=true&#038;title=Guaitecas%20volvi%C3%B3%20a%20tener%20electricidad%20las%2024%20horas%20del%20d%C3%ADa&#038;url=https:\/\/radiorevelacionfm.cl\/?p=32306' aria-hidden='false' data-av_icon='\ue8fc' data-av_iconfont='entypo-fontello' title='' data-avia-related-tooltip='Compartir en LinkedIn' rel=\"noopener\"><span class='avia_hidden_link_text'>Compartir en LinkedIn<\/span><\/a><\/li><li class='av-share-link av-social-link-mail' ><a  aria-label=\"Compartir por correo\" href='mailto:?subject=Guaitecas%20volvi%C3%B3%20a%20tener%20electricidad%20las%2024%20horas%20del%20d%C3%ADa&#038;body=https:\/\/radiorevelacionfm.cl\/?p=32306' aria-hidden='false' data-av_icon='\ue805' data-av_iconfont='entypo-fontello' title='' data-avia-related-tooltip='Compartir por correo'><span class='avia_hidden_link_text'>Compartir por correo<\/span><\/a><\/li><\/ul><\/div><\/div>\n<div  style='height:50px' class='hr hr-invisible   avia-builder-el-8  el_after_av_social_share  el_before_av_comments_list '><span class='hr-inner ' ><span class='hr-inner-style'><\/span><\/span><\/div>\n<div  class='av-buildercomment  av-blog-meta-html-info-disabled av-blog-meta-tag-disabled  '><\/div>\n","protected":false},"excerpt":{"rendered":"","protected":false},"author":1,"featured_media":31514,"comment_status":"open","ping_status":"open","sticky":false,"template":"","format":"standard","meta":{"footnotes":""},"categories":[38],"tags":[],"class_list":["post-32306","post","type-post","status-publish","format-standard","has-post-thumbnail","hentry","category-regional"],"jetpack_featured_media_url":"https:\/\/radiorevelacionfm.cl\/wp-content\/uploads\/2023\/05\/PLANTA-MELINKA-1-1.jpg","_links":{"self":[{"href":"https:\/\/radiorevelacionfm.cl\/index.php?rest_route=\/wp\/v2\/posts\/32306","targetHints":{"allow":["GET"]}}],"collection":[{"href":"https:\/\/radiorevelacionfm.cl\/index.php?rest_route=\/wp\/v2\/posts"}],"about":[{"href":"https:\/\/radiorevelacionfm.cl\/index.php?rest_route=\/wp\/v2\/types\/post"}],"author":[{"embeddable":true,"href":"https:\/\/radiorevelacionfm.cl\/index.php?rest_route=\/wp\/v2\/users\/1"}],"replies":[{"embeddable":true,"href":"https:\/\/radiorevelacionfm.cl\/index.php?rest_route=%2Fwp%2Fv2%2Fcomments&post=32306"}],"version-history":[{"count":1,"href":"https:\/\/radiorevelacionfm.cl\/index.php?rest_route=\/wp\/v2\/posts\/32306\/revisions"}],"predecessor-version":[{"id":32307,"href":"https:\/\/radiorevelacionfm.cl\/index.php?rest_route=\/wp\/v2\/posts\/32306\/revisions\/32307"}],"wp:featuredmedia":[{"embeddable":true,"href":"https:\/\/radiorevelacionfm.cl\/index.php?rest_route=\/wp\/v2\/media\/31514"}],"wp:attachment":[{"href":"https:\/\/radiorevelacionfm.cl\/index.php?rest_route=%2Fwp%2Fv2%2Fmedia&parent=32306"}],"wp:term":[{"taxonomy":"category","embeddable":true,"href":"https:\/\/radiorevelacionfm.cl\/index.php?rest_route=%2Fwp%2Fv2%2Fcategories&post=32306"},{"taxonomy":"post_tag","embeddable":true,"href":"https:\/\/radiorevelacionfm.cl\/index.php?rest_route=%2Fwp%2Fv2%2Ftags&post=32306"}],"curies":[{"name":"wp","href":"https:\/\/api.w.org\/{rel}","templated":true}]}}