{"id":32303,"date":"2023-06-21T19:30:32","date_gmt":"2023-06-21T22:30:32","guid":{"rendered":"https:\/\/radiorevelacionfm.cl\/?p=32303"},"modified":"2023-06-21T19:30:32","modified_gmt":"2023-06-21T22:30:32","slug":"carabineros-detuvo-a-sujeto-y-recupero-camioneta-robada-en-coyhaique","status":"publish","type":"post","link":"https:\/\/radiorevelacionfm.cl\/?p=32303","title":{"rendered":"Carabineros detuvo a sujeto y recuper\u00f3 camioneta robada en Coyhaique"},"content":{"rendered":"<div class=\"flex_column av_one_full  flex_column_div av-zero-column-padding first  avia-builder-el-0  el_before_av_one_full  avia-builder-el-first  \" style='border-radius:0px; '><div  class='avia-image-container  av-styling-    avia-builder-el-1  avia-builder-el-no-sibling  avia-align-center '  itemprop=\"image\" itemscope=\"itemscope\" itemtype=\"https:\/\/schema.org\/ImageObject\"  ><div class='avia-image-container-inner'><div class='avia-image-overlay-wrap'><img decoding=\"async\" class='wp-image-32304 avia-img-lazy-loading-not-32304 avia_image' src=\"https:\/\/radiorevelacionfm.cl\/wp-content\/uploads\/2023\/06\/d6f21799-4cd5-4504-9408-bba9e84a5cd7-1-1.jpg\" alt='' title='d6f21799-4cd5-4504-9408-bba9e84a5cd7 (1) (1)' height=\"600\" width=\"812\"  itemprop=\"thumbnailUrl\" srcset=\"https:\/\/radiorevelacionfm.cl\/wp-content\/uploads\/2023\/06\/d6f21799-4cd5-4504-9408-bba9e84a5cd7-1-1.jpg 812w, https:\/\/radiorevelacionfm.cl\/wp-content\/uploads\/2023\/06\/d6f21799-4cd5-4504-9408-bba9e84a5cd7-1-1-300x222.jpg 300w, https:\/\/radiorevelacionfm.cl\/wp-content\/uploads\/2023\/06\/d6f21799-4cd5-4504-9408-bba9e84a5cd7-1-1-768x567.jpg 768w, https:\/\/radiorevelacionfm.cl\/wp-content\/uploads\/2023\/06\/d6f21799-4cd5-4504-9408-bba9e84a5cd7-1-1-705x521.jpg 705w, https:\/\/radiorevelacionfm.cl\/wp-content\/uploads\/2023\/06\/d6f21799-4cd5-4504-9408-bba9e84a5cd7-1-1-450x333.jpg 450w, https:\/\/radiorevelacionfm.cl\/wp-content\/uploads\/2023\/06\/d6f21799-4cd5-4504-9408-bba9e84a5cd7-1-1-600x443.jpg 600w\" sizes=\"(max-width: 812px) 100vw, 812px\" \/><\/div><\/div><\/div><\/div><div class=\"flex_column av_one_full  flex_column_div av-zero-column-padding first  avia-builder-el-2  el_after_av_one_full  el_before_av_one_full  column-top-margin\" style='border-radius:0px; '><section class=\"av_textblock_section \"  itemscope=\"itemscope\" itemtype=\"https:\/\/schema.org\/BlogPosting\" itemprop=\"blogPost\" ><div class='avia_textblock  '   itemprop=\"text\" ><p style=\"text-align: center;\"><span style=\"font-size: 18pt;\"><b><span lang=\"ES\">Carabineros detuvo a sujeto y recuper\u00f3 camioneta robada en Coyhaique<\/span><\/b><\/span><\/p>\n<div id=\"gtx-trans\" style=\"position: absolute; left: -50px; top: 4.31534px;\">\n<div class=\"gtx-trans-icon\"><\/div>\n<\/div>\n<\/div><\/section><\/div><div class=\"flex_column av_one_full  flex_column_div av-zero-column-padding first  avia-builder-el-4  el_after_av_one_full  el_before_av_hr  column-top-margin\" style='border-radius:0px; '><section class=\"av_textblock_section \"  itemscope=\"itemscope\" itemtype=\"https:\/\/schema.org\/BlogPosting\" itemprop=\"blogPost\" ><div class='avia_textblock  '   itemprop=\"text\" ><p class=\"v1MsoNormal\" style=\"text-align: justify;\"><span lang=\"ES\">Tras un seguimiento controlado, Carabineros del Ret\u00e9n El Blanco logr\u00f3 la detenci\u00f3n de un sujeto de 37 a\u00f1os de edad \u2013con diversos antecedentes policiales- \u00a0sumado a la recuperaci\u00f3n de una camioneta, veh\u00edculo que momentos antes hab\u00eda sido sustra\u00eddo desde el frontis de un domicilio particular en la poblaci\u00f3n Almirante Simpson en la ciudad de Coyhaique.<\/span><\/p>\n<p class=\"v1MsoNormal\" style=\"text-align: justify;\"><span lang=\"ES\">El hecho se registr\u00f3 alrededor de las 22:00 horas del martes, luego que dos individuos llegaron al domicilio fuera del cual se encontraba estacionado el m\u00f3vil, el cual abrieron y pusieron en marcha, huyendo del lugar, seg\u00fan qued\u00f3 registrado en im\u00e1genes de una c\u00e1mara de seguridad.<\/span><\/p>\n<p class=\"v1MsoNormal\" style=\"text-align: justify;\"><span lang=\"ES\">Tras la denuncia respectiva, Carabineros de Coyhaique -que a esa hora desarrollaba un servicio de ronda preventiva a nivel nacional- recopil\u00f3 los antecedentes efectuando el encargo por robo a la totalidad de los dispositivos desplegados en la poblaci\u00f3n.<\/span><\/p>\n<p class=\"v1MsoNormal\" style=\"text-align: justify;\"><b><span lang=\"ES\">Detenci\u00f3n<\/span><\/b><\/p>\n<p class=\"v1MsoNormal\" style=\"text-align: justify;\"><span lang=\"ES\">Dos horas m\u00e1s tarde, Carabineros del Ret\u00e9n El Blanco, mientras efectuaba un patrullaje preventivo a la altura del km 8 de la ruta X-667 camino Lago Fr\u00edo, divis\u00f3 una camioneta que transitaba en sentido contrario, cuyas caracter\u00edsticas y matr\u00edcula coincid\u00edan con el m\u00f3vil que manten\u00eda encargo vigente por robo.<\/span><\/p>\n<p class=\"v1MsoNormal\" style=\"text-align: justify;\"><span lang=\"ES\">Tras efectuar un seguimiento controlado, y luego de realizar se\u00f1ales de detenci\u00f3n mediante aparato sonoro, el conductor hizo caso omiso e intent\u00f3 darse a la fuga perdiendo el control del m\u00f3vil, descendiendo desde el interior de la pick up dos sujetos quienes se dieron a la fuga, siendo seguidos por Carabineros, logrando la detenci\u00f3n de uno de los antisociales.<\/span><\/p>\n<p class=\"v1MsoNormal\" style=\"text-align: justify;\"><span lang=\"ES\">Los antecedentes del procedimiento, fueron puestos en conocimiento de la Fiscal\u00eda, en tanto que el imputado pas\u00f3 a la audiencia de control de detenci\u00f3n por este hecho.<\/span><\/p>\n<p class=\"v1MsoNormal\" style=\"text-align: justify;\"><span lang=\"ES\">Asimismo, los peritajes fueron encomendados al Laboratorio de Criminal\u00edstica de Carabineros (Labocar), con la finalidad de levantar evidencias de inter\u00e9s investigativo que permitan determinar la identidad del segundo individuo, las lo cual el veh\u00edculo fue entregado a su propietario.<\/span><\/p>\n<p class=\"v1MsoNormal\" style=\"text-align: justify;\"><span lang=\"ES\">Cabe consignar que el imputado por este hecho registra m\u00e1s de diez detenciones previas por diversos delitos, entre los que destacan, robo, hurto, lesiones, amenazas, da\u00f1os, ocultaci\u00f3n de identidad y conducci\u00f3n en estado de ebriedad, entre otros.<\/span><\/p>\n<p class=\"v1MsoNormal\" style=\"text-align: justify;\"><span lang=\"ES\">Desde el mes de enero al 18 de junio del presente a\u00f1o, Carabineros de la regi\u00f3n de Ays\u00e9n ha detenido 45 personas por robo \u2013un 55% m\u00e1s que el a\u00f1o 2022- de los cuales el 55% registra detenciones por parte de Carabineros.<\/span><\/p>\n<p style=\"text-align: justify;\"><span lang=\"ES\">En igual periodo, el trabajo policial ha permitido la recuperaci\u00f3n de 11 veh\u00edculos sustra\u00eddos.<\/span><\/p>\n<\/div><\/section><\/div><div  style='height:50px' class='hr hr-invisible   avia-builder-el-6  el_after_av_one_full  el_before_av_social_share '><span class='hr-inner ' ><span class='hr-inner-style'><\/span><\/span><\/div><\/p>\n<div  class='av-social-sharing-box  avia-builder-el-7  el_after_av_hr  el_before_av_hr  '><div class='av-share-box'><h5 class='av-share-link-description av-no-toc '>Compartir esta noticia<\/h5><ul class='av-share-box-list noLightbox'><li class='av-share-link av-social-link-facebook' ><a target=\"_blank\" aria-label=\"Compartir en Facebook\" href='https:\/\/www.facebook.com\/sharer.php?u=https:\/\/radiorevelacionfm.cl\/?p=32303&#038;t=Carabineros%20detuvo%20a%20sujeto%20y%20recuper%C3%B3%20camioneta%20robada%20en%20Coyhaique' aria-hidden='false' data-av_icon='\ue8f3' data-av_iconfont='entypo-fontello' title='' data-avia-related-tooltip='Compartir en Facebook' rel=\"noopener\"><span class='avia_hidden_link_text'>Compartir en Facebook<\/span><\/a><\/li><li class='av-share-link av-social-link-twitter' ><a target=\"_blank\" aria-label=\"Compartir en Twitter\" href='https:\/\/twitter.com\/share?text=Carabineros%20detuvo%20a%20sujeto%20y%20recuper%C3%B3%20camioneta%20robada%20en%20Coyhaique&#038;url=https:\/\/radiorevelacionfm.cl\/?p=32303' aria-hidden='false' data-av_icon='\ue8f1' data-av_iconfont='entypo-fontello' title='' data-avia-related-tooltip='Compartir en Twitter' rel=\"noopener\"><span class='avia_hidden_link_text'>Compartir en Twitter<\/span><\/a><\/li><li class='av-share-link av-social-link-whatsapp' ><a target=\"_blank\" aria-label=\"Compartir en Whatsapp\" href='https:\/\/api.whatsapp.com\/send?text=https:\/\/radiorevelacionfm.cl\/?p=32303' aria-hidden='false' data-av_icon='\uf232' data-av_iconfont='entypo-fontello' title='' data-avia-related-tooltip='Compartir en Whatsapp' rel=\"noopener\"><span class='avia_hidden_link_text'>Compartir en Whatsapp<\/span><\/a><\/li><li class='av-share-link av-social-link-linkedin' ><a target=\"_blank\" aria-label=\"Compartir en LinkedIn\" href='https:\/\/linkedin.com\/shareArticle?mini=true&#038;title=Carabineros%20detuvo%20a%20sujeto%20y%20recuper%C3%B3%20camioneta%20robada%20en%20Coyhaique&#038;url=https:\/\/radiorevelacionfm.cl\/?p=32303' aria-hidden='false' data-av_icon='\ue8fc' data-av_iconfont='entypo-fontello' title='' data-avia-related-tooltip='Compartir en LinkedIn' rel=\"noopener\"><span class='avia_hidden_link_text'>Compartir en LinkedIn<\/span><\/a><\/li><li class='av-share-link av-social-link-mail' ><a  aria-label=\"Compartir por correo\" href='mailto:?subject=Carabineros%20detuvo%20a%20sujeto%20y%20recuper%C3%B3%20camioneta%20robada%20en%20Coyhaique&#038;body=https:\/\/radiorevelacionfm.cl\/?p=32303' aria-hidden='false' data-av_icon='\ue805' data-av_iconfont='entypo-fontello' title='' data-avia-related-tooltip='Compartir por correo'><span class='avia_hidden_link_text'>Compartir por correo<\/span><\/a><\/li><\/ul><\/div><\/div>\n<div  style='height:50px' class='hr hr-invisible   avia-builder-el-8  el_after_av_social_share  el_before_av_comments_list '><span class='hr-inner ' ><span class='hr-inner-style'><\/span><\/span><\/div>\n<div  class='av-buildercomment  av-blog-meta-html-info-disabled av-blog-meta-tag-disabled  '><\/div>\n","protected":false},"excerpt":{"rendered":"","protected":false},"author":1,"featured_media":32304,"comment_status":"open","ping_status":"open","sticky":false,"template":"","format":"standard","meta":{"footnotes":""},"categories":[36],"tags":[],"class_list":["post-32303","post","type-post","status-publish","format-standard","has-post-thumbnail","hentry","category-policial"],"jetpack_featured_media_url":"https:\/\/radiorevelacionfm.cl\/wp-content\/uploads\/2023\/06\/d6f21799-4cd5-4504-9408-bba9e84a5cd7-1-1.jpg","_links":{"self":[{"href":"https:\/\/radiorevelacionfm.cl\/index.php?rest_route=\/wp\/v2\/posts\/32303","targetHints":{"allow":["GET"]}}],"collection":[{"href":"https:\/\/radiorevelacionfm.cl\/index.php?rest_route=\/wp\/v2\/posts"}],"about":[{"href":"https:\/\/radiorevelacionfm.cl\/index.php?rest_route=\/wp\/v2\/types\/post"}],"author":[{"embeddable":true,"href":"https:\/\/radiorevelacionfm.cl\/index.php?rest_route=\/wp\/v2\/users\/1"}],"replies":[{"embeddable":true,"href":"https:\/\/radiorevelacionfm.cl\/index.php?rest_route=%2Fwp%2Fv2%2Fcomments&post=32303"}],"version-history":[{"count":1,"href":"https:\/\/radiorevelacionfm.cl\/index.php?rest_route=\/wp\/v2\/posts\/32303\/revisions"}],"predecessor-version":[{"id":32305,"href":"https:\/\/radiorevelacionfm.cl\/index.php?rest_route=\/wp\/v2\/posts\/32303\/revisions\/32305"}],"wp:featuredmedia":[{"embeddable":true,"href":"https:\/\/radiorevelacionfm.cl\/index.php?rest_route=\/wp\/v2\/media\/32304"}],"wp:attachment":[{"href":"https:\/\/radiorevelacionfm.cl\/index.php?rest_route=%2Fwp%2Fv2%2Fmedia&parent=32303"}],"wp:term":[{"taxonomy":"category","embeddable":true,"href":"https:\/\/radiorevelacionfm.cl\/index.php?rest_route=%2Fwp%2Fv2%2Fcategories&post=32303"},{"taxonomy":"post_tag","embeddable":true,"href":"https:\/\/radiorevelacionfm.cl\/index.php?rest_route=%2Fwp%2Fv2%2Ftags&post=32303"}],"curies":[{"name":"wp","href":"https:\/\/api.w.org\/{rel}","templated":true}]}}