{"id":32300,"date":"2023-06-21T17:51:30","date_gmt":"2023-06-21T20:51:30","guid":{"rendered":"https:\/\/radiorevelacionfm.cl\/?p=32300"},"modified":"2023-06-21T17:51:30","modified_gmt":"2023-06-21T20:51:30","slug":"invitan-a-mipymes-a-postular-al-subsidio-para-alcanzar-el-sueldo-minimo","status":"publish","type":"post","link":"https:\/\/radiorevelacionfm.cl\/?p=32300","title":{"rendered":"Invitan a MiPymes a postular al subsidio para alcanzar el sueldo m\u00ednimo"},"content":{"rendered":"<div class=\"flex_column av_one_full  flex_column_div av-zero-column-padding first  avia-builder-el-0  el_before_av_one_full  avia-builder-el-first  \" style='border-radius:0px; '><div  class='avia-image-container  av-styling-    avia-builder-el-1  avia-builder-el-no-sibling  avia-align-center '  itemprop=\"image\" itemscope=\"itemscope\" itemtype=\"https:\/\/schema.org\/ImageObject\"  ><div class='avia-image-container-inner'><div class='avia-image-overlay-wrap'><img decoding=\"async\" class='wp-image-32301 avia-img-lazy-loading-not-32301 avia_image' src=\"https:\/\/radiorevelacionfm.cl\/wp-content\/uploads\/2023\/06\/1-58-1-3.jpg\" alt='' title='1 (58) (1) (3)' height=\"600\" width=\"1067\"  itemprop=\"thumbnailUrl\" srcset=\"https:\/\/radiorevelacionfm.cl\/wp-content\/uploads\/2023\/06\/1-58-1-3.jpg 1067w, https:\/\/radiorevelacionfm.cl\/wp-content\/uploads\/2023\/06\/1-58-1-3-300x169.jpg 300w, https:\/\/radiorevelacionfm.cl\/wp-content\/uploads\/2023\/06\/1-58-1-3-1030x579.jpg 1030w, https:\/\/radiorevelacionfm.cl\/wp-content\/uploads\/2023\/06\/1-58-1-3-768x432.jpg 768w, https:\/\/radiorevelacionfm.cl\/wp-content\/uploads\/2023\/06\/1-58-1-3-705x396.jpg 705w, https:\/\/radiorevelacionfm.cl\/wp-content\/uploads\/2023\/06\/1-58-1-3-450x253.jpg 450w, https:\/\/radiorevelacionfm.cl\/wp-content\/uploads\/2023\/06\/1-58-1-3-600x337.jpg 600w\" sizes=\"(max-width: 1067px) 100vw, 1067px\" \/><\/div><\/div><\/div><\/div><div class=\"flex_column av_one_full  flex_column_div av-zero-column-padding first  avia-builder-el-2  el_after_av_one_full  el_before_av_one_full  column-top-margin\" style='border-radius:0px; '><section class=\"av_textblock_section \"  itemscope=\"itemscope\" itemtype=\"https:\/\/schema.org\/BlogPosting\" itemprop=\"blogPost\" ><div class='avia_textblock  '   itemprop=\"text\" ><p style=\"text-align: center;\"><strong><span style=\"font-size: 18pt;\">Invitan a MiPymes a postular al subsidio para alcanzar el sueldo m\u00ednimo<\/span><\/strong><\/p>\n<div id=\"gtx-trans\" style=\"position: absolute; left: -50px; top: 4.31534px;\">\n<div class=\"gtx-trans-icon\"><\/div>\n<\/div>\n<\/div><\/section><\/div><div class=\"flex_column av_one_full  flex_column_div av-zero-column-padding first  avia-builder-el-4  el_after_av_one_full  el_before_av_hr  column-top-margin\" style='border-radius:0px; '><section class=\"av_textblock_section \"  itemscope=\"itemscope\" itemtype=\"https:\/\/schema.org\/BlogPosting\" itemprop=\"blogPost\" ><div class='avia_textblock  '   itemprop=\"text\" ><p style=\"text-align: justify;\">Con amplio apoyo en el tr\u00e1mite legislativo, el 30 de mayo fue publicada la ley 21.578, que eleva el sueldo m\u00ednimo gradualmente, pero que tambi\u00e9n contemplaba una in\u00e9dita medida de apoyo a las MiPymes, cooperativas, personas jur\u00eddicas sin fines de lucro y comunidades. Este 20 de junio, el Servicio de Impuestos Internos (SII) abri\u00f3 al p\u00fablico la plataforma que permitir\u00e1 postular al subsidio, el cual, no est\u00e1 sujeto a impuestos, retenciones, ni tampoco ser\u00e1 embargable y que, adem\u00e1s, contiene un mecanismo de protecci\u00f3n.<\/p>\n<p style=\"text-align: justify;\">El seremi de Econom\u00eda, Fomento y Turismo de la regi\u00f3n de Ays\u00e9n, Felipe Rojas, afirm\u00f3 que este apoyo \u201ccontempla subsidiar aproximadamente 180 mil empresas, que son micro, peque\u00f1as y medianas, en el contexto que tambi\u00e9n es un aporte para las cooperativas, sociedades jur\u00eddicas sin fines de lucro, entre otras\u201d. Adem\u00e1s, destac\u00f3 que \u201clos montos involucrados son del orden de 320 mil millones de pesos a 400 mil millones de pesos en todo el pa\u00eds\u201d.<\/p>\n<p style=\"text-align: justify;\">\u201cLa experiencia regional del a\u00f1o pasado es de alrededor de mil empresas, por lo tanto, tuvo un impacto muy positivo en cada una. \u00bfQu\u00e9 es lo interesante del dise\u00f1o? Que, dada la situaci\u00f3n econ\u00f3mica actual, entrega una cierta cantidad de subvenci\u00f3n, no obstante, si es que la situaci\u00f3n econ\u00f3mica de aqu\u00ed a cuando lleguemos a los 500 mil pesos es un poco m\u00e1s desfavorable, el dise\u00f1o y el monto se ajusta, increment\u00e1ndose\u201d explic\u00f3 el jefe de la cartera de econom\u00eda sobre el mecanismo de protecci\u00f3n.<\/p>\n<p style=\"text-align: justify;\">El delegado presidencial regional, Rodrigo Araya, destac\u00f3 la importancia del subsidio, recordando que este viene a cumplir el compromiso de ser el gobierno de las MiPymes. \u201cNuestro gobierno tiene un compromiso con las micro, peque\u00f1as y medianas empresas, es por eso que, nuestro presidente, Gabriel Boric, acometi\u00f3 la tarea de mejorar el sueldo m\u00ednimo, lo que concit\u00f3 un acuerdo transversal en el parlamento, incluyendo di\u00e1logos que se efectuaron con empleadores y con trabajadores. En ese compromiso, podemos asegurar que este aumento progresivo que queremos establecer de aqu\u00ed al a\u00f1o 2024, a partir de hoy -20 de junio-, las micro, peque\u00f1as y medianas empresas, van a poder postular al subsidio para garantizar ese aumento gradual en el sueldo m\u00ednimo de sus trabajadores\u201d, enfatiz\u00f3 la m\u00e1xima autoridad del gobierno en la regi\u00f3n.<\/p>\n<p style=\"text-align: justify;\">Por su parte, Luis Hermosilla, director regional del Servicio de Impuestos Internos (SII), invit\u00f3 a quienes cumplan con los requisitos a ingresar a la plataforma del SII con su Clave Tributaria o Clave \u00danica y postular, se\u00f1alando que es un proceso sencillo e intuitivo. \u201cNuestro servicio estableci\u00f3 una plataforma para que todos aquellos contribuyentes que cumplan los requisitos para postular al beneficio lo puedan hacer, por 90 d\u00edas. Hay un <em>banner <\/em>que est\u00e1 estableciendo de manera destacada este beneficio, para que las personas puedan determinar si cumplen los requisitos. Una vez que la persona cumple los requisitos, habr\u00e1 15 d\u00edas para que se empiece a pagar el beneficio\u201d, detall\u00f3.<\/p>\n<p style=\"text-align: justify;\">Cabe destacar que los plazos para postular comienzan este 20 de junio y se extender\u00e1n hasta el 20 de septiembre de 2023. Luego de esta fecha, estar\u00e1 habilitada a partir del d\u00e9cimo d\u00eda de cada mes y hasta el \u00faltimo d\u00eda de dicho periodo, para consultar el estado del monto y pago de las solicitudes en curso.<\/p>\n<\/div><\/section><\/div><div  style='height:50px' class='hr hr-invisible   avia-builder-el-6  el_after_av_one_full  el_before_av_social_share '><span class='hr-inner ' ><span class='hr-inner-style'><\/span><\/span><\/div><\/p>\n<div  class='av-social-sharing-box  avia-builder-el-7  el_after_av_hr  el_before_av_hr  '><div class='av-share-box'><h5 class='av-share-link-description av-no-toc '>Compartir esta noticia<\/h5><ul class='av-share-box-list noLightbox'><li class='av-share-link av-social-link-facebook' ><a target=\"_blank\" aria-label=\"Compartir en Facebook\" href='https:\/\/www.facebook.com\/sharer.php?u=https:\/\/radiorevelacionfm.cl\/?p=32300&#038;t=Invitan%20a%20MiPymes%20a%20postular%20al%20subsidio%20para%20alcanzar%20el%20sueldo%20m%C3%ADnimo' aria-hidden='false' data-av_icon='\ue8f3' data-av_iconfont='entypo-fontello' title='' data-avia-related-tooltip='Compartir en Facebook' rel=\"noopener\"><span class='avia_hidden_link_text'>Compartir en Facebook<\/span><\/a><\/li><li class='av-share-link av-social-link-twitter' ><a target=\"_blank\" aria-label=\"Compartir en Twitter\" href='https:\/\/twitter.com\/share?text=Invitan%20a%20MiPymes%20a%20postular%20al%20subsidio%20para%20alcanzar%20el%20sueldo%20m%C3%ADnimo&#038;url=https:\/\/radiorevelacionfm.cl\/?p=32300' aria-hidden='false' data-av_icon='\ue8f1' data-av_iconfont='entypo-fontello' title='' data-avia-related-tooltip='Compartir en Twitter' rel=\"noopener\"><span class='avia_hidden_link_text'>Compartir en Twitter<\/span><\/a><\/li><li class='av-share-link av-social-link-whatsapp' ><a target=\"_blank\" aria-label=\"Compartir en Whatsapp\" href='https:\/\/api.whatsapp.com\/send?text=https:\/\/radiorevelacionfm.cl\/?p=32300' aria-hidden='false' data-av_icon='\uf232' data-av_iconfont='entypo-fontello' title='' data-avia-related-tooltip='Compartir en Whatsapp' rel=\"noopener\"><span class='avia_hidden_link_text'>Compartir en Whatsapp<\/span><\/a><\/li><li class='av-share-link av-social-link-linkedin' ><a target=\"_blank\" aria-label=\"Compartir en LinkedIn\" href='https:\/\/linkedin.com\/shareArticle?mini=true&#038;title=Invitan%20a%20MiPymes%20a%20postular%20al%20subsidio%20para%20alcanzar%20el%20sueldo%20m%C3%ADnimo&#038;url=https:\/\/radiorevelacionfm.cl\/?p=32300' aria-hidden='false' data-av_icon='\ue8fc' data-av_iconfont='entypo-fontello' title='' data-avia-related-tooltip='Compartir en LinkedIn' rel=\"noopener\"><span class='avia_hidden_link_text'>Compartir en LinkedIn<\/span><\/a><\/li><li class='av-share-link av-social-link-mail' ><a  aria-label=\"Compartir por correo\" href='mailto:?subject=Invitan%20a%20MiPymes%20a%20postular%20al%20subsidio%20para%20alcanzar%20el%20sueldo%20m%C3%ADnimo&#038;body=https:\/\/radiorevelacionfm.cl\/?p=32300' aria-hidden='false' data-av_icon='\ue805' data-av_iconfont='entypo-fontello' title='' data-avia-related-tooltip='Compartir por correo'><span class='avia_hidden_link_text'>Compartir por correo<\/span><\/a><\/li><\/ul><\/div><\/div>\n<div  style='height:50px' class='hr hr-invisible   avia-builder-el-8  el_after_av_social_share  el_before_av_comments_list '><span class='hr-inner ' ><span class='hr-inner-style'><\/span><\/span><\/div>\n<div  class='av-buildercomment  av-blog-meta-html-info-disabled av-blog-meta-tag-disabled  '><\/div>\n","protected":false},"excerpt":{"rendered":"","protected":false},"author":1,"featured_media":32301,"comment_status":"open","ping_status":"open","sticky":false,"template":"","format":"standard","meta":{"footnotes":""},"categories":[38],"tags":[],"class_list":["post-32300","post","type-post","status-publish","format-standard","has-post-thumbnail","hentry","category-regional"],"jetpack_featured_media_url":"https:\/\/radiorevelacionfm.cl\/wp-content\/uploads\/2023\/06\/1-58-1-3.jpg","_links":{"self":[{"href":"https:\/\/radiorevelacionfm.cl\/index.php?rest_route=\/wp\/v2\/posts\/32300","targetHints":{"allow":["GET"]}}],"collection":[{"href":"https:\/\/radiorevelacionfm.cl\/index.php?rest_route=\/wp\/v2\/posts"}],"about":[{"href":"https:\/\/radiorevelacionfm.cl\/index.php?rest_route=\/wp\/v2\/types\/post"}],"author":[{"embeddable":true,"href":"https:\/\/radiorevelacionfm.cl\/index.php?rest_route=\/wp\/v2\/users\/1"}],"replies":[{"embeddable":true,"href":"https:\/\/radiorevelacionfm.cl\/index.php?rest_route=%2Fwp%2Fv2%2Fcomments&post=32300"}],"version-history":[{"count":1,"href":"https:\/\/radiorevelacionfm.cl\/index.php?rest_route=\/wp\/v2\/posts\/32300\/revisions"}],"predecessor-version":[{"id":32302,"href":"https:\/\/radiorevelacionfm.cl\/index.php?rest_route=\/wp\/v2\/posts\/32300\/revisions\/32302"}],"wp:featuredmedia":[{"embeddable":true,"href":"https:\/\/radiorevelacionfm.cl\/index.php?rest_route=\/wp\/v2\/media\/32301"}],"wp:attachment":[{"href":"https:\/\/radiorevelacionfm.cl\/index.php?rest_route=%2Fwp%2Fv2%2Fmedia&parent=32300"}],"wp:term":[{"taxonomy":"category","embeddable":true,"href":"https:\/\/radiorevelacionfm.cl\/index.php?rest_route=%2Fwp%2Fv2%2Fcategories&post=32300"},{"taxonomy":"post_tag","embeddable":true,"href":"https:\/\/radiorevelacionfm.cl\/index.php?rest_route=%2Fwp%2Fv2%2Ftags&post=32300"}],"curies":[{"name":"wp","href":"https:\/\/api.w.org\/{rel}","templated":true}]}}