{"id":3230,"date":"2021-04-18T15:00:59","date_gmt":"2021-04-18T18:00:59","guid":{"rendered":"https:\/\/radiorevelacionfm.cl\/?p=3230"},"modified":"2021-04-18T15:00:59","modified_gmt":"2021-04-18T18:00:59","slug":"bajo-el-sello-educar-para-la-vida-profesores-y-estudiantes-de-mallin-grande-realizan-proceso-para-deshidratar-frutas","status":"publish","type":"post","link":"https:\/\/radiorevelacionfm.cl\/?p=3230","title":{"rendered":"Bajo el sello \u201ceducar para la vida\u201d profesores y estudiantes de Mall\u00edn Grande realizan proceso para deshidratar frutas"},"content":{"rendered":"<div class=\"flex_column av_one_full  flex_column_div av-zero-column-padding first  avia-builder-el-0  el_before_av_one_full  avia-builder-el-first  \" style='border-radius:0px; '><div  class='avia-image-container  av-styling-    avia-builder-el-1  avia-builder-el-no-sibling  avia-align-center '  itemprop=\"image\" itemscope=\"itemscope\" itemtype=\"https:\/\/schema.org\/ImageObject\"  ><div class='avia-image-container-inner'><div class='avia-image-overlay-wrap'><img decoding=\"async\" class='wp-image-0 avia-img-lazy-loading-not-0 avia_image' src=\"https:\/\/radiorevelacionfm.cl\/wp-content\/uploads\/2021\/04\/cosecha-mallin-1_optimized.jpeg\" alt='' title=''   itemprop=\"thumbnailUrl\"  \/><\/div><\/div><\/div><\/div><div class=\"flex_column av_one_full  flex_column_div av-zero-column-padding first  avia-builder-el-2  el_after_av_one_full  el_before_av_one_full  column-top-margin\" style='border-radius:0px; '><section class=\"av_textblock_section \"  itemscope=\"itemscope\" itemtype=\"https:\/\/schema.org\/BlogPosting\" itemprop=\"blogPost\" ><div class='avia_textblock  '   itemprop=\"text\" ><p style=\"text-align: center;\"><strong><span style=\"font-size: 18pt;\">Bajo el sello \u201ceducar para la vida\u201d profesores y estudiantes de Mall\u00edn Grande realizan proceso para deshidratar frutas<\/span><\/strong><\/p>\n<div id=\"gtx-trans\" style=\"position: absolute; left: -50px; top: 4.31534px;\">\n<div class=\"gtx-trans-icon\"><\/div>\n<\/div>\n<\/div><\/section><\/div><div class=\"flex_column av_one_full  flex_column_div av-zero-column-padding first  avia-builder-el-4  el_after_av_one_full  el_before_av_hr  column-top-margin\" style='border-radius:0px; '><section class=\"av_textblock_section \"  itemscope=\"itemscope\" itemtype=\"https:\/\/schema.org\/BlogPosting\" itemprop=\"blogPost\" ><div class='avia_textblock  '   itemprop=\"text\" ><p style=\"text-align: justify;\">Manzanas y peras son sus preferidas las que en su momento acompa\u00f1an las colaciones y postres.<\/p>\n<p style=\"text-align: justify;\">La escuela municipal Tulio Burgos Rivera de Mall\u00edn Grande, es un establecimiento rural que en la actualidad cuenta con una matr\u00edcula de 14 alumnos y dos profesores, Robinson C\u00e1rdenas y Carla Reyes. Ellos junto a la comunidad educativa, que muy bien representan permanentemente los apoderados, realizan una serie de actividades durante el a\u00f1o.<\/p>\n<p style=\"text-align: justify;\">Claramente y para todo el sistema educativo nacional el 2020 fue distinto, no permiti\u00f3 desarrollar clases presenciales, lo que si se ha podido llevar a cabo los primeros meses de 2021, con los resguardos y cuidados que considera realizar actividades en pandemia. Algo que en la escuelita de Mall\u00edn Grande saben muy bien y respetan todas las medidas sanitarias para evitar contagios de Covid-19.<\/p>\n<p style=\"text-align: justify;\">Una de las iniciativas que extra\u00f1aban tanto docentes como estudiantes era, la cosecha de manzanas para luego realizar todo el proceso que culmina con la deshidrataci\u00f3n y envasado de las frutas. Hace muy poco, lograron cumplir cada paso, desde sacar las manzanas hasta lograr la parte final de esta entretenida y educativa actividad.<\/p>\n<p style=\"text-align: justify;\">La profesora Carla Reyes, nos cont\u00f3 sobre la iniciativa, \u201ccomo todos los a\u00f1os, hemos comenzando la cosecha de manzanas para su posterior deshidrataci\u00f3n y envasado. Tomamos todas las medidas preventivas, ya que estamos en una pandemia, dividimos al curso de 14 estudiantes en dos grupos, los m\u00e1s peque\u00f1os fueron al \u00e1rbol que tenemos en el patio de la escuela, cosecharon las manzanas, las guardaron en cajas y posteriormente la llevaron a la cocina multiuso. El grupo m\u00e1s grande de quinto y sexto b\u00e1sico se encargaron de lavar las manzanas, c\u00f3rtalas y dejarlas en las bandejas para su posterior deshidrataci\u00f3n\u201d.<\/p>\n<p style=\"text-align: justify;\">V\u00edctor Quiroz, es estudiante de sexto b\u00e1sico y dijo que le gust\u00f3 mucho la actividad, donde tambi\u00e9n trabajaron preparando peras para ser deshidratadas. \u201cEstuvimos partiendo las peras y las manzanas con rodajas un poco gruesas, para luego ponerlas en una deshidratadora. Fue muy entretenido porque usamos nuestras cosas, nuestros utensilios y despu\u00e9s nos toc\u00f3 hacer el aseo. Me gust\u00f3 mucho la actividad, adem\u00e1s ten\u00edamos mascarillas y guantes\u201d.<\/p>\n<p style=\"text-align: justify;\">Otro estudiante, en este caso de tercero b\u00e1sico, Sebasti\u00e1n Ser\u00f3n, se mostr\u00f3 muy contento de ser parte de una actividad en la que compartieron y trabajaron con todos sus compa\u00f1eros, donde pudo enviar hasta un saludo para su mam\u00e1. \u201cLes quer\u00eda contar que con mis compa\u00f1eros de curso estuvimos en el \u00e1rbol sacando unas manzanas, las echamos a una caja y la llevamos a la sala multiuso. Nuestros compa\u00f1eros las cortaban y las deshidrataban\u2026 quer\u00eda mandarle un saludo a mi mam\u00e1\u201d.<\/p>\n<p style=\"text-align: justify;\">El director y profesor de la escuela Tulio Burgos Rivera, Robinson C\u00e1rdenas, puso en valor el permanente apoyo del Alcalde Ricardo Ibarra y el jefe DAEM Eduardo Montti, ya que gracias a ambas autoridades y sus gestiones hoy cuentan con una sala multiuso, que les ha permitido desarrollar diversas actividades educativas y extraescolares, donde tambi\u00e9n participan los apoderados. De esta forma refuerzan el lema que los ha caracterizado \u201ceducar para la vida\u201d.<\/p>\n<\/div><\/section><\/div><div  style='height:50px' class='hr hr-invisible   avia-builder-el-6  el_after_av_one_full  el_before_av_social_share '><span class='hr-inner ' ><span class='hr-inner-style'><\/span><\/span><\/div><\/p>\n<div  class='av-social-sharing-box  avia-builder-el-7  el_after_av_hr  el_before_av_hr  '><div class='av-share-box'><h5 class='av-share-link-description av-no-toc '>Compartir esta noticia<\/h5><ul class='av-share-box-list noLightbox'><li class='av-share-link av-social-link-facebook' ><a target=\"_blank\" aria-label=\"Compartir en Facebook\" href='https:\/\/www.facebook.com\/sharer.php?u=https:\/\/radiorevelacionfm.cl\/?p=3230&#038;t=Bajo%20el%20sello%20%E2%80%9Ceducar%20para%20la%20vida%E2%80%9D%20profesores%20y%20estudiantes%20de%20Mall%C3%ADn%20Grande%20realizan%20proceso%20para%20deshidratar%20frutas' aria-hidden='false' data-av_icon='\ue8f3' data-av_iconfont='entypo-fontello' title='' data-avia-related-tooltip='Compartir en Facebook' rel=\"noopener\"><span class='avia_hidden_link_text'>Compartir en Facebook<\/span><\/a><\/li><li class='av-share-link av-social-link-twitter' ><a target=\"_blank\" aria-label=\"Compartir en Twitter\" href='https:\/\/twitter.com\/share?text=Bajo%20el%20sello%20%E2%80%9Ceducar%20para%20la%20vida%E2%80%9D%20profesores%20y%20estudiantes%20de%20Mall%C3%ADn%20Grande%20realizan%20proceso%20para%20deshidratar%20frutas&#038;url=https:\/\/radiorevelacionfm.cl\/?p=3230' aria-hidden='false' data-av_icon='\ue8f1' data-av_iconfont='entypo-fontello' title='' data-avia-related-tooltip='Compartir en Twitter' rel=\"noopener\"><span class='avia_hidden_link_text'>Compartir en Twitter<\/span><\/a><\/li><li class='av-share-link av-social-link-whatsapp' ><a target=\"_blank\" aria-label=\"Compartir en Whatsapp\" href='https:\/\/api.whatsapp.com\/send?text=https:\/\/radiorevelacionfm.cl\/?p=3230' aria-hidden='false' data-av_icon='\uf232' data-av_iconfont='entypo-fontello' title='' data-avia-related-tooltip='Compartir en Whatsapp' rel=\"noopener\"><span class='avia_hidden_link_text'>Compartir en Whatsapp<\/span><\/a><\/li><li class='av-share-link av-social-link-linkedin' ><a target=\"_blank\" aria-label=\"Compartir en LinkedIn\" href='https:\/\/linkedin.com\/shareArticle?mini=true&#038;title=Bajo%20el%20sello%20%E2%80%9Ceducar%20para%20la%20vida%E2%80%9D%20profesores%20y%20estudiantes%20de%20Mall%C3%ADn%20Grande%20realizan%20proceso%20para%20deshidratar%20frutas&#038;url=https:\/\/radiorevelacionfm.cl\/?p=3230' aria-hidden='false' data-av_icon='\ue8fc' data-av_iconfont='entypo-fontello' title='' data-avia-related-tooltip='Compartir en LinkedIn' rel=\"noopener\"><span class='avia_hidden_link_text'>Compartir en LinkedIn<\/span><\/a><\/li><li class='av-share-link av-social-link-mail' ><a  aria-label=\"Compartir por correo\" href='mailto:?subject=Bajo%20el%20sello%20%E2%80%9Ceducar%20para%20la%20vida%E2%80%9D%20profesores%20y%20estudiantes%20de%20Mall%C3%ADn%20Grande%20realizan%20proceso%20para%20deshidratar%20frutas&#038;body=https:\/\/radiorevelacionfm.cl\/?p=3230' aria-hidden='false' data-av_icon='\ue805' data-av_iconfont='entypo-fontello' title='' data-avia-related-tooltip='Compartir por correo'><span class='avia_hidden_link_text'>Compartir por correo<\/span><\/a><\/li><\/ul><\/div><\/div>\n<div  style='height:50px' class='hr hr-invisible   avia-builder-el-8  el_after_av_social_share  el_before_av_comments_list '><span class='hr-inner ' ><span class='hr-inner-style'><\/span><\/span><\/div>\n<div  class='av-buildercomment  av-blog-meta-html-info-disabled av-blog-meta-tag-disabled  '><\/div>\n","protected":false},"excerpt":{"rendered":"","protected":false},"author":1,"featured_media":0,"comment_status":"open","ping_status":"open","sticky":false,"template":"","format":"standard","meta":{"footnotes":""},"categories":[38],"tags":[],"class_list":["post-3230","post","type-post","status-publish","format-standard","hentry","category-regional"],"jetpack_featured_media_url":"","_links":{"self":[{"href":"https:\/\/radiorevelacionfm.cl\/index.php?rest_route=\/wp\/v2\/posts\/3230","targetHints":{"allow":["GET"]}}],"collection":[{"href":"https:\/\/radiorevelacionfm.cl\/index.php?rest_route=\/wp\/v2\/posts"}],"about":[{"href":"https:\/\/radiorevelacionfm.cl\/index.php?rest_route=\/wp\/v2\/types\/post"}],"author":[{"embeddable":true,"href":"https:\/\/radiorevelacionfm.cl\/index.php?rest_route=\/wp\/v2\/users\/1"}],"replies":[{"embeddable":true,"href":"https:\/\/radiorevelacionfm.cl\/index.php?rest_route=%2Fwp%2Fv2%2Fcomments&post=3230"}],"version-history":[{"count":1,"href":"https:\/\/radiorevelacionfm.cl\/index.php?rest_route=\/wp\/v2\/posts\/3230\/revisions"}],"predecessor-version":[{"id":3232,"href":"https:\/\/radiorevelacionfm.cl\/index.php?rest_route=\/wp\/v2\/posts\/3230\/revisions\/3232"}],"wp:attachment":[{"href":"https:\/\/radiorevelacionfm.cl\/index.php?rest_route=%2Fwp%2Fv2%2Fmedia&parent=3230"}],"wp:term":[{"taxonomy":"category","embeddable":true,"href":"https:\/\/radiorevelacionfm.cl\/index.php?rest_route=%2Fwp%2Fv2%2Fcategories&post=3230"},{"taxonomy":"post_tag","embeddable":true,"href":"https:\/\/radiorevelacionfm.cl\/index.php?rest_route=%2Fwp%2Fv2%2Ftags&post=3230"}],"curies":[{"name":"wp","href":"https:\/\/api.w.org\/{rel}","templated":true}]}}