{"id":32297,"date":"2023-06-22T10:42:01","date_gmt":"2023-06-22T13:42:01","guid":{"rendered":"https:\/\/radiorevelacionfm.cl\/?p=32297"},"modified":"2023-06-22T10:42:01","modified_gmt":"2023-06-22T13:42:01","slug":"inician-trabajo-para-actualizar-reglamento-que-rige-a-establecimientos-penitenciarios-de-la-region","status":"publish","type":"post","link":"https:\/\/radiorevelacionfm.cl\/?p=32297","title":{"rendered":"Inician trabajo para actualizar reglamento que rige a establecimientos penitenciarios de la regi\u00f3n"},"content":{"rendered":"<div class=\"flex_column av_one_full  flex_column_div av-zero-column-padding first  avia-builder-el-0  el_before_av_one_full  avia-builder-el-first  \" style='border-radius:0px; '><div  class='avia-image-container  av-styling-    avia-builder-el-1  avia-builder-el-no-sibling  avia-align-center '  itemprop=\"image\" itemscope=\"itemscope\" itemtype=\"https:\/\/schema.org\/ImageObject\"  ><div class='avia-image-container-inner'><div class='avia-image-overlay-wrap'><img decoding=\"async\" class='wp-image-32298 avia-img-lazy-loading-not-32298 avia_image' src=\"https:\/\/radiorevelacionfm.cl\/wp-content\/uploads\/2023\/06\/unnamed-7-2_optimized.jpg\" alt='' title='unnamed-(7)-(2)_optimized' height=\"600\" width=\"1784\"  itemprop=\"thumbnailUrl\" srcset=\"https:\/\/radiorevelacionfm.cl\/wp-content\/uploads\/2023\/06\/unnamed-7-2_optimized.jpg 1784w, https:\/\/radiorevelacionfm.cl\/wp-content\/uploads\/2023\/06\/unnamed-7-2_optimized-300x101.jpg 300w, https:\/\/radiorevelacionfm.cl\/wp-content\/uploads\/2023\/06\/unnamed-7-2_optimized-1030x346.jpg 1030w, https:\/\/radiorevelacionfm.cl\/wp-content\/uploads\/2023\/06\/unnamed-7-2_optimized-768x258.jpg 768w, https:\/\/radiorevelacionfm.cl\/wp-content\/uploads\/2023\/06\/unnamed-7-2_optimized-1536x517.jpg 1536w, https:\/\/radiorevelacionfm.cl\/wp-content\/uploads\/2023\/06\/unnamed-7-2_optimized-1500x504.jpg 1500w, https:\/\/radiorevelacionfm.cl\/wp-content\/uploads\/2023\/06\/unnamed-7-2_optimized-705x237.jpg 705w, https:\/\/radiorevelacionfm.cl\/wp-content\/uploads\/2023\/06\/unnamed-7-2_optimized-450x151.jpg 450w, https:\/\/radiorevelacionfm.cl\/wp-content\/uploads\/2023\/06\/unnamed-7-2_optimized-600x202.jpg 600w\" sizes=\"(max-width: 1784px) 100vw, 1784px\" \/><\/div><\/div><\/div><\/div><div class=\"flex_column av_one_full  flex_column_div av-zero-column-padding first  avia-builder-el-2  el_after_av_one_full  el_before_av_one_full  column-top-margin\" style='border-radius:0px; '><section class=\"av_textblock_section \"  itemscope=\"itemscope\" itemtype=\"https:\/\/schema.org\/BlogPosting\" itemprop=\"blogPost\" ><div class='avia_textblock  '   itemprop=\"text\" ><p style=\"text-align: center;\"><strong><span style=\"font-size: 18pt;\">Inician trabajo para actualizar reglamento que rige a establecimientos penitenciarios de la regi\u00f3n<\/span><\/strong><\/p>\n<div id=\"gtx-trans\" style=\"position: absolute; left: -50px; top: 4.31534px;\">\n<div class=\"gtx-trans-icon\"><\/div>\n<\/div>\n<\/div><\/section><\/div><div class=\"flex_column av_one_full  flex_column_div av-zero-column-padding first  avia-builder-el-4  el_after_av_one_full  el_before_av_hr  column-top-margin\" style='border-radius:0px; '><section class=\"av_textblock_section \"  itemscope=\"itemscope\" itemtype=\"https:\/\/schema.org\/BlogPosting\" itemprop=\"blogPost\" ><div class='avia_textblock  '   itemprop=\"text\" ><p style=\"text-align: justify;\">Actualizar el reglamento de establecimientos penitenciarios para colocarlo a la par con los est\u00e1ndares en materia de Derechos Humanos, fue el objetivo de una reuni\u00f3n de coordinaci\u00f3n realizada en el Centro de Cumplimiento Penitenciario de Coyhaique, donde estuvieron presente acad\u00e9micos de la Universidad de Magallanes, el Seremi de Justicia y Derechos Humanos Samuel Navarro, el Director Regional de Gendarmer\u00eda de Chile Fredy Molinett y equipos de trabajo.<\/p>\n<p style=\"text-align: justify;\">Respecto a esta instancia que se est\u00e1 desarrollando a nivel nacional, el Seremi de Justicia y Derechos Humanos Samuel Navarro Castro indic\u00f3 que \u201ceste es un trabajo multidisciplinario que en el caso nuestro se est\u00e1 realizando con profesionales de la Universidad de Magallanes, instituci\u00f3n asignada para la realizaci\u00f3n de este trabajo que se va a realizar con usuarios del sistema penal, y que tiene como objetivo recoger algunas de sus impresiones, situaciones sobre todo en los grupos de especial protecci\u00f3n, por cuanto el reglamento se va a actualizar fundamentalmente para estar a la par con los est\u00e1ndares en materia de derechos humanos. Fue una reuni\u00f3n de trabajo muy provechosa, los profesionales de la UMAG pudieron intercambiar opiniones con personal de Gendarmer\u00eda y conocer las instalaciones del Centro de Cumplimiento Penitenciario de Coyhaique, que es donde se van a realizar estos talleres con algunos grupos de personas que est\u00e1n privadas de libertad y que esperamos cuando se materialice sea una instancia muy provechosa\u201d.<\/p>\n<p style=\"text-align: justify;\">Cabe mencionar que esta iniciativa surge desde la Subsecretar\u00eda de Justicia, quienes celebraron un convenio de colaboraci\u00f3n con distintas universidades p\u00fablicas del pa\u00eds, correspondiendo a la Universidad de Magallanes llevar a cabo el proceso de campo en Ays\u00e9n, trabajo que proveer\u00e1 de insumos, previo al trabajo de actualizaci\u00f3n y modernizaci\u00f3n del reglamento que debe normar a los establecimientos penitenciarios de la regi\u00f3n de Ays\u00e9n, y que se trabaja en el sector justicia.<\/p>\n<p style=\"text-align: justify;\">Respecto a la metodolog\u00eda de trabajo y los grupos espec\u00edficos con quienes se va a trabajar, el acad\u00e9mico de la Universidad de Magallanes Ram\u00f3n Mayorga Macdowell explic\u00f3 que \u201choy realizamos la primera visita a la regi\u00f3n de Ays\u00e9n, instancia en la que estuvimos en el CCP Coyhaique reunidos con el Seremi de Justicia y con los equipos de Gendarmer\u00eda para ir coordinando los aspectos m\u00e1s espec\u00edficos de este proceso, que consiste en la realizaci\u00f3n de talleres con la poblaci\u00f3n penal que pertenecen a ciertos grupos de protecci\u00f3n ya sean mujeres, extranjeros, personas con discapacidad, diversidad sexual y de consulta ind\u00edgena. Ac\u00e1 en la regi\u00f3n se ha determinado trabajar principalmente con mujeres y extranjeros privados de libertad, y m\u00e1s adelante con aquellos que se auto identifiquen pertenecientes a pueblos originarios\u201d.<\/p>\n<p style=\"text-align: justify;\">Finalmente, el Director Regional de Gendarmer\u00eda de Chile, Freddy Molinet se\u00f1al\u00f3 que \u201cen el contexto de la modernizaci\u00f3n que impulsa el Ministerio de Justicia y DDHH al reglamento de establecimientos penitenciarios, se est\u00e1 desarrollando a nivel nacional un proceso de consulta, el que en esta regi\u00f3n llevan adelante profesionales del departamento de ciencias jur\u00eddicas de la Universidad de Magallanes, con quienes hemos sostenido reuniones de coordinaci\u00f3n, ya que las consultas que se realizar\u00e1n en esta regi\u00f3n son a grupos de especial protecci\u00f3n desde la perspectiva de los DDHH\u201d.<\/p>\n<\/div><\/section><\/div><div  style='height:50px' class='hr hr-invisible   avia-builder-el-6  el_after_av_one_full  el_before_av_social_share '><span class='hr-inner ' ><span class='hr-inner-style'><\/span><\/span><\/div><\/p>\n<div  class='av-social-sharing-box  avia-builder-el-7  el_after_av_hr  el_before_av_hr  '><div class='av-share-box'><h5 class='av-share-link-description av-no-toc '>Compartir esta noticia<\/h5><ul class='av-share-box-list noLightbox'><li class='av-share-link av-social-link-facebook' ><a target=\"_blank\" aria-label=\"Compartir en Facebook\" href='https:\/\/www.facebook.com\/sharer.php?u=https:\/\/radiorevelacionfm.cl\/?p=32297&#038;t=Inician%20trabajo%20para%20actualizar%20reglamento%20que%20rige%20a%20establecimientos%20penitenciarios%20de%20la%20regi%C3%B3n' aria-hidden='false' data-av_icon='\ue8f3' data-av_iconfont='entypo-fontello' title='' data-avia-related-tooltip='Compartir en Facebook' rel=\"noopener\"><span class='avia_hidden_link_text'>Compartir en Facebook<\/span><\/a><\/li><li class='av-share-link av-social-link-twitter' ><a target=\"_blank\" aria-label=\"Compartir en Twitter\" href='https:\/\/twitter.com\/share?text=Inician%20trabajo%20para%20actualizar%20reglamento%20que%20rige%20a%20establecimientos%20penitenciarios%20de%20la%20regi%C3%B3n&#038;url=https:\/\/radiorevelacionfm.cl\/?p=32297' aria-hidden='false' data-av_icon='\ue8f1' data-av_iconfont='entypo-fontello' title='' data-avia-related-tooltip='Compartir en Twitter' rel=\"noopener\"><span class='avia_hidden_link_text'>Compartir en Twitter<\/span><\/a><\/li><li class='av-share-link av-social-link-whatsapp' ><a target=\"_blank\" aria-label=\"Compartir en Whatsapp\" href='https:\/\/api.whatsapp.com\/send?text=https:\/\/radiorevelacionfm.cl\/?p=32297' aria-hidden='false' data-av_icon='\uf232' data-av_iconfont='entypo-fontello' title='' data-avia-related-tooltip='Compartir en Whatsapp' rel=\"noopener\"><span class='avia_hidden_link_text'>Compartir en Whatsapp<\/span><\/a><\/li><li class='av-share-link av-social-link-linkedin' ><a target=\"_blank\" aria-label=\"Compartir en LinkedIn\" href='https:\/\/linkedin.com\/shareArticle?mini=true&#038;title=Inician%20trabajo%20para%20actualizar%20reglamento%20que%20rige%20a%20establecimientos%20penitenciarios%20de%20la%20regi%C3%B3n&#038;url=https:\/\/radiorevelacionfm.cl\/?p=32297' aria-hidden='false' data-av_icon='\ue8fc' data-av_iconfont='entypo-fontello' title='' data-avia-related-tooltip='Compartir en LinkedIn' rel=\"noopener\"><span class='avia_hidden_link_text'>Compartir en LinkedIn<\/span><\/a><\/li><li class='av-share-link av-social-link-mail' ><a  aria-label=\"Compartir por correo\" href='mailto:?subject=Inician%20trabajo%20para%20actualizar%20reglamento%20que%20rige%20a%20establecimientos%20penitenciarios%20de%20la%20regi%C3%B3n&#038;body=https:\/\/radiorevelacionfm.cl\/?p=32297' aria-hidden='false' data-av_icon='\ue805' data-av_iconfont='entypo-fontello' title='' data-avia-related-tooltip='Compartir por correo'><span class='avia_hidden_link_text'>Compartir por correo<\/span><\/a><\/li><\/ul><\/div><\/div>\n<div  style='height:50px' class='hr hr-invisible   avia-builder-el-8  el_after_av_social_share  el_before_av_comments_list '><span class='hr-inner ' ><span class='hr-inner-style'><\/span><\/span><\/div>\n<div  class='av-buildercomment  av-blog-meta-html-info-disabled av-blog-meta-tag-disabled  '><\/div>\n","protected":false},"excerpt":{"rendered":"","protected":false},"author":1,"featured_media":32298,"comment_status":"open","ping_status":"open","sticky":false,"template":"","format":"standard","meta":{"footnotes":""},"categories":[55],"tags":[],"class_list":["post-32297","post","type-post","status-publish","format-standard","has-post-thumbnail","hentry","category-justicia"],"jetpack_featured_media_url":"https:\/\/radiorevelacionfm.cl\/wp-content\/uploads\/2023\/06\/unnamed-7-2_optimized.jpg","_links":{"self":[{"href":"https:\/\/radiorevelacionfm.cl\/index.php?rest_route=\/wp\/v2\/posts\/32297","targetHints":{"allow":["GET"]}}],"collection":[{"href":"https:\/\/radiorevelacionfm.cl\/index.php?rest_route=\/wp\/v2\/posts"}],"about":[{"href":"https:\/\/radiorevelacionfm.cl\/index.php?rest_route=\/wp\/v2\/types\/post"}],"author":[{"embeddable":true,"href":"https:\/\/radiorevelacionfm.cl\/index.php?rest_route=\/wp\/v2\/users\/1"}],"replies":[{"embeddable":true,"href":"https:\/\/radiorevelacionfm.cl\/index.php?rest_route=%2Fwp%2Fv2%2Fcomments&post=32297"}],"version-history":[{"count":1,"href":"https:\/\/radiorevelacionfm.cl\/index.php?rest_route=\/wp\/v2\/posts\/32297\/revisions"}],"predecessor-version":[{"id":32299,"href":"https:\/\/radiorevelacionfm.cl\/index.php?rest_route=\/wp\/v2\/posts\/32297\/revisions\/32299"}],"wp:featuredmedia":[{"embeddable":true,"href":"https:\/\/radiorevelacionfm.cl\/index.php?rest_route=\/wp\/v2\/media\/32298"}],"wp:attachment":[{"href":"https:\/\/radiorevelacionfm.cl\/index.php?rest_route=%2Fwp%2Fv2%2Fmedia&parent=32297"}],"wp:term":[{"taxonomy":"category","embeddable":true,"href":"https:\/\/radiorevelacionfm.cl\/index.php?rest_route=%2Fwp%2Fv2%2Fcategories&post=32297"},{"taxonomy":"post_tag","embeddable":true,"href":"https:\/\/radiorevelacionfm.cl\/index.php?rest_route=%2Fwp%2Fv2%2Ftags&post=32297"}],"curies":[{"name":"wp","href":"https:\/\/api.w.org\/{rel}","templated":true}]}}