{"id":32295,"date":"2023-06-24T12:38:53","date_gmt":"2023-06-24T15:38:53","guid":{"rendered":"https:\/\/radiorevelacionfm.cl\/?p=32295"},"modified":"2023-06-24T12:38:53","modified_gmt":"2023-06-24T15:38:53","slug":"sandoval-tras-sesion-especial-mas-que-infraestructura-tenemos-urgencia-de-mejorar-la-gestion-de-los-distintos-establecimientos-de-salud","status":"publish","type":"post","link":"https:\/\/radiorevelacionfm.cl\/?p=32295","title":{"rendered":"Sandoval tras sesi\u00f3n especial: \u201cM\u00e1s que infraestructura, tenemos urgencia de mejorar la gesti\u00f3n de los distintos establecimientos de salud\u201d"},"content":{"rendered":"<div class=\"flex_column av_one_full  flex_column_div av-zero-column-padding first  avia-builder-el-0  el_before_av_one_full  avia-builder-el-first  \" style='border-radius:0px; '><div  class='avia-image-container  av-styling-    avia-builder-el-1  avia-builder-el-no-sibling  avia-align-center '  itemprop=\"image\" itemscope=\"itemscope\" itemtype=\"https:\/\/schema.org\/ImageObject\"  ><div class='avia-image-container-inner'><div class='avia-image-overlay-wrap'><img decoding=\"async\" class='wp-image-22723 avia-img-lazy-loading-not-22723 avia_image' src=\"https:\/\/radiorevelacionfm.cl\/wp-content\/uploads\/2022\/10\/Sandoval-IMG_1790-1-1.jpg\" alt='' title='Sandoval IMG_1790 (1) (1)' height=\"600\" width=\"835\"  itemprop=\"thumbnailUrl\" srcset=\"https:\/\/radiorevelacionfm.cl\/wp-content\/uploads\/2022\/10\/Sandoval-IMG_1790-1-1.jpg 835w, https:\/\/radiorevelacionfm.cl\/wp-content\/uploads\/2022\/10\/Sandoval-IMG_1790-1-1-300x216.jpg 300w, https:\/\/radiorevelacionfm.cl\/wp-content\/uploads\/2022\/10\/Sandoval-IMG_1790-1-1-768x552.jpg 768w, https:\/\/radiorevelacionfm.cl\/wp-content\/uploads\/2022\/10\/Sandoval-IMG_1790-1-1-705x507.jpg 705w, https:\/\/radiorevelacionfm.cl\/wp-content\/uploads\/2022\/10\/Sandoval-IMG_1790-1-1-600x431.jpg 600w\" sizes=\"(max-width: 835px) 100vw, 835px\" \/><\/div><\/div><\/div><\/div><div class=\"flex_column av_one_full  flex_column_div av-zero-column-padding first  avia-builder-el-2  el_after_av_one_full  el_before_av_one_full  column-top-margin\" style='border-radius:0px; '><section class=\"av_textblock_section \"  itemscope=\"itemscope\" itemtype=\"https:\/\/schema.org\/BlogPosting\" itemprop=\"blogPost\" ><div class='avia_textblock  '   itemprop=\"text\" ><p style=\"text-align: center;\"><strong><span style=\"font-size: 18pt;\">Sandoval tras sesi\u00f3n especial: \u201cM\u00e1s que infraestructura, tenemos urgencia de mejorar la gesti\u00f3n de los distintos establecimientos de salud\u201d<\/span><\/strong><\/p>\n<div id=\"gtx-trans\" style=\"position: absolute; left: -50px; top: 4.31534px;\">\n<div class=\"gtx-trans-icon\"><\/div>\n<\/div>\n<\/div><\/section><\/div><div class=\"flex_column av_one_full  flex_column_div av-zero-column-padding first  avia-builder-el-4  el_after_av_one_full  el_before_av_hr  column-top-margin\" style='border-radius:0px; '><section class=\"av_textblock_section \"  itemscope=\"itemscope\" itemtype=\"https:\/\/schema.org\/BlogPosting\" itemprop=\"blogPost\" ><div class='avia_textblock  '   itemprop=\"text\" ><p style=\"text-align: justify;\"><em>Parlamentario pidi\u00f3 informaci\u00f3n sobre estado de avance del hospital de Chile Chico, sobre el convenio de programaci\u00f3n entre el Minsal y el GORE Ays\u00e9n, entre otros temas<\/em><\/p>\n<p style=\"text-align: justify;\">\u201cM\u00e1s que infraestructura, tenemos urgencia de mejorar la gesti\u00f3n de los distintos establecimientos de salud\u201d. Este fue uno de los argumentos entregados por el senador David Sandoval, durante la reciente sesi\u00f3n especial desarrollada en los \u00faltimos d\u00edas en el Senado, en la que se analizaron las razones de la paralizaci\u00f3n y demora de obras hospitalarias.<\/p>\n<p style=\"text-align: justify;\">En la oportunidad, tambi\u00e9n se abord\u00f3 la sub-ejecuci\u00f3n presupuestaria, el aumento del gasto de la construcci\u00f3n post pandemia, los hallazgos arqueol\u00f3gicos que han paralizado obras y la gesti\u00f3n del personal hospitalario, entre otros temas.<\/p>\n<p style=\"text-align: justify;\">En particular, Sandoval dijo tener especial inquietud por el Hospital de Chile Chico, cuya construcci\u00f3n, seg\u00fan el ministerio respectivo, tiene un 43% de avance. \u201cQuedan solamente seis meses para la entrega de esta iniciativa y tiene la mitad del avance, habiendo una demora por el hallazgo de osamentas, entre otros. Y particularmente tambi\u00e9n hay ah\u00ed un tema aparentemente t\u00e9cnico, en el \u00e1mbito el\u00e9ctrico para el funcionamiento del recinto. Estuve en el lugar hace no mucho tiempo atr\u00e1s, donde de la empresa constructora nos manifestaban ciertas dificultades respecto al consumo de electricidad y la capacidad que tiene la estaci\u00f3n de Chile Chico para este suministro\u201d, indic\u00f3.<\/p>\n<p style=\"text-align: justify;\">En ese sentido, dijo que \u201cser\u00eda interesante que el ministerio de Salud nos pueda hacer llegar un informe sobre el estado de avance y ejecuci\u00f3n real y los eventuales atrasos que pudieran existir\u201d.<\/p>\n<p style=\"text-align: justify;\">Por otro lado, el parlamentario pidi\u00f3 informar sobre el nivel de ejecuci\u00f3n y avance respecto del convenio de programaci\u00f3n entre el Minsal y el Gobierno Regional de Ays\u00e9n, para as\u00ed conocer \u201clas etapas que se han resuelto, lo que est\u00e1 pendiente los calendarios asociados a este contexto\u201d.<\/p>\n<p style=\"text-align: justify;\">En todo caso, para el legislador m\u00e1s que infraestructura, existe la urgencia de mejorar la gesti\u00f3n de los distintos establecimientos de salud, especialmente en regiones como Ays\u00e9n. \u201cEse es uno de los mayores problemas que tenemos. Los recintos hospitalarios de nuestra regi\u00f3n se han dotado de profesionales. Hay un margen muy grande ah\u00ed para crecer\u201d, puntualiz\u00f3.<\/p>\n<p style=\"text-align: justify;\">Lo anterior pues record\u00f3 por ejemplo el caso del CESFAM, el cual visit\u00f3 a fines de 2022 y donde \u201ccinco m\u00e9dicos estaban con licencia m\u00e9dica\u201d, insistiendo por ello en la idea de que se debe mejorar la gesti\u00f3n en los recintos.<\/p>\n<\/div><\/section><\/div><div  style='height:50px' class='hr hr-invisible   avia-builder-el-6  el_after_av_one_full  el_before_av_social_share '><span class='hr-inner ' ><span class='hr-inner-style'><\/span><\/span><\/div><\/p>\n<div  class='av-social-sharing-box  avia-builder-el-7  el_after_av_hr  el_before_av_hr  '><div class='av-share-box'><h5 class='av-share-link-description av-no-toc '>Compartir esta noticia<\/h5><ul class='av-share-box-list noLightbox'><li class='av-share-link av-social-link-facebook' ><a target=\"_blank\" aria-label=\"Compartir en Facebook\" href='https:\/\/www.facebook.com\/sharer.php?u=https:\/\/radiorevelacionfm.cl\/?p=32295&#038;t=Sandoval%20tras%20sesi%C3%B3n%20especial%3A%20%E2%80%9CM%C3%A1s%20que%20infraestructura%2C%20tenemos%20urgencia%20de%20mejorar%20la%20gesti%C3%B3n%20de%20los%20distintos%20establecimientos%20de%20salud%E2%80%9D' aria-hidden='false' data-av_icon='\ue8f3' data-av_iconfont='entypo-fontello' title='' data-avia-related-tooltip='Compartir en Facebook' rel=\"noopener\"><span class='avia_hidden_link_text'>Compartir en Facebook<\/span><\/a><\/li><li class='av-share-link av-social-link-twitter' ><a target=\"_blank\" aria-label=\"Compartir en Twitter\" href='https:\/\/twitter.com\/share?text=Sandoval%20tras%20sesi%C3%B3n%20especial%3A%20%E2%80%9CM%C3%A1s%20que%20infraestructura%2C%20tenemos%20urgencia%20de%20mejorar%20la%20gesti%C3%B3n%20de%20los%20distintos%20establecimientos%20de%20salud%E2%80%9D&#038;url=https:\/\/radiorevelacionfm.cl\/?p=32295' aria-hidden='false' data-av_icon='\ue8f1' data-av_iconfont='entypo-fontello' title='' data-avia-related-tooltip='Compartir en Twitter' rel=\"noopener\"><span class='avia_hidden_link_text'>Compartir en Twitter<\/span><\/a><\/li><li class='av-share-link av-social-link-whatsapp' ><a target=\"_blank\" aria-label=\"Compartir en Whatsapp\" href='https:\/\/api.whatsapp.com\/send?text=https:\/\/radiorevelacionfm.cl\/?p=32295' aria-hidden='false' data-av_icon='\uf232' data-av_iconfont='entypo-fontello' title='' data-avia-related-tooltip='Compartir en Whatsapp' rel=\"noopener\"><span class='avia_hidden_link_text'>Compartir en Whatsapp<\/span><\/a><\/li><li class='av-share-link av-social-link-linkedin' ><a target=\"_blank\" aria-label=\"Compartir en LinkedIn\" href='https:\/\/linkedin.com\/shareArticle?mini=true&#038;title=Sandoval%20tras%20sesi%C3%B3n%20especial%3A%20%E2%80%9CM%C3%A1s%20que%20infraestructura%2C%20tenemos%20urgencia%20de%20mejorar%20la%20gesti%C3%B3n%20de%20los%20distintos%20establecimientos%20de%20salud%E2%80%9D&#038;url=https:\/\/radiorevelacionfm.cl\/?p=32295' aria-hidden='false' data-av_icon='\ue8fc' data-av_iconfont='entypo-fontello' title='' data-avia-related-tooltip='Compartir en LinkedIn' rel=\"noopener\"><span class='avia_hidden_link_text'>Compartir en LinkedIn<\/span><\/a><\/li><li class='av-share-link av-social-link-mail' ><a  aria-label=\"Compartir por correo\" href='mailto:?subject=Sandoval%20tras%20sesi%C3%B3n%20especial%3A%20%E2%80%9CM%C3%A1s%20que%20infraestructura%2C%20tenemos%20urgencia%20de%20mejorar%20la%20gesti%C3%B3n%20de%20los%20distintos%20establecimientos%20de%20salud%E2%80%9D&#038;body=https:\/\/radiorevelacionfm.cl\/?p=32295' aria-hidden='false' data-av_icon='\ue805' data-av_iconfont='entypo-fontello' title='' data-avia-related-tooltip='Compartir por correo'><span class='avia_hidden_link_text'>Compartir por correo<\/span><\/a><\/li><\/ul><\/div><\/div>\n<div  style='height:50px' class='hr hr-invisible   avia-builder-el-8  el_after_av_social_share  el_before_av_comments_list '><span class='hr-inner ' ><span class='hr-inner-style'><\/span><\/span><\/div>\n<div  class='av-buildercomment  av-blog-meta-html-info-disabled av-blog-meta-tag-disabled  '><\/div>\n","protected":false},"excerpt":{"rendered":"","protected":false},"author":1,"featured_media":22723,"comment_status":"open","ping_status":"open","sticky":false,"template":"","format":"standard","meta":{"footnotes":""},"categories":[35],"tags":[],"class_list":["post-32295","post","type-post","status-publish","format-standard","has-post-thumbnail","hentry","category-politica"],"jetpack_featured_media_url":"https:\/\/radiorevelacionfm.cl\/wp-content\/uploads\/2022\/10\/Sandoval-IMG_1790-1-1.jpg","_links":{"self":[{"href":"https:\/\/radiorevelacionfm.cl\/index.php?rest_route=\/wp\/v2\/posts\/32295","targetHints":{"allow":["GET"]}}],"collection":[{"href":"https:\/\/radiorevelacionfm.cl\/index.php?rest_route=\/wp\/v2\/posts"}],"about":[{"href":"https:\/\/radiorevelacionfm.cl\/index.php?rest_route=\/wp\/v2\/types\/post"}],"author":[{"embeddable":true,"href":"https:\/\/radiorevelacionfm.cl\/index.php?rest_route=\/wp\/v2\/users\/1"}],"replies":[{"embeddable":true,"href":"https:\/\/radiorevelacionfm.cl\/index.php?rest_route=%2Fwp%2Fv2%2Fcomments&post=32295"}],"version-history":[{"count":1,"href":"https:\/\/radiorevelacionfm.cl\/index.php?rest_route=\/wp\/v2\/posts\/32295\/revisions"}],"predecessor-version":[{"id":32296,"href":"https:\/\/radiorevelacionfm.cl\/index.php?rest_route=\/wp\/v2\/posts\/32295\/revisions\/32296"}],"wp:featuredmedia":[{"embeddable":true,"href":"https:\/\/radiorevelacionfm.cl\/index.php?rest_route=\/wp\/v2\/media\/22723"}],"wp:attachment":[{"href":"https:\/\/radiorevelacionfm.cl\/index.php?rest_route=%2Fwp%2Fv2%2Fmedia&parent=32295"}],"wp:term":[{"taxonomy":"category","embeddable":true,"href":"https:\/\/radiorevelacionfm.cl\/index.php?rest_route=%2Fwp%2Fv2%2Fcategories&post=32295"},{"taxonomy":"post_tag","embeddable":true,"href":"https:\/\/radiorevelacionfm.cl\/index.php?rest_route=%2Fwp%2Fv2%2Ftags&post=32295"}],"curies":[{"name":"wp","href":"https:\/\/api.w.org\/{rel}","templated":true}]}}