{"id":32292,"date":"2023-06-21T16:07:41","date_gmt":"2023-06-21T19:07:41","guid":{"rendered":"https:\/\/radiorevelacionfm.cl\/?p=32292"},"modified":"2023-06-21T16:07:41","modified_gmt":"2023-06-21T19:07:41","slug":"en-melinka-destacan-a-ganadoras-nacionales-del-concurso-historias-de-nuestra-tierra","status":"publish","type":"post","link":"https:\/\/radiorevelacionfm.cl\/?p=32292","title":{"rendered":"En Melinka destacan a ganadoras nacionales del Concurso Historias de Nuestra Tierra"},"content":{"rendered":"<div class=\"flex_column av_one_full  flex_column_div av-zero-column-padding first  avia-builder-el-0  el_before_av_one_full  avia-builder-el-first  \" style='border-radius:0px; '><div  class='avia-image-container  av-styling-    avia-builder-el-1  avia-builder-el-no-sibling  avia-align-center '  itemprop=\"image\" itemscope=\"itemscope\" itemtype=\"https:\/\/schema.org\/ImageObject\"  ><div class='avia-image-container-inner'><div class='avia-image-overlay-wrap'><img decoding=\"async\" class='wp-image-32293 avia-img-lazy-loading-not-32293 avia_image' src=\"https:\/\/radiorevelacionfm.cl\/wp-content\/uploads\/2023\/06\/4-27-1_optimized.jpg\" alt='' title='4-(27)-(1)_optimized' height=\"600\" width=\"935\"  itemprop=\"thumbnailUrl\" srcset=\"https:\/\/radiorevelacionfm.cl\/wp-content\/uploads\/2023\/06\/4-27-1_optimized.jpg 935w, https:\/\/radiorevelacionfm.cl\/wp-content\/uploads\/2023\/06\/4-27-1_optimized-300x193.jpg 300w, https:\/\/radiorevelacionfm.cl\/wp-content\/uploads\/2023\/06\/4-27-1_optimized-768x493.jpg 768w, https:\/\/radiorevelacionfm.cl\/wp-content\/uploads\/2023\/06\/4-27-1_optimized-705x452.jpg 705w, https:\/\/radiorevelacionfm.cl\/wp-content\/uploads\/2023\/06\/4-27-1_optimized-450x289.jpg 450w, https:\/\/radiorevelacionfm.cl\/wp-content\/uploads\/2023\/06\/4-27-1_optimized-600x385.jpg 600w\" sizes=\"(max-width: 935px) 100vw, 935px\" \/><\/div><\/div><\/div><\/div><div class=\"flex_column av_one_full  flex_column_div av-zero-column-padding first  avia-builder-el-2  el_after_av_one_full  el_before_av_one_full  column-top-margin\" style='border-radius:0px; '><section class=\"av_textblock_section \"  itemscope=\"itemscope\" itemtype=\"https:\/\/schema.org\/BlogPosting\" itemprop=\"blogPost\" ><div class='avia_textblock  '   itemprop=\"text\" ><p style=\"text-align: center;\"><strong><span style=\"font-size: 18pt;\">En Melinka destacan a ganadoras nacionales del Concurso Historias de Nuestra Tierra <\/span><\/strong><\/p>\n<div id=\"gtx-trans\" style=\"position: absolute; left: -50px; top: 4.31534px;\">\n<div class=\"gtx-trans-icon\"><\/div>\n<\/div>\n<\/div><\/section><\/div><div class=\"flex_column av_one_full  flex_column_div av-zero-column-padding first  avia-builder-el-4  el_after_av_one_full  el_before_av_hr  column-top-margin\" style='border-radius:0px; '><section class=\"av_textblock_section \"  itemscope=\"itemscope\" itemtype=\"https:\/\/schema.org\/BlogPosting\" itemprop=\"blogPost\" ><div class='avia_textblock  '   itemprop=\"text\" ><p class=\"v1MsoNormal\" style=\"text-align: justify;\"><span class=\"v1ContentPasted0\" lang=\"ES-MX\">En una ceremonia realizada este lunes en el Centro Cultural de Melinka, con la presencia del Seremi de Agricultura, Alan Espinoza Ortiz, y el alcalde de Guaitecas, Marcos Silva Miranda, se llev\u00f3 a cabo la premiaci\u00f3n de las dos ganadoras nacionales de la edici\u00f3n 2022 del Concurso Historias de Nuestra Tierra, impulsado por la Fundaci\u00f3n de Comunicaciones, Capacitaci\u00f3n y Cultura del Agro (FUCOA) del Ministerio de Agricultura.\u00a0<\/span><\/p>\n<p class=\"v1MsoNormal\" style=\"text-align: justify;\"><span class=\"v1ContentPasted0\" lang=\"ES-MX\">El evento resalt\u00f3 la destacada participaci\u00f3n de las dos<span class=\"v1ContentPasted0\">\u00a0<\/span>ganadoras nacionales en las categor\u00edas de cuento y dibujo, ambas residentes en la comuna de Guaitecas. El primer lugar nacional en la categor\u00eda de Cuento Menor de 14 a\u00f1os fue para Ignacia Bel\u00e9n Oyarzo Vargas, con su relato \u00abMi abuelo buzo Escafandra\u00bb. Por otro lado, Sof\u00eda Ignacia Hern\u00e1ndez Quedim\u00e1n obtuvo el primer lugar nacional en la categor\u00eda de Dibujo Educaci\u00f3n B\u00e1sica.\u00a0<\/span><\/p>\n<p class=\"v1MsoNormal\" style=\"text-align: justify;\"><span class=\"v1ContentPasted0\" lang=\"ES-MX\">\u00abMe motiv\u00e9 a escribir este cuento, porque siento que los trabajos que se hicieron hace muchos a\u00f1os se est\u00e1n perdiendo, sobre todo, en la juventud y quiero dar a conocer estos trabajos que fueron muy sacrificados hace muchos a\u00f1os\u00bb, se\u00f1al\u00f3 Ignacia Oyarzo Vargas en torno al significado de su obra.\u00a0<\/span><\/p>\n<p class=\"v1MsoNormal\" style=\"text-align: justify;\"><span class=\"v1ContentPasted0\" lang=\"ES-MX\">En tanto Ignacia Hern\u00e1ndez Quedim\u00e1n, ganadora de la categor\u00eda dibujo, coment\u00f3 el valor de la peregrinaci\u00f3n de San Pedro. \u00abSiento que esto es como una manera de mantener esta celebraci\u00f3n, porque siento que, a lo largo de los a\u00f1os, se ha visto que la gente cada vez asiste menos a esta ceremonia y siento que es una ceremonia muy bonita\u00bb, se\u00f1al\u00f3.\u00a0<\/span><\/p>\n<p class=\"v1MsoNormal\" style=\"text-align: justify;\"><span class=\"v1ContentPasted0\" lang=\"ES-MX\">El alcalde Marcos Silva Miranda valor\u00f3 esta premiaci\u00f3n, que destaca a la comuna y fortalece la atenci\u00f3n directa en el territorio por parte del Ministerio de Agricultura.\u00a0<\/span><\/p>\n<p class=\"v1MsoNormal\" style=\"text-align: justify;\"><span class=\"v1ContentPasted0\" lang=\"ES-MX\">\u00abNo cabe duda del orgullo que sentimos nosotros, primero como autoridad en nuestro rol. Segundo, la importancia para las familias, pero tambi\u00e9n para la regi\u00f3n, la comuna, somos la puerta de entrada a Ays\u00e9n y se agradece la iniciativa (&#8230;). Se abre la instancia de que se conozca la comuna, pero tambi\u00e9n esta instancia de encontrarnos con el Seremi y generar compromisos en otras materias que son necesaria para el desarrollo\u00bb, precis\u00f3.\u00a0<\/span><\/p>\n<p class=\"v1MsoNormal v1ContentPasted0\" style=\"text-align: justify;\">El Concurso Historias de Nuestra Tierra durante la versi\u00f3n 2022 recibi\u00f3 un total de 4.457 obras en 2022, incluyendo fotograf\u00edas, dibujos, poemas y cuentos, como detall\u00f3 el Seremi de Agricultura al resaltar la premiaci\u00f3n realizada en Melinka.<\/p>\n<p class=\"v1MsoNormal\" style=\"text-align: justify;\"><span class=\"v1ContentPasted0\" lang=\"ES-MX\">\u00abTiene que ver con algo que para nosotros como Ministerio de Agricultura es transversal e importante. Tiene que ver no solo con el foco productivo, sino tambi\u00e9n con c\u00f3mo asumimos el rescate -como dijo el alcalde- de la identidad, de la cultura, del arte y oficios que van quedando en el pasado (&#8230;). Quiero hacer una invitaci\u00f3n extensiva a todas y todos a participar en la nueva versi\u00f3n del Concurso Historias de Nuestra Tierra\u00bb, precis\u00f3 Alan Espinoza Ortiz.\u00a0\u00a0\u00a0\u00a0\u00a0<\/span><\/p>\n<p class=\"v1MsoNormal\" style=\"text-align: justify;\"><span class=\"v1ContentPasted0\" lang=\"ES-MX\">El Concurso Historias de Nuestra Tierra celebra este a\u00f1o su 31 aniversario. La convocatoria estar\u00e1 abierta hasta el 31 de agosto de 2023, y las obras se recibir\u00e1n a trav\u00e9s del formulario disponible en el sitio web\u00a0<\/span><a class=\"v1ContentPasted0\" href=\"http:\/\/www.historiasdenuestratierra.cl\/\" target=\"_blank\" rel=\"noopener noreferrer\"><span lang=\"ES-MX\">www.historiasdenuestratierra.cl<\/span><\/a><span class=\"v1ContentPasted0\" lang=\"ES-MX\">.\u00a0<\/span><\/p>\n<p class=\"v1MsoNormal\" style=\"text-align: justify;\"><span lang=\"ES-MX\">\u00a0<\/span><\/p>\n<\/div><\/section><\/div><div  style='height:50px' class='hr hr-invisible   avia-builder-el-6  el_after_av_one_full  el_before_av_social_share '><span class='hr-inner ' ><span class='hr-inner-style'><\/span><\/span><\/div><\/p>\n<div  class='av-social-sharing-box  avia-builder-el-7  el_after_av_hr  el_before_av_hr  '><div class='av-share-box'><h5 class='av-share-link-description av-no-toc '>Compartir esta noticia<\/h5><ul class='av-share-box-list noLightbox'><li class='av-share-link av-social-link-facebook' ><a target=\"_blank\" aria-label=\"Compartir en Facebook\" href='https:\/\/www.facebook.com\/sharer.php?u=https:\/\/radiorevelacionfm.cl\/?p=32292&#038;t=En%20Melinka%20destacan%20a%20ganadoras%20nacionales%20del%20Concurso%20Historias%20de%20Nuestra%20Tierra' aria-hidden='false' data-av_icon='\ue8f3' data-av_iconfont='entypo-fontello' title='' data-avia-related-tooltip='Compartir en Facebook' rel=\"noopener\"><span class='avia_hidden_link_text'>Compartir en Facebook<\/span><\/a><\/li><li class='av-share-link av-social-link-twitter' ><a target=\"_blank\" aria-label=\"Compartir en Twitter\" href='https:\/\/twitter.com\/share?text=En%20Melinka%20destacan%20a%20ganadoras%20nacionales%20del%20Concurso%20Historias%20de%20Nuestra%20Tierra&#038;url=https:\/\/radiorevelacionfm.cl\/?p=32292' aria-hidden='false' data-av_icon='\ue8f1' data-av_iconfont='entypo-fontello' title='' data-avia-related-tooltip='Compartir en Twitter' rel=\"noopener\"><span class='avia_hidden_link_text'>Compartir en Twitter<\/span><\/a><\/li><li class='av-share-link av-social-link-whatsapp' ><a target=\"_blank\" aria-label=\"Compartir en Whatsapp\" href='https:\/\/api.whatsapp.com\/send?text=https:\/\/radiorevelacionfm.cl\/?p=32292' aria-hidden='false' data-av_icon='\uf232' data-av_iconfont='entypo-fontello' title='' data-avia-related-tooltip='Compartir en Whatsapp' rel=\"noopener\"><span class='avia_hidden_link_text'>Compartir en Whatsapp<\/span><\/a><\/li><li class='av-share-link av-social-link-linkedin' ><a target=\"_blank\" aria-label=\"Compartir en LinkedIn\" href='https:\/\/linkedin.com\/shareArticle?mini=true&#038;title=En%20Melinka%20destacan%20a%20ganadoras%20nacionales%20del%20Concurso%20Historias%20de%20Nuestra%20Tierra&#038;url=https:\/\/radiorevelacionfm.cl\/?p=32292' aria-hidden='false' data-av_icon='\ue8fc' data-av_iconfont='entypo-fontello' title='' data-avia-related-tooltip='Compartir en LinkedIn' rel=\"noopener\"><span class='avia_hidden_link_text'>Compartir en LinkedIn<\/span><\/a><\/li><li class='av-share-link av-social-link-mail' ><a  aria-label=\"Compartir por correo\" href='mailto:?subject=En%20Melinka%20destacan%20a%20ganadoras%20nacionales%20del%20Concurso%20Historias%20de%20Nuestra%20Tierra&#038;body=https:\/\/radiorevelacionfm.cl\/?p=32292' aria-hidden='false' data-av_icon='\ue805' data-av_iconfont='entypo-fontello' title='' data-avia-related-tooltip='Compartir por correo'><span class='avia_hidden_link_text'>Compartir por correo<\/span><\/a><\/li><\/ul><\/div><\/div>\n<div  style='height:50px' class='hr hr-invisible   avia-builder-el-8  el_after_av_social_share  el_before_av_comments_list '><span class='hr-inner ' ><span class='hr-inner-style'><\/span><\/span><\/div>\n<div  class='av-buildercomment  av-blog-meta-html-info-disabled av-blog-meta-tag-disabled  '><\/div>\n","protected":false},"excerpt":{"rendered":"","protected":false},"author":1,"featured_media":32293,"comment_status":"open","ping_status":"open","sticky":false,"template":"","format":"standard","meta":{"footnotes":""},"categories":[58],"tags":[],"class_list":["post-32292","post","type-post","status-publish","format-standard","has-post-thumbnail","hentry","category-agricultura"],"jetpack_featured_media_url":"https:\/\/radiorevelacionfm.cl\/wp-content\/uploads\/2023\/06\/4-27-1_optimized.jpg","_links":{"self":[{"href":"https:\/\/radiorevelacionfm.cl\/index.php?rest_route=\/wp\/v2\/posts\/32292","targetHints":{"allow":["GET"]}}],"collection":[{"href":"https:\/\/radiorevelacionfm.cl\/index.php?rest_route=\/wp\/v2\/posts"}],"about":[{"href":"https:\/\/radiorevelacionfm.cl\/index.php?rest_route=\/wp\/v2\/types\/post"}],"author":[{"embeddable":true,"href":"https:\/\/radiorevelacionfm.cl\/index.php?rest_route=\/wp\/v2\/users\/1"}],"replies":[{"embeddable":true,"href":"https:\/\/radiorevelacionfm.cl\/index.php?rest_route=%2Fwp%2Fv2%2Fcomments&post=32292"}],"version-history":[{"count":1,"href":"https:\/\/radiorevelacionfm.cl\/index.php?rest_route=\/wp\/v2\/posts\/32292\/revisions"}],"predecessor-version":[{"id":32294,"href":"https:\/\/radiorevelacionfm.cl\/index.php?rest_route=\/wp\/v2\/posts\/32292\/revisions\/32294"}],"wp:featuredmedia":[{"embeddable":true,"href":"https:\/\/radiorevelacionfm.cl\/index.php?rest_route=\/wp\/v2\/media\/32293"}],"wp:attachment":[{"href":"https:\/\/radiorevelacionfm.cl\/index.php?rest_route=%2Fwp%2Fv2%2Fmedia&parent=32292"}],"wp:term":[{"taxonomy":"category","embeddable":true,"href":"https:\/\/radiorevelacionfm.cl\/index.php?rest_route=%2Fwp%2Fv2%2Fcategories&post=32292"},{"taxonomy":"post_tag","embeddable":true,"href":"https:\/\/radiorevelacionfm.cl\/index.php?rest_route=%2Fwp%2Fv2%2Ftags&post=32292"}],"curies":[{"name":"wp","href":"https:\/\/api.w.org\/{rel}","templated":true}]}}