{"id":32282,"date":"2023-06-20T19:45:27","date_gmt":"2023-06-20T22:45:27","guid":{"rendered":"https:\/\/radiorevelacionfm.cl\/?p=32282"},"modified":"2023-06-20T19:57:19","modified_gmt":"2023-06-20T22:57:19","slug":"aseguran-continuidad-de-vuelos-entre-balmaceda-y-punta-arenas-tras-diversas-gestiones-de-autoridades","status":"publish","type":"post","link":"https:\/\/radiorevelacionfm.cl\/?p=32282","title":{"rendered":"Aseguran continuidad de vuelos entre Balmaceda y Punta Arenas tras diversas gestiones de autoridades"},"content":{"rendered":"<div class=\"flex_column av_one_full  flex_column_div av-zero-column-padding first  avia-builder-el-0  el_before_av_one_full  avia-builder-el-first  \" style='border-radius:0px; '><div  class='avia-image-container  av-styling-    avia-builder-el-1  avia-builder-el-no-sibling  avia-align-center '  itemprop=\"image\" itemscope=\"itemscope\" itemtype=\"https:\/\/schema.org\/ImageObject\"  ><div class='avia-image-container-inner'><div class='avia-image-overlay-wrap'><img decoding=\"async\" class='wp-image-32283 avia-img-lazy-loading-not-32283 avia_image' src=\"https:\/\/radiorevelacionfm.cl\/wp-content\/uploads\/2023\/06\/DAP1-1-1.jpg\" alt='' title='DAP1 (1) (1)' height=\"600\" width=\"769\"  itemprop=\"thumbnailUrl\" srcset=\"https:\/\/radiorevelacionfm.cl\/wp-content\/uploads\/2023\/06\/DAP1-1-1.jpg 769w, https:\/\/radiorevelacionfm.cl\/wp-content\/uploads\/2023\/06\/DAP1-1-1-300x234.jpg 300w, https:\/\/radiorevelacionfm.cl\/wp-content\/uploads\/2023\/06\/DAP1-1-1-705x550.jpg 705w, https:\/\/radiorevelacionfm.cl\/wp-content\/uploads\/2023\/06\/DAP1-1-1-450x351.jpg 450w, https:\/\/radiorevelacionfm.cl\/wp-content\/uploads\/2023\/06\/DAP1-1-1-600x468.jpg 600w\" sizes=\"(max-width: 769px) 100vw, 769px\" \/><\/div><\/div><\/div><\/div>\n<div class=\"flex_column av_one_full  flex_column_div av-zero-column-padding first  avia-builder-el-2  el_after_av_one_full  el_before_av_one_full  column-top-margin\" style='border-radius:0px; '><section class=\"av_textblock_section \"  itemscope=\"itemscope\" itemtype=\"https:\/\/schema.org\/BlogPosting\" itemprop=\"blogPost\" ><div class='avia_textblock  '   itemprop=\"text\" ><p style=\"text-align: center;\"><strong><span style=\"font-size: 18pt;\">Aseguran continuidad de vuelos entre Balmaceda y Punta Arenas tras diversas gestiones de autoridades<\/span><\/strong><\/p>\n<div id=\"gtx-trans\" style=\"position: absolute; left: -50px; top: 4.31534px;\">\n<div class=\"gtx-trans-icon\"><\/div>\n<\/div>\n<\/div><\/section><\/div>\n<div class=\"flex_column av_one_full  flex_column_div av-zero-column-padding first  avia-builder-el-4  el_after_av_one_full  el_before_av_hr  column-top-margin\" style='border-radius:0px; '><section class=\"av_textblock_section \"  itemscope=\"itemscope\" itemtype=\"https:\/\/schema.org\/BlogPosting\" itemprop=\"blogPost\" ><div class='avia_textblock  '   itemprop=\"text\" ><p dir=\"ltr\" style=\"text-align: justify;\">Esta semana Aerol\u00edneas DAP, \u00fanica compa\u00f1\u00eda que realiza vuelos entre la localidad de Balmaceda y Punta Arenas, anunci\u00f3 que suspender\u00eda su servicio en esta ruta. Ante esta situaci\u00f3n, la Gobernadora Regional de Ays\u00e9n, Andrea Mac\u00edas Palma, se comunic\u00f3 con el Subsecretario de Transportes, Jorge Daza, para exigir acciones al respecto.<\/p>\n<p dir=\"ltr\" style=\"text-align: justify;\">\u00abDurante la ma\u00f1ana de este martes 20 de junio tomamos conocimiento de que se estar\u00eda realizando el \u00faltimo vuelo de Aerol\u00edneas DAP, que conecta la Regi\u00f3n de Ays\u00e9n con la Regi\u00f3n de Magallanes. En ese sentido, tom\u00e9 contacto\u00a0 con el Subsecretario de Transportes para solicitar que este servicio pueda reponerse a la brevedad\u00bb, enfatiz\u00f3 la Gobernadora Regional.<\/p>\n<p dir=\"ltr\" style=\"text-align: justify;\">Finalmente, durante la misma jornada, desde el Ministerio de Transportes confirmaron a la m\u00e1xima autoridad de Ays\u00e9n que resolvieron extender el contrato con la empresa, lo que permitir\u00e1 que las y los habitantes de Ays\u00e9n y Magallanes puedan seguir transitando por esta ruta a\u00e9rea.<\/p>\n<p dir=\"ltr\" style=\"text-align: justify;\">\u00abSe nos acaba de informar que no ser\u00e1 suspendido el servicio, que efectivamente hoy no fue el \u00faltimo viaje, sino que se le dar\u00e1 continuidad, para poder favorecer toda la actividad que realizan y los traslados desde la Regi\u00f3n de Ays\u00e9n hacia Magallanes y viceversa\u00bb, coment\u00f3 la Gobernadora Andrea Mac\u00edas, agregando su agradecimiento para con las gestiones realizadas por el Subsecretario de Transporte y su cartera.<\/p>\n<p dir=\"ltr\" style=\"text-align: justify;\">Este subsidio a\u00e9reo fue solicitado hist\u00f3ricamente por la Regi\u00f3n de Ays\u00e9n, por lo que hoy se establece su continuidad como una prioridad para la representante del Ejecutivo regional, quien pone el \u00e9nfasis en que las dificultades administrativas no pueden de ninguna manera poner en riesgo la operatividad de estos vuelos.<\/p>\n<p dir=\"ltr\" style=\"text-align: justify;\">La empresa por su parte asegur\u00f3 que ya est\u00e1 programado un vuelo para el martes 27 de junio, cuyos pasajes est\u00e1n disponibles para compra en sus canales de venta.<\/p>\n<p dir=\"ltr\">Todos los Martes saliendo a las 13:30 de Punta Arenas, arribando a las 14:30 de Balmaceda (hora local). De esta forma se da continuidad al servicio de conectividad a\u00e9rea entre las regiones de Ays\u00e9n y Magallanes.<\/p>\n<\/div><\/section><\/div><div  style='height:50px' class='hr hr-invisible   avia-builder-el-6  el_after_av_one_full  el_before_av_social_share '><span class='hr-inner ' ><span class='hr-inner-style'><\/span><\/span><\/div><\/p>\n<div  class='av-social-sharing-box  avia-builder-el-7  el_after_av_hr  el_before_av_hr  '><div class='av-share-box'><h5 class='av-share-link-description av-no-toc '>Compartir esta noticia<\/h5><ul class='av-share-box-list noLightbox'><li class='av-share-link av-social-link-facebook' ><a target=\"_blank\" aria-label=\"Compartir en Facebook\" href='https:\/\/www.facebook.com\/sharer.php?u=https:\/\/radiorevelacionfm.cl\/?p=32282&#038;t=Aseguran%20continuidad%20de%20vuelos%20entre%20Balmaceda%20y%20Punta%20Arenas%20tras%20diversas%20gestiones%20de%20autoridades' aria-hidden='false' data-av_icon='\ue8f3' data-av_iconfont='entypo-fontello' title='' data-avia-related-tooltip='Compartir en Facebook' rel=\"noopener\"><span class='avia_hidden_link_text'>Compartir en Facebook<\/span><\/a><\/li><li class='av-share-link av-social-link-twitter' ><a target=\"_blank\" aria-label=\"Compartir en Twitter\" href='https:\/\/twitter.com\/share?text=Aseguran%20continuidad%20de%20vuelos%20entre%20Balmaceda%20y%20Punta%20Arenas%20tras%20diversas%20gestiones%20de%20autoridades&#038;url=https:\/\/radiorevelacionfm.cl\/?p=32282' aria-hidden='false' data-av_icon='\ue8f1' data-av_iconfont='entypo-fontello' title='' data-avia-related-tooltip='Compartir en Twitter' rel=\"noopener\"><span class='avia_hidden_link_text'>Compartir en Twitter<\/span><\/a><\/li><li class='av-share-link av-social-link-whatsapp' ><a target=\"_blank\" aria-label=\"Compartir en Whatsapp\" href='https:\/\/api.whatsapp.com\/send?text=https:\/\/radiorevelacionfm.cl\/?p=32282' aria-hidden='false' data-av_icon='\uf232' data-av_iconfont='entypo-fontello' title='' data-avia-related-tooltip='Compartir en Whatsapp' rel=\"noopener\"><span class='avia_hidden_link_text'>Compartir en Whatsapp<\/span><\/a><\/li><li class='av-share-link av-social-link-linkedin' ><a target=\"_blank\" aria-label=\"Compartir en LinkedIn\" href='https:\/\/linkedin.com\/shareArticle?mini=true&#038;title=Aseguran%20continuidad%20de%20vuelos%20entre%20Balmaceda%20y%20Punta%20Arenas%20tras%20diversas%20gestiones%20de%20autoridades&#038;url=https:\/\/radiorevelacionfm.cl\/?p=32282' aria-hidden='false' data-av_icon='\ue8fc' data-av_iconfont='entypo-fontello' title='' data-avia-related-tooltip='Compartir en LinkedIn' rel=\"noopener\"><span class='avia_hidden_link_text'>Compartir en LinkedIn<\/span><\/a><\/li><li class='av-share-link av-social-link-mail' ><a  aria-label=\"Compartir por correo\" href='mailto:?subject=Aseguran%20continuidad%20de%20vuelos%20entre%20Balmaceda%20y%20Punta%20Arenas%20tras%20diversas%20gestiones%20de%20autoridades&#038;body=https:\/\/radiorevelacionfm.cl\/?p=32282' aria-hidden='false' data-av_icon='\ue805' data-av_iconfont='entypo-fontello' title='' data-avia-related-tooltip='Compartir por correo'><span class='avia_hidden_link_text'>Compartir por correo<\/span><\/a><\/li><\/ul><\/div><\/div>\n<div  style='height:50px' class='hr hr-invisible   avia-builder-el-8  el_after_av_social_share  el_before_av_comments_list '><span class='hr-inner ' ><span class='hr-inner-style'><\/span><\/span><\/div>\n<div  class='av-buildercomment  av-blog-meta-html-info-disabled av-blog-meta-tag-disabled  '><\/div>\n","protected":false},"excerpt":{"rendered":"","protected":false},"author":1,"featured_media":32283,"comment_status":"open","ping_status":"open","sticky":false,"template":"","format":"standard","meta":{"footnotes":""},"categories":[38],"tags":[],"class_list":["post-32282","post","type-post","status-publish","format-standard","has-post-thumbnail","hentry","category-regional"],"jetpack_featured_media_url":"https:\/\/radiorevelacionfm.cl\/wp-content\/uploads\/2023\/06\/DAP1-1-1.jpg","_links":{"self":[{"href":"https:\/\/radiorevelacionfm.cl\/index.php?rest_route=\/wp\/v2\/posts\/32282","targetHints":{"allow":["GET"]}}],"collection":[{"href":"https:\/\/radiorevelacionfm.cl\/index.php?rest_route=\/wp\/v2\/posts"}],"about":[{"href":"https:\/\/radiorevelacionfm.cl\/index.php?rest_route=\/wp\/v2\/types\/post"}],"author":[{"embeddable":true,"href":"https:\/\/radiorevelacionfm.cl\/index.php?rest_route=\/wp\/v2\/users\/1"}],"replies":[{"embeddable":true,"href":"https:\/\/radiorevelacionfm.cl\/index.php?rest_route=%2Fwp%2Fv2%2Fcomments&post=32282"}],"version-history":[{"count":2,"href":"https:\/\/radiorevelacionfm.cl\/index.php?rest_route=\/wp\/v2\/posts\/32282\/revisions"}],"predecessor-version":[{"id":32285,"href":"https:\/\/radiorevelacionfm.cl\/index.php?rest_route=\/wp\/v2\/posts\/32282\/revisions\/32285"}],"wp:featuredmedia":[{"embeddable":true,"href":"https:\/\/radiorevelacionfm.cl\/index.php?rest_route=\/wp\/v2\/media\/32283"}],"wp:attachment":[{"href":"https:\/\/radiorevelacionfm.cl\/index.php?rest_route=%2Fwp%2Fv2%2Fmedia&parent=32282"}],"wp:term":[{"taxonomy":"category","embeddable":true,"href":"https:\/\/radiorevelacionfm.cl\/index.php?rest_route=%2Fwp%2Fv2%2Fcategories&post=32282"},{"taxonomy":"post_tag","embeddable":true,"href":"https:\/\/radiorevelacionfm.cl\/index.php?rest_route=%2Fwp%2Fv2%2Ftags&post=32282"}],"curies":[{"name":"wp","href":"https:\/\/api.w.org\/{rel}","templated":true}]}}