{"id":32279,"date":"2023-06-21T17:20:20","date_gmt":"2023-06-21T20:20:20","guid":{"rendered":"https:\/\/radiorevelacionfm.cl\/?p=32279"},"modified":"2023-06-21T17:20:20","modified_gmt":"2023-06-21T20:20:20","slug":"hidrogeno-verde-autoridades-regionales-destacan-fondo-para-impulsar-un-futuro-sostenible","status":"publish","type":"post","link":"https:\/\/radiorevelacionfm.cl\/?p=32279","title":{"rendered":"Hidr\u00f3geno Verde: Autoridades regionales destacan Fondo para impulsar un futuro sostenible"},"content":{"rendered":"<div class=\"flex_column av_one_full  flex_column_div av-zero-column-padding first  avia-builder-el-0  el_before_av_one_full  avia-builder-el-first  \" style='border-radius:0px; '><div  class='avia-image-container  av-styling-    avia-builder-el-1  avia-builder-el-no-sibling  avia-align-center '  itemprop=\"image\" itemscope=\"itemscope\" itemtype=\"https:\/\/schema.org\/ImageObject\"  ><div class='avia-image-container-inner'><div class='avia-image-overlay-wrap'><img decoding=\"async\" class='wp-image-32280 avia-img-lazy-loading-not-32280 avia_image' src=\"https:\/\/radiorevelacionfm.cl\/wp-content\/uploads\/2023\/06\/Dir-Corfo-y-seremi-Gobierno-1-1.jpeg\" alt='' title='Dir Corfo y seremi Gobierno (1) (1)' height=\"600\" width=\"1056\"  itemprop=\"thumbnailUrl\" srcset=\"https:\/\/radiorevelacionfm.cl\/wp-content\/uploads\/2023\/06\/Dir-Corfo-y-seremi-Gobierno-1-1.jpeg 1056w, https:\/\/radiorevelacionfm.cl\/wp-content\/uploads\/2023\/06\/Dir-Corfo-y-seremi-Gobierno-1-1-300x170.jpeg 300w, https:\/\/radiorevelacionfm.cl\/wp-content\/uploads\/2023\/06\/Dir-Corfo-y-seremi-Gobierno-1-1-1030x585.jpeg 1030w, https:\/\/radiorevelacionfm.cl\/wp-content\/uploads\/2023\/06\/Dir-Corfo-y-seremi-Gobierno-1-1-768x436.jpeg 768w, https:\/\/radiorevelacionfm.cl\/wp-content\/uploads\/2023\/06\/Dir-Corfo-y-seremi-Gobierno-1-1-705x401.jpeg 705w, https:\/\/radiorevelacionfm.cl\/wp-content\/uploads\/2023\/06\/Dir-Corfo-y-seremi-Gobierno-1-1-450x256.jpeg 450w, https:\/\/radiorevelacionfm.cl\/wp-content\/uploads\/2023\/06\/Dir-Corfo-y-seremi-Gobierno-1-1-600x341.jpeg 600w\" sizes=\"(max-width: 1056px) 100vw, 1056px\" \/><\/div><\/div><\/div><\/div><div class=\"flex_column av_one_full  flex_column_div av-zero-column-padding first  avia-builder-el-2  el_after_av_one_full  el_before_av_one_full  column-top-margin\" style='border-radius:0px; '><section class=\"av_textblock_section \"  itemscope=\"itemscope\" itemtype=\"https:\/\/schema.org\/BlogPosting\" itemprop=\"blogPost\" ><div class='avia_textblock  '   itemprop=\"text\" ><p style=\"text-align: center;\"><strong><span style=\"font-size: 18pt;\">Hidr\u00f3geno Verde: Autoridades regionales destacan Fondo para impulsar un futuro sostenible<\/span><\/strong><\/p>\n<div id=\"gtx-trans\" style=\"position: absolute; left: -50px; top: 4.31534px;\">\n<div class=\"gtx-trans-icon\"><\/div>\n<\/div>\n<\/div><\/section><\/div><div class=\"flex_column av_one_full  flex_column_div av-zero-column-padding first  avia-builder-el-4  el_after_av_one_full  el_before_av_hr  column-top-margin\" style='border-radius:0px; '><section class=\"av_textblock_section \"  itemscope=\"itemscope\" itemtype=\"https:\/\/schema.org\/BlogPosting\" itemprop=\"blogPost\" ><div class='avia_textblock  '   itemprop=\"text\" ><p style=\"text-align: justify;\">Programa financiero ayudar\u00e1 a generar inversiones privadas en proyectos de producci\u00f3n y demanda, mitigando riesgos y disminuyendo costos, y cuenta con aportes del BID, Banco Mundial, el Banco de Desarrollo de Alemania y la Uni\u00f3n Europea.<\/p>\n<p style=\"text-align: justify;\">Los ministros de Hacienda, Mario Marcel; de Energ\u00eda, Diego Pardow; y de Econom\u00eda, Nicol\u00e1s Grau, y el vicepresidente ejecutivo de Corfo, Jos\u00e9 Miguel Benavente, presentaron el Fondo para el Desarrollo del Hidr\u00f3geno Verde (H2V) y sus derivados en Chile. La iniciativa busca apoyar el desarrollo de la demanda local para la creaci\u00f3n de un mercado de consumo interno, adem\u00e1s de generar las capacidades de producci\u00f3n nacional para convertir al pa\u00eds en un exportador de Hidr\u00f3geno Verde, dadas las ventajas competitivas.<\/p>\n<p style=\"text-align: justify;\">Este programa financiero buscar\u00e1 favorecer la inversi\u00f3n privada en proyectos de producci\u00f3n y demanda de Hidr\u00f3geno Verde, a trav\u00e9s de instrumentos que mitiguen los riesgos, disminuyan los costos y contribuyan a acelerar la materializaci\u00f3n de las inversiones en la industria en el pa\u00eds. Este Fondo (que comenzar\u00e1 a operar el segundo semestre de 2024) dispondr\u00e1 inicialmente de US$ 1.000 millones y se financiar\u00e1 con pr\u00e9stamos y aportes de organismos internacionales y la Uni\u00f3n Europea (UE), m\u00e1s recursos adicionales de Corfo.<\/p>\n<p style=\"text-align: justify;\">Tatiana Pl\u00e1, Seremi de Gobierno Ays\u00e9n indic\u00f3: \u201cTal como lo se\u00f1al\u00f3 nuestro ministro de Hacienda, Mario Marcel, con estas instituciones vamos a poder constituir un fondo que va a entregar financiamiento en condiciones favorables de largo plazo para el desarrollo de proyectos, \u00a0cobertura contra riesgos financieros, a generar recursos para la asistencia t\u00e9cnica a Corfo y tambi\u00e9n para apoyar el desarrollo de esta industria. De esta forma, como Gobierno buscamos ir desarrollando una trayectoria que nos permita impulsar de manera definitiva el Hidr\u00f3geno Verde y con ello alcanzar un futuro sostenible en el pa\u00eds y en nuestra regi\u00f3n\u00bb.<\/p>\n<p style=\"text-align: justify;\">En tanto, Humberto Mar\u00edn, director de Corfo Ays\u00e9n se\u00f1al\u00f3: \u201cEl hidr\u00f3geno verde es una soluci\u00f3n energ\u00e9tica que conecta a distintos sistemas energ\u00e9ticos y presenta una oportunidad particularmente importante para sectores dif\u00edciles de descarbonizar como el transporte pesado, los procesos de alta temperatura en la industria y la aviaci\u00f3n, donde no se dispone de una soluci\u00f3n el\u00e9ctrica y todav\u00eda se necesita un combustible sostenible. Debemos promover su uso, desplazando el consumo de combustibles f\u00f3siles en los sectores minero, transporte y agr\u00edcola, para as\u00ed ofrecer productos bajos en emisiones. Tenemos una oportunidad \u00fanica para desarrollar una industria competitiva de hidr\u00f3geno verde que, a partir de electricidad producida con recursos renovables de bajo costo, permita formar un energ\u00e9tico de uso local y de exportaci\u00f3n, impulsando una econom\u00eda sustentable en torno a \u00e9sta\u201d.<\/p>\n<\/div><\/section><\/div><div  style='height:50px' class='hr hr-invisible   avia-builder-el-6  el_after_av_one_full  el_before_av_social_share '><span class='hr-inner ' ><span class='hr-inner-style'><\/span><\/span><\/div><\/p>\n<div  class='av-social-sharing-box  avia-builder-el-7  el_after_av_hr  el_before_av_hr  '><div class='av-share-box'><h5 class='av-share-link-description av-no-toc '>Compartir esta noticia<\/h5><ul class='av-share-box-list noLightbox'><li class='av-share-link av-social-link-facebook' ><a target=\"_blank\" aria-label=\"Compartir en Facebook\" href='https:\/\/www.facebook.com\/sharer.php?u=https:\/\/radiorevelacionfm.cl\/?p=32279&#038;t=Hidr%C3%B3geno%20Verde%3A%20Autoridades%20regionales%20destacan%20Fondo%20para%20impulsar%20un%20futuro%20sostenible' aria-hidden='false' data-av_icon='\ue8f3' data-av_iconfont='entypo-fontello' title='' data-avia-related-tooltip='Compartir en Facebook' rel=\"noopener\"><span class='avia_hidden_link_text'>Compartir en Facebook<\/span><\/a><\/li><li class='av-share-link av-social-link-twitter' ><a target=\"_blank\" aria-label=\"Compartir en Twitter\" href='https:\/\/twitter.com\/share?text=Hidr%C3%B3geno%20Verde%3A%20Autoridades%20regionales%20destacan%20Fondo%20para%20impulsar%20un%20futuro%20sostenible&#038;url=https:\/\/radiorevelacionfm.cl\/?p=32279' aria-hidden='false' data-av_icon='\ue8f1' data-av_iconfont='entypo-fontello' title='' data-avia-related-tooltip='Compartir en Twitter' rel=\"noopener\"><span class='avia_hidden_link_text'>Compartir en Twitter<\/span><\/a><\/li><li class='av-share-link av-social-link-whatsapp' ><a target=\"_blank\" aria-label=\"Compartir en Whatsapp\" href='https:\/\/api.whatsapp.com\/send?text=https:\/\/radiorevelacionfm.cl\/?p=32279' aria-hidden='false' data-av_icon='\uf232' data-av_iconfont='entypo-fontello' title='' data-avia-related-tooltip='Compartir en Whatsapp' rel=\"noopener\"><span class='avia_hidden_link_text'>Compartir en Whatsapp<\/span><\/a><\/li><li class='av-share-link av-social-link-linkedin' ><a target=\"_blank\" aria-label=\"Compartir en LinkedIn\" href='https:\/\/linkedin.com\/shareArticle?mini=true&#038;title=Hidr%C3%B3geno%20Verde%3A%20Autoridades%20regionales%20destacan%20Fondo%20para%20impulsar%20un%20futuro%20sostenible&#038;url=https:\/\/radiorevelacionfm.cl\/?p=32279' aria-hidden='false' data-av_icon='\ue8fc' data-av_iconfont='entypo-fontello' title='' data-avia-related-tooltip='Compartir en LinkedIn' rel=\"noopener\"><span class='avia_hidden_link_text'>Compartir en LinkedIn<\/span><\/a><\/li><li class='av-share-link av-social-link-mail' ><a  aria-label=\"Compartir por correo\" href='mailto:?subject=Hidr%C3%B3geno%20Verde%3A%20Autoridades%20regionales%20destacan%20Fondo%20para%20impulsar%20un%20futuro%20sostenible&#038;body=https:\/\/radiorevelacionfm.cl\/?p=32279' aria-hidden='false' data-av_icon='\ue805' data-av_iconfont='entypo-fontello' title='' data-avia-related-tooltip='Compartir por correo'><span class='avia_hidden_link_text'>Compartir por correo<\/span><\/a><\/li><\/ul><\/div><\/div>\n<div  style='height:50px' class='hr hr-invisible   avia-builder-el-8  el_after_av_social_share  el_before_av_comments_list '><span class='hr-inner ' ><span class='hr-inner-style'><\/span><\/span><\/div>\n<div  class='av-buildercomment  av-blog-meta-html-info-disabled av-blog-meta-tag-disabled  '><\/div>\n","protected":false},"excerpt":{"rendered":"","protected":false},"author":1,"featured_media":32280,"comment_status":"open","ping_status":"open","sticky":false,"template":"","format":"standard","meta":{"footnotes":""},"categories":[38],"tags":[],"class_list":["post-32279","post","type-post","status-publish","format-standard","has-post-thumbnail","hentry","category-regional"],"jetpack_featured_media_url":"https:\/\/radiorevelacionfm.cl\/wp-content\/uploads\/2023\/06\/Dir-Corfo-y-seremi-Gobierno-1-1.jpeg","_links":{"self":[{"href":"https:\/\/radiorevelacionfm.cl\/index.php?rest_route=\/wp\/v2\/posts\/32279","targetHints":{"allow":["GET"]}}],"collection":[{"href":"https:\/\/radiorevelacionfm.cl\/index.php?rest_route=\/wp\/v2\/posts"}],"about":[{"href":"https:\/\/radiorevelacionfm.cl\/index.php?rest_route=\/wp\/v2\/types\/post"}],"author":[{"embeddable":true,"href":"https:\/\/radiorevelacionfm.cl\/index.php?rest_route=\/wp\/v2\/users\/1"}],"replies":[{"embeddable":true,"href":"https:\/\/radiorevelacionfm.cl\/index.php?rest_route=%2Fwp%2Fv2%2Fcomments&post=32279"}],"version-history":[{"count":1,"href":"https:\/\/radiorevelacionfm.cl\/index.php?rest_route=\/wp\/v2\/posts\/32279\/revisions"}],"predecessor-version":[{"id":32281,"href":"https:\/\/radiorevelacionfm.cl\/index.php?rest_route=\/wp\/v2\/posts\/32279\/revisions\/32281"}],"wp:featuredmedia":[{"embeddable":true,"href":"https:\/\/radiorevelacionfm.cl\/index.php?rest_route=\/wp\/v2\/media\/32280"}],"wp:attachment":[{"href":"https:\/\/radiorevelacionfm.cl\/index.php?rest_route=%2Fwp%2Fv2%2Fmedia&parent=32279"}],"wp:term":[{"taxonomy":"category","embeddable":true,"href":"https:\/\/radiorevelacionfm.cl\/index.php?rest_route=%2Fwp%2Fv2%2Fcategories&post=32279"},{"taxonomy":"post_tag","embeddable":true,"href":"https:\/\/radiorevelacionfm.cl\/index.php?rest_route=%2Fwp%2Fv2%2Ftags&post=32279"}],"curies":[{"name":"wp","href":"https:\/\/api.w.org\/{rel}","templated":true}]}}