{"id":32276,"date":"2023-06-21T18:35:50","date_gmt":"2023-06-21T21:35:50","guid":{"rendered":"https:\/\/radiorevelacionfm.cl\/?p=32276"},"modified":"2023-06-21T18:35:50","modified_gmt":"2023-06-21T21:35:50","slug":"municipio-de-aysen-entrego-reconocimiento-a-policia-de-investigaciones-de-chile-en-su-90-aniversario","status":"publish","type":"post","link":"https:\/\/radiorevelacionfm.cl\/?p=32276","title":{"rendered":"Municipio de Ays\u00e9n entreg\u00f3 reconocimiento a Polic\u00eda de Investigaciones de Chile en su 90\u00b0 aniversario"},"content":{"rendered":"<div class=\"flex_column av_one_full  flex_column_div av-zero-column-padding first  avia-builder-el-0  el_before_av_one_full  avia-builder-el-first  \" style='border-radius:0px; '><div  class='avia-image-container  av-styling-    avia-builder-el-1  avia-builder-el-no-sibling  avia-align-center '  itemprop=\"image\" itemscope=\"itemscope\" itemtype=\"https:\/\/schema.org\/ImageObject\"  ><div class='avia-image-container-inner'><div class='avia-image-overlay-wrap'><img decoding=\"async\" class='wp-image-32277 avia-img-lazy-loading-not-32277 avia_image' src=\"https:\/\/radiorevelacionfm.cl\/wp-content\/uploads\/2023\/06\/Fotografia-12-1.jpeg\" alt='' title='Fotograf\u00eda (12) (1)' height=\"596\" width=\"730\"  itemprop=\"thumbnailUrl\" srcset=\"https:\/\/radiorevelacionfm.cl\/wp-content\/uploads\/2023\/06\/Fotografia-12-1.jpeg 730w, https:\/\/radiorevelacionfm.cl\/wp-content\/uploads\/2023\/06\/Fotografia-12-1-300x245.jpeg 300w, https:\/\/radiorevelacionfm.cl\/wp-content\/uploads\/2023\/06\/Fotografia-12-1-705x576.jpeg 705w, https:\/\/radiorevelacionfm.cl\/wp-content\/uploads\/2023\/06\/Fotografia-12-1-450x367.jpeg 450w, https:\/\/radiorevelacionfm.cl\/wp-content\/uploads\/2023\/06\/Fotografia-12-1-600x490.jpeg 600w\" sizes=\"(max-width: 730px) 100vw, 730px\" \/><\/div><\/div><\/div><\/div><div class=\"flex_column av_one_full  flex_column_div av-zero-column-padding first  avia-builder-el-2  el_after_av_one_full  el_before_av_one_full  column-top-margin\" style='border-radius:0px; '><section class=\"av_textblock_section \"  itemscope=\"itemscope\" itemtype=\"https:\/\/schema.org\/BlogPosting\" itemprop=\"blogPost\" ><div class='avia_textblock  '   itemprop=\"text\" ><p style=\"text-align: center;\"><span style=\"font-size: 18pt;\"><strong>Municipio de Ays\u00e9n entreg\u00f3 reconocimiento a Polic\u00eda de Investigaciones de Chile en su 90\u00b0 aniversario<\/strong><\/span><\/p>\n<div id=\"gtx-trans\" style=\"position: absolute; left: -50px; top: 4.31534px;\">\n<div class=\"gtx-trans-icon\"><\/div>\n<\/div>\n<\/div><\/section><\/div><div class=\"flex_column av_one_full  flex_column_div av-zero-column-padding first  avia-builder-el-4  el_after_av_one_full  el_before_av_hr  column-top-margin\" style='border-radius:0px; '><section class=\"av_textblock_section \"  itemscope=\"itemscope\" itemtype=\"https:\/\/schema.org\/BlogPosting\" itemprop=\"blogPost\" ><div class='avia_textblock  '   itemprop=\"text\" ><p style=\"text-align: justify;\">En conmemoraci\u00f3n del nonag\u00e9simo aniversario de la Polic\u00eda de Investigaciones de Chile, la Ilustre Municipalidad de Ays\u00e9n entreg\u00f3 un merecido reconocimiento a la instituci\u00f3n por su destacada labor. Instancia que se llev\u00f3 a cabo en las dependencias de PDI.<\/p>\n<p style=\"text-align: justify;\">En la ocasi\u00f3n, el alcalde de Ays\u00e9n, Julio Uribe Alvarado, expres\u00f3 su satisfacci\u00f3n y gratitud hacia la labor de la polic\u00eda, en especial por su colaboraci\u00f3n y coordinaci\u00f3n con la Direcci\u00f3n de Seguridad P\u00fablica de la Ilustre Municipalidad de Ays\u00e9n, lo cual ha permitido brindar soluciones m\u00e1s efectivas a las y los ciudadanos de la comuna. Agregando la importancia del trabajo conjunto entre las dos instituciones y resaltando el esfuerzo conjunto que han sido claves para lograr resultados positivos en beneficio de la comunidad.<\/p>\n<p style=\"text-align: justify;\">Asimismo, la autoridad comunal reconoci\u00f3 el arduo trabajo y dedicaci\u00f3n de los funcionarios de la Polic\u00eda de Investigaciones, quienes han sido un ejemplo de profesionalismo y compromiso en su labor diaria. En este sentido, el Municipio de Ays\u00e9n entreg\u00f3 un reconocimiento a fin de visibilizar p\u00fablicamente a la Polic\u00eda de Investigaciones de Chile -PDI- por su destacada labor en la comuna y el rol que desempe\u00f1an en la seguridad y bienestar de vecinas y vecinos; resaltando la importancia de fortalecer la colaboraci\u00f3n entre las entidades p\u00fablicas para alcanzar un entorno seguro y protegido para las y los ayseninos.<\/p>\n<\/div><\/section><\/div><div  style='height:50px' class='hr hr-invisible   avia-builder-el-6  el_after_av_one_full  el_before_av_social_share '><span class='hr-inner ' ><span class='hr-inner-style'><\/span><\/span><\/div><\/p>\n<div  class='av-social-sharing-box  avia-builder-el-7  el_after_av_hr  el_before_av_hr  '><div class='av-share-box'><h5 class='av-share-link-description av-no-toc '>Compartir esta noticia<\/h5><ul class='av-share-box-list noLightbox'><li class='av-share-link av-social-link-facebook' ><a target=\"_blank\" aria-label=\"Compartir en Facebook\" href='https:\/\/www.facebook.com\/sharer.php?u=https:\/\/radiorevelacionfm.cl\/?p=32276&#038;t=Municipio%20de%20Ays%C3%A9n%20entreg%C3%B3%20reconocimiento%20a%20Polic%C3%ADa%20de%20Investigaciones%20de%20Chile%20en%20su%2090%C2%B0%20aniversario' aria-hidden='false' data-av_icon='\ue8f3' data-av_iconfont='entypo-fontello' title='' data-avia-related-tooltip='Compartir en Facebook' rel=\"noopener\"><span class='avia_hidden_link_text'>Compartir en Facebook<\/span><\/a><\/li><li class='av-share-link av-social-link-twitter' ><a target=\"_blank\" aria-label=\"Compartir en Twitter\" href='https:\/\/twitter.com\/share?text=Municipio%20de%20Ays%C3%A9n%20entreg%C3%B3%20reconocimiento%20a%20Polic%C3%ADa%20de%20Investigaciones%20de%20Chile%20en%20su%2090%C2%B0%20aniversario&#038;url=https:\/\/radiorevelacionfm.cl\/?p=32276' aria-hidden='false' data-av_icon='\ue8f1' data-av_iconfont='entypo-fontello' title='' data-avia-related-tooltip='Compartir en Twitter' rel=\"noopener\"><span class='avia_hidden_link_text'>Compartir en Twitter<\/span><\/a><\/li><li class='av-share-link av-social-link-whatsapp' ><a target=\"_blank\" aria-label=\"Compartir en Whatsapp\" href='https:\/\/api.whatsapp.com\/send?text=https:\/\/radiorevelacionfm.cl\/?p=32276' aria-hidden='false' data-av_icon='\uf232' data-av_iconfont='entypo-fontello' title='' data-avia-related-tooltip='Compartir en Whatsapp' rel=\"noopener\"><span class='avia_hidden_link_text'>Compartir en Whatsapp<\/span><\/a><\/li><li class='av-share-link av-social-link-linkedin' ><a target=\"_blank\" aria-label=\"Compartir en LinkedIn\" href='https:\/\/linkedin.com\/shareArticle?mini=true&#038;title=Municipio%20de%20Ays%C3%A9n%20entreg%C3%B3%20reconocimiento%20a%20Polic%C3%ADa%20de%20Investigaciones%20de%20Chile%20en%20su%2090%C2%B0%20aniversario&#038;url=https:\/\/radiorevelacionfm.cl\/?p=32276' aria-hidden='false' data-av_icon='\ue8fc' data-av_iconfont='entypo-fontello' title='' data-avia-related-tooltip='Compartir en LinkedIn' rel=\"noopener\"><span class='avia_hidden_link_text'>Compartir en LinkedIn<\/span><\/a><\/li><li class='av-share-link av-social-link-mail' ><a  aria-label=\"Compartir por correo\" href='mailto:?subject=Municipio%20de%20Ays%C3%A9n%20entreg%C3%B3%20reconocimiento%20a%20Polic%C3%ADa%20de%20Investigaciones%20de%20Chile%20en%20su%2090%C2%B0%20aniversario&#038;body=https:\/\/radiorevelacionfm.cl\/?p=32276' aria-hidden='false' data-av_icon='\ue805' data-av_iconfont='entypo-fontello' title='' data-avia-related-tooltip='Compartir por correo'><span class='avia_hidden_link_text'>Compartir por correo<\/span><\/a><\/li><\/ul><\/div><\/div>\n<div  style='height:50px' class='hr hr-invisible   avia-builder-el-8  el_after_av_social_share  el_before_av_comments_list '><span class='hr-inner ' ><span class='hr-inner-style'><\/span><\/span><\/div>\n<div  class='av-buildercomment  av-blog-meta-html-info-disabled av-blog-meta-tag-disabled  '><\/div>\n","protected":false},"excerpt":{"rendered":"","protected":false},"author":1,"featured_media":32277,"comment_status":"open","ping_status":"open","sticky":false,"template":"","format":"standard","meta":{"footnotes":""},"categories":[38],"tags":[],"class_list":["post-32276","post","type-post","status-publish","format-standard","has-post-thumbnail","hentry","category-regional"],"jetpack_featured_media_url":"https:\/\/radiorevelacionfm.cl\/wp-content\/uploads\/2023\/06\/Fotografia-12-1.jpeg","_links":{"self":[{"href":"https:\/\/radiorevelacionfm.cl\/index.php?rest_route=\/wp\/v2\/posts\/32276","targetHints":{"allow":["GET"]}}],"collection":[{"href":"https:\/\/radiorevelacionfm.cl\/index.php?rest_route=\/wp\/v2\/posts"}],"about":[{"href":"https:\/\/radiorevelacionfm.cl\/index.php?rest_route=\/wp\/v2\/types\/post"}],"author":[{"embeddable":true,"href":"https:\/\/radiorevelacionfm.cl\/index.php?rest_route=\/wp\/v2\/users\/1"}],"replies":[{"embeddable":true,"href":"https:\/\/radiorevelacionfm.cl\/index.php?rest_route=%2Fwp%2Fv2%2Fcomments&post=32276"}],"version-history":[{"count":1,"href":"https:\/\/radiorevelacionfm.cl\/index.php?rest_route=\/wp\/v2\/posts\/32276\/revisions"}],"predecessor-version":[{"id":32278,"href":"https:\/\/radiorevelacionfm.cl\/index.php?rest_route=\/wp\/v2\/posts\/32276\/revisions\/32278"}],"wp:featuredmedia":[{"embeddable":true,"href":"https:\/\/radiorevelacionfm.cl\/index.php?rest_route=\/wp\/v2\/media\/32277"}],"wp:attachment":[{"href":"https:\/\/radiorevelacionfm.cl\/index.php?rest_route=%2Fwp%2Fv2%2Fmedia&parent=32276"}],"wp:term":[{"taxonomy":"category","embeddable":true,"href":"https:\/\/radiorevelacionfm.cl\/index.php?rest_route=%2Fwp%2Fv2%2Fcategories&post=32276"},{"taxonomy":"post_tag","embeddable":true,"href":"https:\/\/radiorevelacionfm.cl\/index.php?rest_route=%2Fwp%2Fv2%2Ftags&post=32276"}],"curies":[{"name":"wp","href":"https:\/\/api.w.org\/{rel}","templated":true}]}}