{"id":32273,"date":"2023-06-20T18:37:22","date_gmt":"2023-06-20T21:37:22","guid":{"rendered":"https:\/\/radiorevelacionfm.cl\/?p=32273"},"modified":"2023-06-20T18:37:22","modified_gmt":"2023-06-20T21:37:22","slug":"presentan-el-libro-el-suelo-vivo-y-las-lombrices-viajeras-iniciativa-impulsada-por-el-sag-y-fundacion-integra","status":"publish","type":"post","link":"https:\/\/radiorevelacionfm.cl\/?p=32273","title":{"rendered":"Presentan el libro \u00abEl Suelo Vivo y las lombrices viajeras\u00bb iniciativa impulsada por el SAG y Fundaci\u00f3n Integra"},"content":{"rendered":"<div class=\"flex_column av_one_full  flex_column_div av-zero-column-padding first  avia-builder-el-0  el_before_av_one_full  avia-builder-el-first  \" style='border-radius:0px; '><div  class='avia-image-container  av-styling-    avia-builder-el-1  avia-builder-el-no-sibling  avia-align-center '  itemprop=\"image\" itemscope=\"itemscope\" itemtype=\"https:\/\/schema.org\/ImageObject\"  ><div class='avia-image-container-inner'><div class='avia-image-overlay-wrap'><img decoding=\"async\" class='wp-image-32274 avia-img-lazy-loading-not-32274 avia_image' src=\"https:\/\/radiorevelacionfm.cl\/wp-content\/uploads\/2023\/06\/SUELO-2-1-1.jpeg\" alt='' title='SUELO 2 (1) (1)' height=\"600\" width=\"800\"  itemprop=\"thumbnailUrl\" srcset=\"https:\/\/radiorevelacionfm.cl\/wp-content\/uploads\/2023\/06\/SUELO-2-1-1.jpeg 800w, https:\/\/radiorevelacionfm.cl\/wp-content\/uploads\/2023\/06\/SUELO-2-1-1-300x225.jpeg 300w, https:\/\/radiorevelacionfm.cl\/wp-content\/uploads\/2023\/06\/SUELO-2-1-1-768x576.jpeg 768w, https:\/\/radiorevelacionfm.cl\/wp-content\/uploads\/2023\/06\/SUELO-2-1-1-705x529.jpeg 705w, https:\/\/radiorevelacionfm.cl\/wp-content\/uploads\/2023\/06\/SUELO-2-1-1-450x338.jpeg 450w, https:\/\/radiorevelacionfm.cl\/wp-content\/uploads\/2023\/06\/SUELO-2-1-1-600x450.jpeg 600w\" sizes=\"(max-width: 800px) 100vw, 800px\" \/><\/div><\/div><\/div><\/div><div class=\"flex_column av_one_full  flex_column_div av-zero-column-padding first  avia-builder-el-2  el_after_av_one_full  el_before_av_one_full  column-top-margin\" style='border-radius:0px; '><section class=\"av_textblock_section \"  itemscope=\"itemscope\" itemtype=\"https:\/\/schema.org\/BlogPosting\" itemprop=\"blogPost\" ><div class='avia_textblock  '   itemprop=\"text\" ><p style=\"text-align: center;\"><strong><span style=\"font-size: 18pt;\">Presentan el libro \u00abEl Suelo Vivo y las lombrices viajeras\u00bb iniciativa impulsada por el SAG y Fundaci\u00f3n Integra<\/span><\/strong><\/p>\n<div id=\"gtx-trans\" style=\"position: absolute; left: -50px; top: 4.31534px;\">\n<div class=\"gtx-trans-icon\"><\/div>\n<\/div>\n<\/div><\/section><\/div><div class=\"flex_column av_one_full  flex_column_div av-zero-column-padding first  avia-builder-el-4  el_after_av_one_full  el_before_av_hr  column-top-margin\" style='border-radius:0px; '><section class=\"av_textblock_section \"  itemscope=\"itemscope\" itemtype=\"https:\/\/schema.org\/BlogPosting\" itemprop=\"blogPost\" ><div class='avia_textblock  '   itemprop=\"text\" ><p style=\"text-align: justify;\">En una entretenida presentaci\u00f3n, ni\u00f1os y ni\u00f1as del jard\u00edn infantil \u00abLos Pioneros\u00bb de Fundaci\u00f3n Integra, ubicado en la comuna de Cochrane, disfrutaron del lanzamiento del texto \u00abEl Suelo Vivo y las lombrices viajeras\u00bb. Este material pedag\u00f3gico est\u00e1 orientado a la primera infancia y tiene como objetivo ilustrar la importancia del suelo, uno de los ecosistemas m\u00e1s complejos de la naturaleza y fundamental para la vida en la tierra. Esta actividad se llev\u00f3 a cabo en el marco de un convenio colaborativo educativo entre Fundaci\u00f3n Integra y el Servicio Agr\u00edcola y Ganadero (SAG) del Ministerio de Agricultura.<\/p>\n<p style=\"text-align: justify;\">La actividad fue encabezada por la Directora Regional (s) del SAG, Valeria Carrasco S\u00e1ez, y por la Educadora de P\u00e1rvulos del jard\u00edn Los Pioneros, Karina Urrutia, junto a los equipos educativos y funcionarios del SAG.<\/p>\n<p style=\"text-align: justify;\">La Directora Regional (S) del SAG, Valeria Carrasco S\u00e1ez, destac\u00f3: \u00abFue una hermosa actividad donde pudimos contarles a los ni\u00f1os y ni\u00f1as la importancia del ecosistema. Este trabajo se realiz\u00f3 en el marco del convenio educativo que existe entre Integra y el SAG desde 2014, donde estamos trabajando en incentivar y concientizar a los ni\u00f1os sobre el cuidado de la naturaleza, el patrimonio fito y zoosanitario, y hoy especialmente en el cuidado del suelo. Adem\u00e1s, como servicio, es importante llegar a toda la comunidad, especialmente a los sectores alejados, y qu\u00e9 mejor manera de llegar que a trav\u00e9s de los ni\u00f1os, quienes llevan el mensaje a sus familias sobre la importancia del cuidado del suelo\u00bb.<\/p>\n<p style=\"text-align: justify;\">Por su parte, la Educadora de Los Pioneros Fundaci\u00f3n Integra, Karina Urrutia, detall\u00f3: \u00abComo jard\u00edn, estamos trabajando en el cuidado del medio ambiente. Hemos preparado actividades l\u00fadicas, como una obra de teatro junto al equipo educativo del libro &#8216;Suelo vivo&#8217;. Es muy importante que los ni\u00f1os tengan el conocimiento y la experiencia de cuidar nuestro suelo. Adem\u00e1s, el jard\u00edn tiene un sello medioambiental enfocado en el rescate cultural y natural del entorno\u00bb.<\/p>\n<p style=\"text-align: justify;\">En la misma l\u00ednea, Pedro Isamitt, jefe sectorial SAG Cochrane, afirm\u00f3: \u00abLo importante es que los ni\u00f1os puedan llevar a sus casas la importancia del suelo, ya que nuestros alimentos nacen de ah\u00ed. Es por eso que trajimos cajones con tierra para que los ni\u00f1os puedan tener contacto con el suelo, conocer los desechos aprovechables que salen de sus casas y aprender sobre la elaboraci\u00f3n del compost\u00bb.<\/p>\n<p style=\"text-align: justify;\">El libro \u00abEl Suelo Vivo y las lombrices viajeras\u00bb es la s\u00e9ptima publicaci\u00f3n conjunta impulsada por el SAG y Fundaci\u00f3n Integra, todas ellas orientadas a la primera infancia y a la protecci\u00f3n de los recursos naturales y el patrimonio fito y zoosanitario. Es importante mencionar que el material ha sido distribuido en los jardines infantiles de la regi\u00f3n. Este texto est\u00e1 disponible de manera digital en el siguiente enlace: https:\/\/www.sag.gob.cl\/content\/sag-educa y en www.integra.cl<\/p>\n<\/div><\/section><\/div><div  style='height:50px' class='hr hr-invisible   avia-builder-el-6  el_after_av_one_full  el_before_av_social_share '><span class='hr-inner ' ><span class='hr-inner-style'><\/span><\/span><\/div><\/p>\n<div  class='av-social-sharing-box  avia-builder-el-7  el_after_av_hr  el_before_av_hr  '><div class='av-share-box'><h5 class='av-share-link-description av-no-toc '>Compartir esta noticia<\/h5><ul class='av-share-box-list noLightbox'><li class='av-share-link av-social-link-facebook' ><a target=\"_blank\" aria-label=\"Compartir en Facebook\" href='https:\/\/www.facebook.com\/sharer.php?u=https:\/\/radiorevelacionfm.cl\/?p=32273&#038;t=Presentan%20el%20libro%20%C2%ABEl%20Suelo%20Vivo%20y%20las%20lombrices%20viajeras%C2%BB%20iniciativa%20impulsada%20por%20el%20SAG%20y%20Fundaci%C3%B3n%20Integra' aria-hidden='false' data-av_icon='\ue8f3' data-av_iconfont='entypo-fontello' title='' data-avia-related-tooltip='Compartir en Facebook' rel=\"noopener\"><span class='avia_hidden_link_text'>Compartir en Facebook<\/span><\/a><\/li><li class='av-share-link av-social-link-twitter' ><a target=\"_blank\" aria-label=\"Compartir en Twitter\" href='https:\/\/twitter.com\/share?text=Presentan%20el%20libro%20%C2%ABEl%20Suelo%20Vivo%20y%20las%20lombrices%20viajeras%C2%BB%20iniciativa%20impulsada%20por%20el%20SAG%20y%20Fundaci%C3%B3n%20Integra&#038;url=https:\/\/radiorevelacionfm.cl\/?p=32273' aria-hidden='false' data-av_icon='\ue8f1' data-av_iconfont='entypo-fontello' title='' data-avia-related-tooltip='Compartir en Twitter' rel=\"noopener\"><span class='avia_hidden_link_text'>Compartir en Twitter<\/span><\/a><\/li><li class='av-share-link av-social-link-whatsapp' ><a target=\"_blank\" aria-label=\"Compartir en Whatsapp\" href='https:\/\/api.whatsapp.com\/send?text=https:\/\/radiorevelacionfm.cl\/?p=32273' aria-hidden='false' data-av_icon='\uf232' data-av_iconfont='entypo-fontello' title='' data-avia-related-tooltip='Compartir en Whatsapp' rel=\"noopener\"><span class='avia_hidden_link_text'>Compartir en Whatsapp<\/span><\/a><\/li><li class='av-share-link av-social-link-linkedin' ><a target=\"_blank\" aria-label=\"Compartir en LinkedIn\" href='https:\/\/linkedin.com\/shareArticle?mini=true&#038;title=Presentan%20el%20libro%20%C2%ABEl%20Suelo%20Vivo%20y%20las%20lombrices%20viajeras%C2%BB%20iniciativa%20impulsada%20por%20el%20SAG%20y%20Fundaci%C3%B3n%20Integra&#038;url=https:\/\/radiorevelacionfm.cl\/?p=32273' aria-hidden='false' data-av_icon='\ue8fc' data-av_iconfont='entypo-fontello' title='' data-avia-related-tooltip='Compartir en LinkedIn' rel=\"noopener\"><span class='avia_hidden_link_text'>Compartir en LinkedIn<\/span><\/a><\/li><li class='av-share-link av-social-link-mail' ><a  aria-label=\"Compartir por correo\" href='mailto:?subject=Presentan%20el%20libro%20%C2%ABEl%20Suelo%20Vivo%20y%20las%20lombrices%20viajeras%C2%BB%20iniciativa%20impulsada%20por%20el%20SAG%20y%20Fundaci%C3%B3n%20Integra&#038;body=https:\/\/radiorevelacionfm.cl\/?p=32273' aria-hidden='false' data-av_icon='\ue805' data-av_iconfont='entypo-fontello' title='' data-avia-related-tooltip='Compartir por correo'><span class='avia_hidden_link_text'>Compartir por correo<\/span><\/a><\/li><\/ul><\/div><\/div>\n<div  style='height:50px' class='hr hr-invisible   avia-builder-el-8  el_after_av_social_share  el_before_av_comments_list '><span class='hr-inner ' ><span class='hr-inner-style'><\/span><\/span><\/div>\n<div  class='av-buildercomment  av-blog-meta-html-info-disabled av-blog-meta-tag-disabled  '><\/div>\n","protected":false},"excerpt":{"rendered":"","protected":false},"author":1,"featured_media":32274,"comment_status":"open","ping_status":"open","sticky":false,"template":"","format":"standard","meta":{"footnotes":""},"categories":[58],"tags":[],"class_list":["post-32273","post","type-post","status-publish","format-standard","has-post-thumbnail","hentry","category-agricultura"],"jetpack_featured_media_url":"https:\/\/radiorevelacionfm.cl\/wp-content\/uploads\/2023\/06\/SUELO-2-1-1.jpeg","_links":{"self":[{"href":"https:\/\/radiorevelacionfm.cl\/index.php?rest_route=\/wp\/v2\/posts\/32273","targetHints":{"allow":["GET"]}}],"collection":[{"href":"https:\/\/radiorevelacionfm.cl\/index.php?rest_route=\/wp\/v2\/posts"}],"about":[{"href":"https:\/\/radiorevelacionfm.cl\/index.php?rest_route=\/wp\/v2\/types\/post"}],"author":[{"embeddable":true,"href":"https:\/\/radiorevelacionfm.cl\/index.php?rest_route=\/wp\/v2\/users\/1"}],"replies":[{"embeddable":true,"href":"https:\/\/radiorevelacionfm.cl\/index.php?rest_route=%2Fwp%2Fv2%2Fcomments&post=32273"}],"version-history":[{"count":1,"href":"https:\/\/radiorevelacionfm.cl\/index.php?rest_route=\/wp\/v2\/posts\/32273\/revisions"}],"predecessor-version":[{"id":32275,"href":"https:\/\/radiorevelacionfm.cl\/index.php?rest_route=\/wp\/v2\/posts\/32273\/revisions\/32275"}],"wp:featuredmedia":[{"embeddable":true,"href":"https:\/\/radiorevelacionfm.cl\/index.php?rest_route=\/wp\/v2\/media\/32274"}],"wp:attachment":[{"href":"https:\/\/radiorevelacionfm.cl\/index.php?rest_route=%2Fwp%2Fv2%2Fmedia&parent=32273"}],"wp:term":[{"taxonomy":"category","embeddable":true,"href":"https:\/\/radiorevelacionfm.cl\/index.php?rest_route=%2Fwp%2Fv2%2Fcategories&post=32273"},{"taxonomy":"post_tag","embeddable":true,"href":"https:\/\/radiorevelacionfm.cl\/index.php?rest_route=%2Fwp%2Fv2%2Ftags&post=32273"}],"curies":[{"name":"wp","href":"https:\/\/api.w.org\/{rel}","templated":true}]}}