{"id":32257,"date":"2023-06-20T16:11:24","date_gmt":"2023-06-20T19:11:24","guid":{"rendered":"https:\/\/radiorevelacionfm.cl\/?p=32257"},"modified":"2023-06-20T16:11:24","modified_gmt":"2023-06-20T19:11:24","slug":"calisto-valora-aprobacion-de-proyecto-que-asegura-ingresos-y-asignaciones-de-asistentes-de-la-educacion-ante-traspaso-a-los-slep","status":"publish","type":"post","link":"https:\/\/radiorevelacionfm.cl\/?p=32257","title":{"rendered":"Calisto valora aprobaci\u00f3n de proyecto que asegura ingresos y asignaciones de asistentes de la educaci\u00f3n ante traspaso a los SLEP"},"content":{"rendered":"<div class=\"flex_column av_one_full  flex_column_div av-zero-column-padding first  avia-builder-el-0  el_before_av_one_full  avia-builder-el-first  \" style='border-radius:0px; '><div  class='avia-image-container  av-styling-    avia-builder-el-1  avia-builder-el-no-sibling  avia-align-center '  itemprop=\"image\" itemscope=\"itemscope\" itemtype=\"https:\/\/schema.org\/ImageObject\"  ><div class='avia-image-container-inner'><div class='avia-image-overlay-wrap'><img decoding=\"async\" class='wp-image-31944 avia-img-lazy-loading-not-31944 avia_image' src=\"https:\/\/radiorevelacionfm.cl\/wp-content\/uploads\/2023\/06\/Foto-2-2-1-1.jpg\" alt='' title='Foto-2 (2) (1) (1)' height=\"600\" width=\"789\"  itemprop=\"thumbnailUrl\" srcset=\"https:\/\/radiorevelacionfm.cl\/wp-content\/uploads\/2023\/06\/Foto-2-2-1-1.jpg 789w, https:\/\/radiorevelacionfm.cl\/wp-content\/uploads\/2023\/06\/Foto-2-2-1-1-300x228.jpg 300w, https:\/\/radiorevelacionfm.cl\/wp-content\/uploads\/2023\/06\/Foto-2-2-1-1-768x584.jpg 768w, https:\/\/radiorevelacionfm.cl\/wp-content\/uploads\/2023\/06\/Foto-2-2-1-1-705x536.jpg 705w, https:\/\/radiorevelacionfm.cl\/wp-content\/uploads\/2023\/06\/Foto-2-2-1-1-450x342.jpg 450w, https:\/\/radiorevelacionfm.cl\/wp-content\/uploads\/2023\/06\/Foto-2-2-1-1-600x456.jpg 600w\" sizes=\"(max-width: 789px) 100vw, 789px\" \/><\/div><\/div><\/div><\/div><div class=\"flex_column av_one_full  flex_column_div av-zero-column-padding first  avia-builder-el-2  el_after_av_one_full  el_before_av_one_full  column-top-margin\" style='border-radius:0px; '><section class=\"av_textblock_section \"  itemscope=\"itemscope\" itemtype=\"https:\/\/schema.org\/BlogPosting\" itemprop=\"blogPost\" ><div class='avia_textblock  '   itemprop=\"text\" ><p style=\"text-align: center;\"><b><span style=\"font-size: 18pt;\">C<\/span><span style=\"font-size: 18pt;\">alisto valora aprobaci\u00f3n de proyecto que asegura ingresos y asignaciones de asistentes de la educaci\u00f3n ante traspaso a los SLEP<\/span><\/b><\/p>\n<div id=\"gtx-trans\" style=\"position: absolute; left: -50px; top: 4.31534px;\">\n<div class=\"gtx-trans-icon\"><\/div>\n<\/div>\n<\/div><\/section><\/div><div class=\"flex_column av_one_full  flex_column_div av-zero-column-padding first  avia-builder-el-4  el_after_av_one_full  el_before_av_hr  column-top-margin\" style='border-radius:0px; '><section class=\"av_textblock_section \"  itemscope=\"itemscope\" itemtype=\"https:\/\/schema.org\/BlogPosting\" itemprop=\"blogPost\" ><div class='avia_textblock  '   itemprop=\"text\" ><p style=\"text-align: justify;\">Como una gran noticia calific\u00f3 el diputado Miguel \u00c1ngel Calisto y la Presidenta de AFAEM, Sarita Gonz\u00e1lez, la aprobaci\u00f3n del proyecto que resguarda y protege los ingresos y asignaciones de los asistentes de la educaci\u00f3n, iniciativa que qued\u00f3 lista para ser ley de la rep\u00fablica y que se enmarca en el proceso de traspaso de la educaci\u00f3n municipal a los SLEP, Servicios Locales de Educaci\u00f3n P\u00fablica.<\/p>\n<p style=\"text-align: justify;\">Seg\u00fan el diputado Calisto, \u201cestamos muy contentos con la aprobaci\u00f3n de este proyecto, porque va a beneficiar a un n\u00famero importante de asistentes de la educaci\u00f3n, cerca de 400 que hoy en d\u00eda trabajan en la educaci\u00f3n municipal. Con esto garantizamos las asignaciones y los sueldos una vez que se concrete el traspaso a los SLEP\u201d, se\u00f1al\u00f3.<\/p>\n<p style=\"text-align: justify;\">\u201cEsto es fundamental, porque hay que entender que los asistentes de la educaci\u00f3n son los que tienen ingresos m\u00e1s bajos en el \u00e1mbito de la educaci\u00f3n p\u00fablica. Ellos cumplen un rol muy relevante en los colegios, por eso es importante esta nueva ley que les da seguridad y certeza. Ahora es importante que los municipios se hagan parte de este proceso y suban los sueldos, para que as\u00ed el traspaso sea mucho mejor para estos trabajadores\u201d, afirm\u00f3.<\/p>\n<p style=\"text-align: justify;\">Por su parte, la Presidenta de la Asociaci\u00f3n de Funcionarios Asistentes de la Educaci\u00f3n de Coyhaique, Sarita Gonz\u00e1lez, indic\u00f3 que \u201cse aprob\u00f3 la ley interpretativa que se refiere al resguardo y protecci\u00f3n de asignaciones para los asistentes de la educaci\u00f3n, es un tema muy importante porque estamos ad portas de ser traspasados a los Servicios Locales de la Educaci\u00f3n P\u00fablica, SLEP\u201d.<\/p>\n<p style=\"text-align: justify;\">\u201cCon la aprobaci\u00f3n de esta ley, consolidamos el reconocimiento y la confianza de aquellos colegas que han sido parte fundamental para la educaci\u00f3n p\u00fablica, con una larga trayectoria laboral, con incluso m\u00e1s de 30 o 40 a\u00f1os de servicio\u201d, indic\u00f3.<\/p>\n<p style=\"text-align: justify;\">Finalmente, la dirigente asegur\u00f3 que \u201cle damos las gracias a los parlamentarios de la regi\u00f3n de Ays\u00e9n pro haber apoyado este proyecto, pero le damos un especial agradecimiento al diputado Miguel \u00c1ngel Calisto, que ha estado desde el primer momento contamos con su apoyo\u201d.<\/p>\n<\/div><\/section><\/div><div  style='height:50px' class='hr hr-invisible   avia-builder-el-6  el_after_av_one_full  el_before_av_social_share '><span class='hr-inner ' ><span class='hr-inner-style'><\/span><\/span><\/div><\/p>\n<div  class='av-social-sharing-box  avia-builder-el-7  el_after_av_hr  el_before_av_hr  '><div class='av-share-box'><h5 class='av-share-link-description av-no-toc '>Compartir esta noticia<\/h5><ul class='av-share-box-list noLightbox'><li class='av-share-link av-social-link-facebook' ><a target=\"_blank\" aria-label=\"Compartir en Facebook\" href='https:\/\/www.facebook.com\/sharer.php?u=https:\/\/radiorevelacionfm.cl\/?p=32257&#038;t=Calisto%20valora%20aprobaci%C3%B3n%20de%20proyecto%20que%20asegura%20ingresos%20y%20asignaciones%20de%20asistentes%20de%20la%20educaci%C3%B3n%20ante%20traspaso%20a%20los%20SLEP' aria-hidden='false' data-av_icon='\ue8f3' data-av_iconfont='entypo-fontello' title='' data-avia-related-tooltip='Compartir en Facebook' rel=\"noopener\"><span class='avia_hidden_link_text'>Compartir en Facebook<\/span><\/a><\/li><li class='av-share-link av-social-link-twitter' ><a target=\"_blank\" aria-label=\"Compartir en Twitter\" href='https:\/\/twitter.com\/share?text=Calisto%20valora%20aprobaci%C3%B3n%20de%20proyecto%20que%20asegura%20ingresos%20y%20asignaciones%20de%20asistentes%20de%20la%20educaci%C3%B3n%20ante%20traspaso%20a%20los%20SLEP&#038;url=https:\/\/radiorevelacionfm.cl\/?p=32257' aria-hidden='false' data-av_icon='\ue8f1' data-av_iconfont='entypo-fontello' title='' data-avia-related-tooltip='Compartir en Twitter' rel=\"noopener\"><span class='avia_hidden_link_text'>Compartir en Twitter<\/span><\/a><\/li><li class='av-share-link av-social-link-whatsapp' ><a target=\"_blank\" aria-label=\"Compartir en Whatsapp\" href='https:\/\/api.whatsapp.com\/send?text=https:\/\/radiorevelacionfm.cl\/?p=32257' aria-hidden='false' data-av_icon='\uf232' data-av_iconfont='entypo-fontello' title='' data-avia-related-tooltip='Compartir en Whatsapp' rel=\"noopener\"><span class='avia_hidden_link_text'>Compartir en Whatsapp<\/span><\/a><\/li><li class='av-share-link av-social-link-linkedin' ><a target=\"_blank\" aria-label=\"Compartir en LinkedIn\" href='https:\/\/linkedin.com\/shareArticle?mini=true&#038;title=Calisto%20valora%20aprobaci%C3%B3n%20de%20proyecto%20que%20asegura%20ingresos%20y%20asignaciones%20de%20asistentes%20de%20la%20educaci%C3%B3n%20ante%20traspaso%20a%20los%20SLEP&#038;url=https:\/\/radiorevelacionfm.cl\/?p=32257' aria-hidden='false' data-av_icon='\ue8fc' data-av_iconfont='entypo-fontello' title='' data-avia-related-tooltip='Compartir en LinkedIn' rel=\"noopener\"><span class='avia_hidden_link_text'>Compartir en LinkedIn<\/span><\/a><\/li><li class='av-share-link av-social-link-mail' ><a  aria-label=\"Compartir por correo\" href='mailto:?subject=Calisto%20valora%20aprobaci%C3%B3n%20de%20proyecto%20que%20asegura%20ingresos%20y%20asignaciones%20de%20asistentes%20de%20la%20educaci%C3%B3n%20ante%20traspaso%20a%20los%20SLEP&#038;body=https:\/\/radiorevelacionfm.cl\/?p=32257' aria-hidden='false' data-av_icon='\ue805' data-av_iconfont='entypo-fontello' title='' data-avia-related-tooltip='Compartir por correo'><span class='avia_hidden_link_text'>Compartir por correo<\/span><\/a><\/li><\/ul><\/div><\/div>\n<div  style='height:50px' class='hr hr-invisible   avia-builder-el-8  el_after_av_social_share  el_before_av_comments_list '><span class='hr-inner ' ><span class='hr-inner-style'><\/span><\/span><\/div>\n<div  class='av-buildercomment  av-blog-meta-html-info-disabled av-blog-meta-tag-disabled  '><\/div>\n","protected":false},"excerpt":{"rendered":"","protected":false},"author":1,"featured_media":31944,"comment_status":"open","ping_status":"open","sticky":false,"template":"","format":"standard","meta":{"footnotes":""},"categories":[35],"tags":[],"class_list":["post-32257","post","type-post","status-publish","format-standard","has-post-thumbnail","hentry","category-politica"],"jetpack_featured_media_url":"https:\/\/radiorevelacionfm.cl\/wp-content\/uploads\/2023\/06\/Foto-2-2-1-1.jpg","_links":{"self":[{"href":"https:\/\/radiorevelacionfm.cl\/index.php?rest_route=\/wp\/v2\/posts\/32257","targetHints":{"allow":["GET"]}}],"collection":[{"href":"https:\/\/radiorevelacionfm.cl\/index.php?rest_route=\/wp\/v2\/posts"}],"about":[{"href":"https:\/\/radiorevelacionfm.cl\/index.php?rest_route=\/wp\/v2\/types\/post"}],"author":[{"embeddable":true,"href":"https:\/\/radiorevelacionfm.cl\/index.php?rest_route=\/wp\/v2\/users\/1"}],"replies":[{"embeddable":true,"href":"https:\/\/radiorevelacionfm.cl\/index.php?rest_route=%2Fwp%2Fv2%2Fcomments&post=32257"}],"version-history":[{"count":1,"href":"https:\/\/radiorevelacionfm.cl\/index.php?rest_route=\/wp\/v2\/posts\/32257\/revisions"}],"predecessor-version":[{"id":32258,"href":"https:\/\/radiorevelacionfm.cl\/index.php?rest_route=\/wp\/v2\/posts\/32257\/revisions\/32258"}],"wp:featuredmedia":[{"embeddable":true,"href":"https:\/\/radiorevelacionfm.cl\/index.php?rest_route=\/wp\/v2\/media\/31944"}],"wp:attachment":[{"href":"https:\/\/radiorevelacionfm.cl\/index.php?rest_route=%2Fwp%2Fv2%2Fmedia&parent=32257"}],"wp:term":[{"taxonomy":"category","embeddable":true,"href":"https:\/\/radiorevelacionfm.cl\/index.php?rest_route=%2Fwp%2Fv2%2Fcategories&post=32257"},{"taxonomy":"post_tag","embeddable":true,"href":"https:\/\/radiorevelacionfm.cl\/index.php?rest_route=%2Fwp%2Fv2%2Ftags&post=32257"}],"curies":[{"name":"wp","href":"https:\/\/api.w.org\/{rel}","templated":true}]}}