{"id":32252,"date":"2023-06-20T21:01:45","date_gmt":"2023-06-21T00:01:45","guid":{"rendered":"https:\/\/radiorevelacionfm.cl\/?p=32252"},"modified":"2023-06-20T21:01:45","modified_gmt":"2023-06-21T00:01:45","slug":"informan-nuevos-plazos-para-renovacion-de-licencias-de-conducir-en-puerto-aysen","status":"publish","type":"post","link":"https:\/\/radiorevelacionfm.cl\/?p=32252","title":{"rendered":"Informan nuevos plazos para renovaci\u00f3n de licencias de conducir en Puerto Ays\u00e9n"},"content":{"rendered":"<div class=\"flex_column av_one_full  flex_column_div av-zero-column-padding first  avia-builder-el-0  el_before_av_one_full  avia-builder-el-first  \" style='border-radius:0px; '><div  class='avia-image-container  av-styling-    avia-builder-el-1  avia-builder-el-no-sibling  avia-align-center '  itemprop=\"image\" itemscope=\"itemscope\" itemtype=\"https:\/\/schema.org\/ImageObject\"  ><div class='avia-image-container-inner'><div class='avia-image-overlay-wrap'><img decoding=\"async\" class='wp-image-32253 avia-img-lazy-loading-not-32253 avia_image' src=\"https:\/\/radiorevelacionfm.cl\/wp-content\/uploads\/2023\/06\/foto2-9-1-1.jpg\" alt='' title='foto2 (9) (1) (1)' height=\"600\" width=\"911\"  itemprop=\"thumbnailUrl\" srcset=\"https:\/\/radiorevelacionfm.cl\/wp-content\/uploads\/2023\/06\/foto2-9-1-1.jpg 911w, https:\/\/radiorevelacionfm.cl\/wp-content\/uploads\/2023\/06\/foto2-9-1-1-300x198.jpg 300w, https:\/\/radiorevelacionfm.cl\/wp-content\/uploads\/2023\/06\/foto2-9-1-1-768x506.jpg 768w, https:\/\/radiorevelacionfm.cl\/wp-content\/uploads\/2023\/06\/foto2-9-1-1-705x464.jpg 705w, https:\/\/radiorevelacionfm.cl\/wp-content\/uploads\/2023\/06\/foto2-9-1-1-450x296.jpg 450w, https:\/\/radiorevelacionfm.cl\/wp-content\/uploads\/2023\/06\/foto2-9-1-1-600x395.jpg 600w\" sizes=\"(max-width: 911px) 100vw, 911px\" \/><\/div><\/div><\/div><\/div><div class=\"flex_column av_one_full  flex_column_div av-zero-column-padding first  avia-builder-el-2  el_after_av_one_full  el_before_av_one_full  column-top-margin\" style='border-radius:0px; '><section class=\"av_textblock_section \"  itemscope=\"itemscope\" itemtype=\"https:\/\/schema.org\/BlogPosting\" itemprop=\"blogPost\" ><div class='avia_textblock  '   itemprop=\"text\" ><p style=\"text-align: center;\"><strong><span style=\"font-size: 18pt;\">Informan nuevos plazos para renovaci\u00f3n de licencias de conducir en Puerto Ays\u00e9n<\/span><\/strong><\/p>\n<div id=\"gtx-trans\" style=\"position: absolute; left: -50px; top: 4.31534px;\">\n<div class=\"gtx-trans-icon\"><\/div>\n<\/div>\n<\/div><\/section><\/div><div class=\"flex_column av_one_full  flex_column_div av-zero-column-padding first  avia-builder-el-4  el_after_av_one_full  el_before_av_hr  column-top-margin\" style='border-radius:0px; '><section class=\"av_textblock_section \"  itemscope=\"itemscope\" itemtype=\"https:\/\/schema.org\/BlogPosting\" itemprop=\"blogPost\" ><div class='avia_textblock  '   itemprop=\"text\" ><p style=\"text-align: justify;\">La semana pasada se public\u00f3 la Ley 20.179 que indica una nueva pr\u00f3rroga para las licencias de conducir que se encuentran vencidas y por vencer, con la finalidad de descongestionar a las direcciones de Tr\u00e1nsito de los municipios debido a la alta demanda de solicitudes por parte de los conductores.<\/p>\n<p style=\"text-align: justify;\">La directora de Tr\u00e1nsito y Transporte P\u00fablico de la Municipalidad de Ays\u00e9n, Mabel Vel\u00e1squez, coment\u00f3 que \u201cnosotros ya tuvimos una pr\u00f3rroga que gener\u00f3 caos en las direcciones de Tr\u00e1nsito por la gran demanda de personas que se acumularon para renovar sus licencias, y ahora con esta nueva ley, se modifican los plazos para hacerlo\u201d.<\/p>\n<p style=\"text-align: justify;\">Al respecto, Vel\u00e1squez inform\u00f3 que los nuevos plazos son:<\/p>\n<p style=\"text-align: justify;\">Licencias vencidas en 2020 y 2021 deben ser renovadas en 2023.<\/p>\n<p style=\"text-align: justify;\">Licencias vencidas en 2022 pueden ser renovadas hasta 2024.<\/p>\n<p style=\"text-align: justify;\">Licencias vencidas en 2023 pueden ser renovadas hasta 2025.<\/p>\n<p style=\"text-align: justify;\">Respecto de la entrega de horas, Vel\u00e1squez hizo un llamado a que las personas que deban renovar su licencia dentro de este per\u00edodo, lo hagan con anticipaci\u00f3n debido a que existe una gran demanda. Actualmente, las horas se est\u00e1n agendando para el mes de octubre, por lo que pidi\u00f3 a las personas tomar las precauciones del caso, \u201cespecialmente quienes tienen vencimiento con fecha del verano de 2022, para que no queden sin su hora y con su licencia de conducir vencida\u201d.<\/p>\n<p style=\"text-align: justify;\">En esta misma l\u00ednea, la directora fue enf\u00e1tica en solicitar a las personas que tengan su hora agendada a utilizarla, o informar con antelaci\u00f3n si no podr\u00e1n hacer uso de la misma para poder otorgarle ese espacio a otro usuario. De esta manera, se hace un uso m\u00e1s eficiente de los tiempos.<\/p>\n<p style=\"text-align: justify;\">Quienes tengan dudas pueden contactarse con la Direcci\u00f3n escribiendo a <a href=\"mailto:transito@puertoaysen.cl\">transito@puertoaysen.cl<\/a>, o llamando a los n\u00fameros 6723365, 6723376 o 6723377.<\/p>\n<\/div><\/section><\/div><div  style='height:50px' class='hr hr-invisible   avia-builder-el-6  el_after_av_one_full  el_before_av_social_share '><span class='hr-inner ' ><span class='hr-inner-style'><\/span><\/span><\/div><\/p>\n<div  class='av-social-sharing-box  avia-builder-el-7  el_after_av_hr  el_before_av_hr  '><div class='av-share-box'><h5 class='av-share-link-description av-no-toc '>Compartir esta noticia<\/h5><ul class='av-share-box-list noLightbox'><li class='av-share-link av-social-link-facebook' ><a target=\"_blank\" aria-label=\"Compartir en Facebook\" href='https:\/\/www.facebook.com\/sharer.php?u=https:\/\/radiorevelacionfm.cl\/?p=32252&#038;t=Informan%20nuevos%20plazos%20para%20renovaci%C3%B3n%20de%20licencias%20de%20conducir%20en%20Puerto%20Ays%C3%A9n' aria-hidden='false' data-av_icon='\ue8f3' data-av_iconfont='entypo-fontello' title='' data-avia-related-tooltip='Compartir en Facebook' rel=\"noopener\"><span class='avia_hidden_link_text'>Compartir en Facebook<\/span><\/a><\/li><li class='av-share-link av-social-link-twitter' ><a target=\"_blank\" aria-label=\"Compartir en Twitter\" href='https:\/\/twitter.com\/share?text=Informan%20nuevos%20plazos%20para%20renovaci%C3%B3n%20de%20licencias%20de%20conducir%20en%20Puerto%20Ays%C3%A9n&#038;url=https:\/\/radiorevelacionfm.cl\/?p=32252' aria-hidden='false' data-av_icon='\ue8f1' data-av_iconfont='entypo-fontello' title='' data-avia-related-tooltip='Compartir en Twitter' rel=\"noopener\"><span class='avia_hidden_link_text'>Compartir en Twitter<\/span><\/a><\/li><li class='av-share-link av-social-link-whatsapp' ><a target=\"_blank\" aria-label=\"Compartir en Whatsapp\" href='https:\/\/api.whatsapp.com\/send?text=https:\/\/radiorevelacionfm.cl\/?p=32252' aria-hidden='false' data-av_icon='\uf232' data-av_iconfont='entypo-fontello' title='' data-avia-related-tooltip='Compartir en Whatsapp' rel=\"noopener\"><span class='avia_hidden_link_text'>Compartir en Whatsapp<\/span><\/a><\/li><li class='av-share-link av-social-link-linkedin' ><a target=\"_blank\" aria-label=\"Compartir en LinkedIn\" href='https:\/\/linkedin.com\/shareArticle?mini=true&#038;title=Informan%20nuevos%20plazos%20para%20renovaci%C3%B3n%20de%20licencias%20de%20conducir%20en%20Puerto%20Ays%C3%A9n&#038;url=https:\/\/radiorevelacionfm.cl\/?p=32252' aria-hidden='false' data-av_icon='\ue8fc' data-av_iconfont='entypo-fontello' title='' data-avia-related-tooltip='Compartir en LinkedIn' rel=\"noopener\"><span class='avia_hidden_link_text'>Compartir en LinkedIn<\/span><\/a><\/li><li class='av-share-link av-social-link-mail' ><a  aria-label=\"Compartir por correo\" href='mailto:?subject=Informan%20nuevos%20plazos%20para%20renovaci%C3%B3n%20de%20licencias%20de%20conducir%20en%20Puerto%20Ays%C3%A9n&#038;body=https:\/\/radiorevelacionfm.cl\/?p=32252' aria-hidden='false' data-av_icon='\ue805' data-av_iconfont='entypo-fontello' title='' data-avia-related-tooltip='Compartir por correo'><span class='avia_hidden_link_text'>Compartir por correo<\/span><\/a><\/li><\/ul><\/div><\/div>\n<div  style='height:50px' class='hr hr-invisible   avia-builder-el-8  el_after_av_social_share  el_before_av_comments_list '><span class='hr-inner ' ><span class='hr-inner-style'><\/span><\/span><\/div>\n<div  class='av-buildercomment  av-blog-meta-html-info-disabled av-blog-meta-tag-disabled  '><\/div>\n","protected":false},"excerpt":{"rendered":"","protected":false},"author":1,"featured_media":32253,"comment_status":"open","ping_status":"open","sticky":false,"template":"","format":"standard","meta":{"footnotes":""},"categories":[38],"tags":[],"class_list":["post-32252","post","type-post","status-publish","format-standard","has-post-thumbnail","hentry","category-regional"],"jetpack_featured_media_url":"https:\/\/radiorevelacionfm.cl\/wp-content\/uploads\/2023\/06\/foto2-9-1-1.jpg","_links":{"self":[{"href":"https:\/\/radiorevelacionfm.cl\/index.php?rest_route=\/wp\/v2\/posts\/32252","targetHints":{"allow":["GET"]}}],"collection":[{"href":"https:\/\/radiorevelacionfm.cl\/index.php?rest_route=\/wp\/v2\/posts"}],"about":[{"href":"https:\/\/radiorevelacionfm.cl\/index.php?rest_route=\/wp\/v2\/types\/post"}],"author":[{"embeddable":true,"href":"https:\/\/radiorevelacionfm.cl\/index.php?rest_route=\/wp\/v2\/users\/1"}],"replies":[{"embeddable":true,"href":"https:\/\/radiorevelacionfm.cl\/index.php?rest_route=%2Fwp%2Fv2%2Fcomments&post=32252"}],"version-history":[{"count":1,"href":"https:\/\/radiorevelacionfm.cl\/index.php?rest_route=\/wp\/v2\/posts\/32252\/revisions"}],"predecessor-version":[{"id":32254,"href":"https:\/\/radiorevelacionfm.cl\/index.php?rest_route=\/wp\/v2\/posts\/32252\/revisions\/32254"}],"wp:featuredmedia":[{"embeddable":true,"href":"https:\/\/radiorevelacionfm.cl\/index.php?rest_route=\/wp\/v2\/media\/32253"}],"wp:attachment":[{"href":"https:\/\/radiorevelacionfm.cl\/index.php?rest_route=%2Fwp%2Fv2%2Fmedia&parent=32252"}],"wp:term":[{"taxonomy":"category","embeddable":true,"href":"https:\/\/radiorevelacionfm.cl\/index.php?rest_route=%2Fwp%2Fv2%2Fcategories&post=32252"},{"taxonomy":"post_tag","embeddable":true,"href":"https:\/\/radiorevelacionfm.cl\/index.php?rest_route=%2Fwp%2Fv2%2Ftags&post=32252"}],"curies":[{"name":"wp","href":"https:\/\/api.w.org\/{rel}","templated":true}]}}