{"id":32249,"date":"2023-06-20T13:25:34","date_gmt":"2023-06-20T16:25:34","guid":{"rendered":"https:\/\/radiorevelacionfm.cl\/?p=32249"},"modified":"2023-06-20T13:29:50","modified_gmt":"2023-06-20T16:29:50","slug":"jornada-de-capacitacion-promueve-la-sensibilizacion-y-reflexion-en-torno-a-las-diversidades-sexo-genericas-en-puerto-aysen","status":"publish","type":"post","link":"https:\/\/radiorevelacionfm.cl\/?p=32249","title":{"rendered":"Jornada de capacitaci\u00f3n en Puerto Ays\u00e9n promueve la sensibilizaci\u00f3n y reflexi\u00f3n en torno a las diversidades sexo-gen\u00e9ricas"},"content":{"rendered":"<div class=\"flex_column av_one_full  flex_column_div av-zero-column-padding first  avia-builder-el-0  el_before_av_one_full  avia-builder-el-first  \" style='border-radius:0px; '><div  class='avia-image-container  av-styling-    avia-builder-el-1  avia-builder-el-no-sibling  avia-align-center '  itemprop=\"image\" itemscope=\"itemscope\" itemtype=\"https:\/\/schema.org\/ImageObject\"  ><div class='avia-image-container-inner'><div class='avia-image-overlay-wrap'><img decoding=\"async\" class='wp-image-32250 avia-img-lazy-loading-not-32250 avia_image' src=\"https:\/\/radiorevelacionfm.cl\/wp-content\/uploads\/2023\/06\/Fotografia-11-1-1.jpeg\" alt='' title='Fotograf\u00eda (11) (1) (1)' height=\"600\" width=\"920\"  itemprop=\"thumbnailUrl\" srcset=\"https:\/\/radiorevelacionfm.cl\/wp-content\/uploads\/2023\/06\/Fotografia-11-1-1.jpeg 920w, https:\/\/radiorevelacionfm.cl\/wp-content\/uploads\/2023\/06\/Fotografia-11-1-1-300x196.jpeg 300w, https:\/\/radiorevelacionfm.cl\/wp-content\/uploads\/2023\/06\/Fotografia-11-1-1-768x501.jpeg 768w, https:\/\/radiorevelacionfm.cl\/wp-content\/uploads\/2023\/06\/Fotografia-11-1-1-705x460.jpeg 705w, https:\/\/radiorevelacionfm.cl\/wp-content\/uploads\/2023\/06\/Fotografia-11-1-1-450x293.jpeg 450w, https:\/\/radiorevelacionfm.cl\/wp-content\/uploads\/2023\/06\/Fotografia-11-1-1-600x391.jpeg 600w\" sizes=\"(max-width: 920px) 100vw, 920px\" \/><\/div><\/div><\/div><\/div>\n<div class=\"flex_column av_one_full  flex_column_div av-zero-column-padding first  avia-builder-el-2  el_after_av_one_full  el_before_av_one_full  column-top-margin\" style='border-radius:0px; '><section class=\"av_textblock_section \"  itemscope=\"itemscope\" itemtype=\"https:\/\/schema.org\/BlogPosting\" itemprop=\"blogPost\" ><div class='avia_textblock  '   itemprop=\"text\" ><p style=\"text-align: center;\"><strong><span style=\"font-size: 18pt;\">Jornada de capacitaci\u00f3n en Puerto Ays\u00e9n promueve la sensibilizaci\u00f3n y reflexi\u00f3n en torno a las diversidades sexo-gen\u00e9ricas\u00a0<\/span><\/strong><\/p>\n<div id=\"gtx-trans\" style=\"position: absolute; left: -50px; top: 4.31534px;\">\n<div class=\"gtx-trans-icon\"><\/div>\n<\/div>\n<\/div><\/section><\/div><div class=\"flex_column av_one_full  flex_column_div av-zero-column-padding first  avia-builder-el-4  el_after_av_one_full  el_before_av_hr  column-top-margin\" style='border-radius:0px; '><section class=\"av_textblock_section \"  itemscope=\"itemscope\" itemtype=\"https:\/\/schema.org\/BlogPosting\" itemprop=\"blogPost\" ><div class='avia_textblock  '   itemprop=\"text\" ><p style=\"text-align: justify;\">En busca de fomentar la sensibilizaci\u00f3n y reflexi\u00f3n en la comunidad acerca de la no discriminaci\u00f3n en relaci\u00f3n a las diversidades sexo-gen\u00e9ricas, se llev\u00f3 a cabo la Jornada de Capacitaci\u00f3n titulada \u201cDiversidades sexo-gen\u00e9ricas desde el marco internacional de los Derechos Humanos. La jornada, organizada desde el Programa de Prevenci\u00f3n de Violencia contra las Mujeres, iniciativa conjunta entre SERNAMEG, la Ilustre Municipalidad de Ays\u00e9n y el Instituto de Derechos Humanos, se llev\u00f3 a cabo en las dependencias de la Biblioteca P\u00fablica de Ays\u00e9n.<\/p>\n<p style=\"text-align: justify;\">El objetivo central de esta actividad fue promover procesos de sensibilizaci\u00f3n y reflexi\u00f3n respecto a la no discriminaci\u00f3n en relaci\u00f3n a las diversas orientaciones sexuales e identidades de g\u00e9nero. La instancia congreg\u00f3 a la Red Intersectorial de Violencia contra las Mujeres (VCM), compuesta por diversas instituciones comprometidas en la lucha contra la violencia de g\u00e9nero. Leslie Bruna, encargada del Programa de Prevenci\u00f3n de Violencia contra las Mujeres del Centro de la Mujer Na\u00e1 Alver\u00e9, destac\u00f3 la importancia de nutrir el conocimiento y capacitar a los profesionales de la red en lo que respecta a las nuevas comunidades queer. La capacitaci\u00f3n que cont\u00f3 con las presentaciones \u201cMarco general de Derechos Humanos y G\u00e9nero\u201d de la expositora Carla Romo, jefa subrogante del Instituto Nacional de Derechos Humanos de la Regi\u00f3n de Ays\u00e9n, y \u201cDiversidad sexual y nuevas comunidades queer\u201d de Leslie Bruna, buscaron entregar herramientas te\u00f3ricas y pr\u00e1cticas para abordar de manera efectiva las realidades de las comunidades LGBTIQANB+.<\/p>\n<p style=\"text-align: justify;\">\u201cEstamos visibilizando y siendo conscientes de que esto no es una moda, sino un estilo de vida, una forma de ser, sentir e identificarse. Desde esta perspectiva, pretendemos apoyar los conocimientos de nuestros colegas en la red de VCM, red que incluye programas de la Ilustre Municipalidad de Ays\u00e9n, programas de infancia, Carabineros de Chile, entre otros. Cada uno de ellos reconoce la necesidad de actualizar sus conocimientos para enfrentar las nuevas realidades de la comunidad\u201d, afirm\u00f3 Leslie Bruna.<\/p>\n<p style=\"text-align: justify;\">Por su parte, Carla Romo Sanhueza, jefa subrogante del Instituto Nacional de Derechos Humanos de la Regi\u00f3n de Ays\u00e9n, resalt\u00f3 el objetivo de visibilizar y sensibilizar a los distintos colegas y servicios p\u00fablicos respecto a la diversidad y las disidencias sexuales. \u201cEl Instituto a trav\u00e9s de sus informes anuales, ha establecido l\u00edneas de trabajo que nos ayudan a educar y sensibilizar en materia de derechos humanos, conect\u00e1ndolos con el respeto, la aceptaci\u00f3n y la participaci\u00f3n efectiva de las diversidades y disidencias sexuales\u201d, agreg\u00f3.<\/p>\n<p style=\"text-align: justify;\">La jornada de capacitaci\u00f3n constituye un importante paso hacia la no discriminaci\u00f3n y la igualdad en la sociedad. A trav\u00e9s de la promoci\u00f3n de los derechos humanos y la sensibilizaci\u00f3n, se busca generar un cambio cultural que valore la diversidad y respete las identidades sexuales y de g\u00e9nero. Esta iniciativa demuestra el compromiso de las entidades participantes en construir una comunidad inclusiva y libre de violencia y discriminaci\u00f3n.<\/p>\n<\/div><\/section><\/div><\/p>\n<div  style='height:50px' class='hr hr-invisible   avia-builder-el-6  el_after_av_one_full  el_before_av_social_share '><span class='hr-inner ' ><span class='hr-inner-style'><\/span><\/span><\/div>\n<div  class='av-social-sharing-box  avia-builder-el-7  el_after_av_hr  el_before_av_hr  '><div class='av-share-box'><h5 class='av-share-link-description av-no-toc '>Compartir esta noticia<\/h5><ul class='av-share-box-list noLightbox'><li class='av-share-link av-social-link-facebook' ><a target=\"_blank\" aria-label=\"Compartir en Facebook\" href='https:\/\/www.facebook.com\/sharer.php?u=https:\/\/radiorevelacionfm.cl\/?p=32249&#038;t=Jornada%20de%20capacitaci%C3%B3n%20en%20Puerto%20Ays%C3%A9n%20promueve%20la%20sensibilizaci%C3%B3n%20y%20reflexi%C3%B3n%20en%20torno%20a%20las%20diversidades%20sexo-gen%C3%A9ricas' aria-hidden='false' data-av_icon='\ue8f3' data-av_iconfont='entypo-fontello' title='' data-avia-related-tooltip='Compartir en Facebook' rel=\"noopener\"><span class='avia_hidden_link_text'>Compartir en Facebook<\/span><\/a><\/li><li class='av-share-link av-social-link-twitter' ><a target=\"_blank\" aria-label=\"Compartir en Twitter\" href='https:\/\/twitter.com\/share?text=Jornada%20de%20capacitaci%C3%B3n%20en%20Puerto%20Ays%C3%A9n%20promueve%20la%20sensibilizaci%C3%B3n%20y%20reflexi%C3%B3n%20en%20torno%20a%20las%20diversidades%20sexo-gen%C3%A9ricas&#038;url=https:\/\/radiorevelacionfm.cl\/?p=32249' aria-hidden='false' data-av_icon='\ue8f1' data-av_iconfont='entypo-fontello' title='' data-avia-related-tooltip='Compartir en Twitter' rel=\"noopener\"><span class='avia_hidden_link_text'>Compartir en Twitter<\/span><\/a><\/li><li class='av-share-link av-social-link-whatsapp' ><a target=\"_blank\" aria-label=\"Compartir en Whatsapp\" href='https:\/\/api.whatsapp.com\/send?text=https:\/\/radiorevelacionfm.cl\/?p=32249' aria-hidden='false' data-av_icon='\uf232' data-av_iconfont='entypo-fontello' title='' data-avia-related-tooltip='Compartir en Whatsapp' rel=\"noopener\"><span class='avia_hidden_link_text'>Compartir en Whatsapp<\/span><\/a><\/li><li class='av-share-link av-social-link-linkedin' ><a target=\"_blank\" aria-label=\"Compartir en LinkedIn\" href='https:\/\/linkedin.com\/shareArticle?mini=true&#038;title=Jornada%20de%20capacitaci%C3%B3n%20en%20Puerto%20Ays%C3%A9n%20promueve%20la%20sensibilizaci%C3%B3n%20y%20reflexi%C3%B3n%20en%20torno%20a%20las%20diversidades%20sexo-gen%C3%A9ricas&#038;url=https:\/\/radiorevelacionfm.cl\/?p=32249' aria-hidden='false' data-av_icon='\ue8fc' data-av_iconfont='entypo-fontello' title='' data-avia-related-tooltip='Compartir en LinkedIn' rel=\"noopener\"><span class='avia_hidden_link_text'>Compartir en LinkedIn<\/span><\/a><\/li><li class='av-share-link av-social-link-mail' ><a  aria-label=\"Compartir por correo\" href='mailto:?subject=Jornada%20de%20capacitaci%C3%B3n%20en%20Puerto%20Ays%C3%A9n%20promueve%20la%20sensibilizaci%C3%B3n%20y%20reflexi%C3%B3n%20en%20torno%20a%20las%20diversidades%20sexo-gen%C3%A9ricas&#038;body=https:\/\/radiorevelacionfm.cl\/?p=32249' aria-hidden='false' data-av_icon='\ue805' data-av_iconfont='entypo-fontello' title='' data-avia-related-tooltip='Compartir por correo'><span class='avia_hidden_link_text'>Compartir por correo<\/span><\/a><\/li><\/ul><\/div><\/div>\n<div  style='height:50px' class='hr hr-invisible   avia-builder-el-8  el_after_av_social_share  el_before_av_comments_list '><span class='hr-inner ' ><span class='hr-inner-style'><\/span><\/span><\/div>\n<div  class='av-buildercomment  av-blog-meta-html-info-disabled av-blog-meta-tag-disabled  '><\/div>\n","protected":false},"excerpt":{"rendered":"","protected":false},"author":1,"featured_media":32250,"comment_status":"open","ping_status":"open","sticky":false,"template":"","format":"standard","meta":{"footnotes":""},"categories":[38],"tags":[],"class_list":["post-32249","post","type-post","status-publish","format-standard","has-post-thumbnail","hentry","category-regional"],"jetpack_featured_media_url":"https:\/\/radiorevelacionfm.cl\/wp-content\/uploads\/2023\/06\/Fotografia-11-1-1.jpeg","_links":{"self":[{"href":"https:\/\/radiorevelacionfm.cl\/index.php?rest_route=\/wp\/v2\/posts\/32249","targetHints":{"allow":["GET"]}}],"collection":[{"href":"https:\/\/radiorevelacionfm.cl\/index.php?rest_route=\/wp\/v2\/posts"}],"about":[{"href":"https:\/\/radiorevelacionfm.cl\/index.php?rest_route=\/wp\/v2\/types\/post"}],"author":[{"embeddable":true,"href":"https:\/\/radiorevelacionfm.cl\/index.php?rest_route=\/wp\/v2\/users\/1"}],"replies":[{"embeddable":true,"href":"https:\/\/radiorevelacionfm.cl\/index.php?rest_route=%2Fwp%2Fv2%2Fcomments&post=32249"}],"version-history":[{"count":3,"href":"https:\/\/radiorevelacionfm.cl\/index.php?rest_route=\/wp\/v2\/posts\/32249\/revisions"}],"predecessor-version":[{"id":32256,"href":"https:\/\/radiorevelacionfm.cl\/index.php?rest_route=\/wp\/v2\/posts\/32249\/revisions\/32256"}],"wp:featuredmedia":[{"embeddable":true,"href":"https:\/\/radiorevelacionfm.cl\/index.php?rest_route=\/wp\/v2\/media\/32250"}],"wp:attachment":[{"href":"https:\/\/radiorevelacionfm.cl\/index.php?rest_route=%2Fwp%2Fv2%2Fmedia&parent=32249"}],"wp:term":[{"taxonomy":"category","embeddable":true,"href":"https:\/\/radiorevelacionfm.cl\/index.php?rest_route=%2Fwp%2Fv2%2Fcategories&post=32249"},{"taxonomy":"post_tag","embeddable":true,"href":"https:\/\/radiorevelacionfm.cl\/index.php?rest_route=%2Fwp%2Fv2%2Ftags&post=32249"}],"curies":[{"name":"wp","href":"https:\/\/api.w.org\/{rel}","templated":true}]}}