{"id":32242,"date":"2023-06-20T11:32:55","date_gmt":"2023-06-20T14:32:55","guid":{"rendered":"https:\/\/radiorevelacionfm.cl\/?p=32242"},"modified":"2023-06-20T11:32:55","modified_gmt":"2023-06-20T14:32:55","slug":"abren-convocatoria-del-programa-mujeres-con-energia-de-edelaysen-para-emprendedoras-de-la-region","status":"publish","type":"post","link":"https:\/\/radiorevelacionfm.cl\/?p=32242","title":{"rendered":"Abren convocatoria del programa Mujeres con Energ\u00eda de Edelaysen para emprendedoras de la regi\u00f3n"},"content":{"rendered":"<div class=\"flex_column av_one_full  flex_column_div av-zero-column-padding first  avia-builder-el-0  el_before_av_one_full  avia-builder-el-first  \" style='border-radius:0px; '><div  class='avia-image-container  av-styling-    avia-builder-el-1  avia-builder-el-no-sibling  avia-align-center '  itemprop=\"image\" itemscope=\"itemscope\" itemtype=\"https:\/\/schema.org\/ImageObject\"  ><div class='avia-image-container-inner'><div class='avia-image-overlay-wrap'><img decoding=\"async\" class='wp-image-32244 avia-img-lazy-loading-not-32244 avia_image' src=\"https:\/\/radiorevelacionfm.cl\/wp-content\/uploads\/2023\/06\/Mujeres-con-energia1-1-1.jpg\" alt='' title='Mujeres con energ\u00eda1 (1) (1)' height=\"600\" width=\"573\"  itemprop=\"thumbnailUrl\" srcset=\"https:\/\/radiorevelacionfm.cl\/wp-content\/uploads\/2023\/06\/Mujeres-con-energia1-1-1.jpg 573w, https:\/\/radiorevelacionfm.cl\/wp-content\/uploads\/2023\/06\/Mujeres-con-energia1-1-1-287x300.jpg 287w, https:\/\/radiorevelacionfm.cl\/wp-content\/uploads\/2023\/06\/Mujeres-con-energia1-1-1-450x471.jpg 450w\" sizes=\"(max-width: 573px) 100vw, 573px\" \/><\/div><\/div><\/div><\/div><div class=\"flex_column av_one_full  flex_column_div av-zero-column-padding first  avia-builder-el-2  el_after_av_one_full  el_before_av_one_full  column-top-margin\" style='border-radius:0px; '><section class=\"av_textblock_section \"  itemscope=\"itemscope\" itemtype=\"https:\/\/schema.org\/BlogPosting\" itemprop=\"blogPost\" ><div class='avia_textblock  '   itemprop=\"text\" ><p style=\"text-align: center;\"><strong><span style=\"font-size: 18pt;\">Abren convocatoria del programa Mujeres con Energ\u00eda de Edelaysen para emprendedoras de la regi\u00f3n <\/span><\/strong><\/p>\n<div id=\"gtx-trans\" style=\"position: absolute; left: -50px; top: 4.31534px;\">\n<div class=\"gtx-trans-icon\"><\/div>\n<\/div>\n<\/div><\/section><\/div><div class=\"flex_column av_one_full  flex_column_div av-zero-column-padding first  avia-builder-el-4  el_after_av_one_full  el_before_av_hr  column-top-margin\" style='border-radius:0px; '><section class=\"av_textblock_section \"  itemscope=\"itemscope\" itemtype=\"https:\/\/schema.org\/BlogPosting\" itemprop=\"blogPost\" ><div class='avia_textblock  '   itemprop=\"text\" ><p style=\"text-align: justify;\">Se abrieron las postulaciones para la 4\u00b0 versi\u00f3n de \u201cMujeres con Energ\u00eda\u201d, programa de vinculaci\u00f3n con la comunidad que Edelaysen impulsa desde 2021, con el prop\u00f3sito de transformar positivamente a emprendedoras del sur del pa\u00eds, gracias a la capacitaci\u00f3n y la entrega de herramientas para fortalecer sus negocios.<\/p>\n<p style=\"text-align: justify;\">La Academia de Emprendimiento ha formado hasta la fecha a 235 mujeres, quienes reconocen el aporte del programa, destacando el impacto que ha significado para sus negocios y sus vidas haber sido parte de esta iniciativa y compartir con mujeres de otras regiones y localidades con sue\u00f1os y objetivos similares. En ese sentido, Nancy G\u00f3mez de la localidad de Ma\u00f1ihuales quien fue la ganadora de la \u00faltima versi\u00f3n del programa destac\u00f3 \u201cFeliz porque todo lo que logr\u00e9 y el conocimiento que se adquiere que es s\u00faper importante, ya que uno se puede ir actualizando. Por lo que estoy muy orgullosa y agradecida de este premio y de la oportunidad de participar en la academia\u201d.<\/p>\n<p style=\"text-align: justify;\">\u201cBuscamos ser un aporte para aquellas micro y peque\u00f1as empresarias y trabajadoras de todas las edades, clientas de nuestras empresas de distribuci\u00f3n el\u00e9ctrica, que cada d\u00eda se esfuerzan para trabajar en sus ideas de negocio. Por lo que estamos felices de iniciar un nuevo ciclo de este programa e invitamos a inscribirse a todas las mujeres interesadas en ser parte de esta comunidad de Mujeres con Energ\u00eda de Edelaysen\u201d, destac\u00f3 el jefe de Servicio al Cliente Patricio Raimilla.<\/p>\n<p style=\"text-align: justify;\">La cuarta Academia de Emprendimiento seleccionar\u00e1 a 160 mujeres, entre las regiones de \u00d1uble y Ays\u00e9n, quienes podr\u00e1n acceder a clases virtuales, con m\u00f3dulos de libre acceso, y clases magistrales impartidas por el Instituto Profesional AIEP, en coordinaci\u00f3n con el Centro de Negocios Sercotec de Puerto Varas.<\/p>\n<p style=\"text-align: justify;\">Entre las alumnas, se seleccionar\u00e1 a las 24 que hayan destacado en sus calificaciones durante la academia de emprendedoras, las que ser\u00e1n reconocidas con $1.000.000 de libre disposici\u00f3n.<\/p>\n<p style=\"text-align: justify;\">\u00bf<u>C\u00f3mo participar<\/u>?<\/p>\n<p style=\"text-align: justify;\">Las interesadas en participar pueden ser clientas de la empresa el\u00e9ctrica, o bien pueden ser usuarias del servicio en su domicilio, particular o comercial, sin ser necesariamente titular del servicio. Adem\u00e1s, todas las postulantes deben contar con iniciaci\u00f3n de actividades en primera y segunda categor\u00eda; y revisar las bases y completar el formulario de inscripci\u00f3n, ambos disponibles en el sitio web <a href=\"https:\/\/www.gruposaesa.cl\/sustentabilidad\/mujeres-con-energia\">https:\/\/www.gruposaesa.cl\/sustentabilidad\/mujeres-con-energia<\/a> entre el 20 de junio y el 16 de julio.<\/p>\n<\/div><\/section><\/div><div  style='height:50px' class='hr hr-invisible   avia-builder-el-6  el_after_av_one_full  el_before_av_social_share '><span class='hr-inner ' ><span class='hr-inner-style'><\/span><\/span><\/div><\/p>\n<div  class='av-social-sharing-box  avia-builder-el-7  el_after_av_hr  el_before_av_hr  '><div class='av-share-box'><h5 class='av-share-link-description av-no-toc '>Compartir esta noticia<\/h5><ul class='av-share-box-list noLightbox'><li class='av-share-link av-social-link-facebook' ><a target=\"_blank\" aria-label=\"Compartir en Facebook\" href='https:\/\/www.facebook.com\/sharer.php?u=https:\/\/radiorevelacionfm.cl\/?p=32242&#038;t=Abren%20convocatoria%20del%20programa%20Mujeres%20con%20Energ%C3%ADa%20de%20Edelaysen%20para%20emprendedoras%20de%20la%20regi%C3%B3n' aria-hidden='false' data-av_icon='\ue8f3' data-av_iconfont='entypo-fontello' title='' data-avia-related-tooltip='Compartir en Facebook' rel=\"noopener\"><span class='avia_hidden_link_text'>Compartir en Facebook<\/span><\/a><\/li><li class='av-share-link av-social-link-twitter' ><a target=\"_blank\" aria-label=\"Compartir en Twitter\" href='https:\/\/twitter.com\/share?text=Abren%20convocatoria%20del%20programa%20Mujeres%20con%20Energ%C3%ADa%20de%20Edelaysen%20para%20emprendedoras%20de%20la%20regi%C3%B3n&#038;url=https:\/\/radiorevelacionfm.cl\/?p=32242' aria-hidden='false' data-av_icon='\ue8f1' data-av_iconfont='entypo-fontello' title='' data-avia-related-tooltip='Compartir en Twitter' rel=\"noopener\"><span class='avia_hidden_link_text'>Compartir en Twitter<\/span><\/a><\/li><li class='av-share-link av-social-link-whatsapp' ><a target=\"_blank\" aria-label=\"Compartir en Whatsapp\" href='https:\/\/api.whatsapp.com\/send?text=https:\/\/radiorevelacionfm.cl\/?p=32242' aria-hidden='false' data-av_icon='\uf232' data-av_iconfont='entypo-fontello' title='' data-avia-related-tooltip='Compartir en Whatsapp' rel=\"noopener\"><span class='avia_hidden_link_text'>Compartir en Whatsapp<\/span><\/a><\/li><li class='av-share-link av-social-link-linkedin' ><a target=\"_blank\" aria-label=\"Compartir en LinkedIn\" href='https:\/\/linkedin.com\/shareArticle?mini=true&#038;title=Abren%20convocatoria%20del%20programa%20Mujeres%20con%20Energ%C3%ADa%20de%20Edelaysen%20para%20emprendedoras%20de%20la%20regi%C3%B3n&#038;url=https:\/\/radiorevelacionfm.cl\/?p=32242' aria-hidden='false' data-av_icon='\ue8fc' data-av_iconfont='entypo-fontello' title='' data-avia-related-tooltip='Compartir en LinkedIn' rel=\"noopener\"><span class='avia_hidden_link_text'>Compartir en LinkedIn<\/span><\/a><\/li><li class='av-share-link av-social-link-mail' ><a  aria-label=\"Compartir por correo\" href='mailto:?subject=Abren%20convocatoria%20del%20programa%20Mujeres%20con%20Energ%C3%ADa%20de%20Edelaysen%20para%20emprendedoras%20de%20la%20regi%C3%B3n&#038;body=https:\/\/radiorevelacionfm.cl\/?p=32242' aria-hidden='false' data-av_icon='\ue805' data-av_iconfont='entypo-fontello' title='' data-avia-related-tooltip='Compartir por correo'><span class='avia_hidden_link_text'>Compartir por correo<\/span><\/a><\/li><\/ul><\/div><\/div>\n<div  style='height:50px' class='hr hr-invisible   avia-builder-el-8  el_after_av_social_share  el_before_av_comments_list '><span class='hr-inner ' ><span class='hr-inner-style'><\/span><\/span><\/div>\n<div  class='av-buildercomment  av-blog-meta-html-info-disabled av-blog-meta-tag-disabled  '><\/div>\n","protected":false},"excerpt":{"rendered":"","protected":false},"author":1,"featured_media":32244,"comment_status":"open","ping_status":"open","sticky":false,"template":"","format":"standard","meta":{"footnotes":""},"categories":[38],"tags":[],"class_list":["post-32242","post","type-post","status-publish","format-standard","has-post-thumbnail","hentry","category-regional"],"jetpack_featured_media_url":"https:\/\/radiorevelacionfm.cl\/wp-content\/uploads\/2023\/06\/Mujeres-con-energia1-1-1.jpg","_links":{"self":[{"href":"https:\/\/radiorevelacionfm.cl\/index.php?rest_route=\/wp\/v2\/posts\/32242","targetHints":{"allow":["GET"]}}],"collection":[{"href":"https:\/\/radiorevelacionfm.cl\/index.php?rest_route=\/wp\/v2\/posts"}],"about":[{"href":"https:\/\/radiorevelacionfm.cl\/index.php?rest_route=\/wp\/v2\/types\/post"}],"author":[{"embeddable":true,"href":"https:\/\/radiorevelacionfm.cl\/index.php?rest_route=\/wp\/v2\/users\/1"}],"replies":[{"embeddable":true,"href":"https:\/\/radiorevelacionfm.cl\/index.php?rest_route=%2Fwp%2Fv2%2Fcomments&post=32242"}],"version-history":[{"count":1,"href":"https:\/\/radiorevelacionfm.cl\/index.php?rest_route=\/wp\/v2\/posts\/32242\/revisions"}],"predecessor-version":[{"id":32245,"href":"https:\/\/radiorevelacionfm.cl\/index.php?rest_route=\/wp\/v2\/posts\/32242\/revisions\/32245"}],"wp:featuredmedia":[{"embeddable":true,"href":"https:\/\/radiorevelacionfm.cl\/index.php?rest_route=\/wp\/v2\/media\/32244"}],"wp:attachment":[{"href":"https:\/\/radiorevelacionfm.cl\/index.php?rest_route=%2Fwp%2Fv2%2Fmedia&parent=32242"}],"wp:term":[{"taxonomy":"category","embeddable":true,"href":"https:\/\/radiorevelacionfm.cl\/index.php?rest_route=%2Fwp%2Fv2%2Fcategories&post=32242"},{"taxonomy":"post_tag","embeddable":true,"href":"https:\/\/radiorevelacionfm.cl\/index.php?rest_route=%2Fwp%2Fv2%2Ftags&post=32242"}],"curies":[{"name":"wp","href":"https:\/\/api.w.org\/{rel}","templated":true}]}}