{"id":3224,"date":"2021-04-18T00:05:56","date_gmt":"2021-04-18T03:05:56","guid":{"rendered":"https:\/\/radiorevelacionfm.cl\/?p=3224"},"modified":"2021-04-18T00:05:56","modified_gmt":"2021-04-18T03:05:56","slug":"edelaysen-invita-a-mirar-para-arriba-y-evitar-accidentes-con-el-tendido-electrico","status":"publish","type":"post","link":"https:\/\/radiorevelacionfm.cl\/?p=3224","title":{"rendered":"Edelaysen invita a \u201cMirar para Arriba\u201d y evitar accidentes con el tendido el\u00e9ctrico"},"content":{"rendered":"<div class=\"flex_column av_one_full  flex_column_div av-zero-column-padding first  avia-builder-el-0  el_before_av_one_full  avia-builder-el-first  \" style='border-radius:0px; '><div  class='avia-image-container  av-styling-    avia-builder-el-1  avia-builder-el-no-sibling  avia-align-center '  itemprop=\"image\" itemscope=\"itemscope\" itemtype=\"https:\/\/schema.org\/ImageObject\"  ><div class='avia-image-container-inner'><div class='avia-image-overlay-wrap'><img decoding=\"async\" class='wp-image-0 avia-img-lazy-loading-not-0 avia_image' src=\"https:\/\/radiorevelacionfm.cl\/wp-content\/uploads\/2021\/04\/Foto-Capacitacion1-1.jpg\" alt='' title=''   itemprop=\"thumbnailUrl\"  \/><\/div><\/div><\/div><\/div><div class=\"flex_column av_one_full  flex_column_div av-zero-column-padding first  avia-builder-el-2  el_after_av_one_full  el_before_av_one_full  column-top-margin\" style='border-radius:0px; '><section class=\"av_textblock_section \"  itemscope=\"itemscope\" itemtype=\"https:\/\/schema.org\/BlogPosting\" itemprop=\"blogPost\" ><div class='avia_textblock  '   itemprop=\"text\" ><p style=\"text-align: center;\"><span style=\"font-size: 18pt;\"><strong>Edelaysen invita a \u201cMirar para Arriba\u201d y evitar accidentes con el tendido el\u00e9ctrico<\/strong><\/span><\/p>\n<div id=\"gtx-trans\" style=\"position: absolute; left: -50px; top: 4.31534px;\">\n<div class=\"gtx-trans-icon\"><\/div>\n<\/div>\n<\/div><\/section><\/div><div class=\"flex_column av_one_full  flex_column_div av-zero-column-padding first  avia-builder-el-4  el_after_av_one_full  el_before_av_hr  column-top-margin\" style='border-radius:0px; '><section class=\"av_textblock_section \"  itemscope=\"itemscope\" itemtype=\"https:\/\/schema.org\/BlogPosting\" itemprop=\"blogPost\" ><div class='avia_textblock  '   itemprop=\"text\" ><p style=\"text-align: justify;\">\u201cMira para Arriba\u201d es el nombre de la iniciativa cuyo objetivo es proteger a las personas que realizan labores en las cercan\u00edas del tendido el\u00e9ctrico. \u201cEste programa busca crear conciencia sobre posibles accidentes que pueden ocurrir por contacto el\u00e9ctrico, entregando medidas preventivas respecto al riesgo que significa realizar labores en las cercan\u00edas del tendido\u201d, se\u00f1al\u00f3 Mauricio P\u00e9rez, encargado zonal de prevenci\u00f3n de Edelaysen, quien recalc\u00f3 la importancia de mantener una distancia adecuada con las l\u00edneas el\u00e9ctricas\u00a0 cuando se realizan trabajos \u201cporque ante un descuido, por no \u201cMirar para Arriba\u201d, se pueden acercar demasiado y esta acci\u00f3n puede tener como resultado un accidente\u201d.<\/p>\n<p style=\"text-align: justify;\">Asimismo, P\u00e9rez reforz\u00f3 que la iniciativa busca velar por la integridad de las personas \u201cy hemos querido traspasar el valor de la seguridad, que para Edelaysen es un intransable y crear conciencia de la importancia de observar los distintos lugares de trabajo, evaluar los riesgos y promover conductas de autocuidado\u201d, dijo.<\/p>\n<p style=\"text-align: justify;\">El Programa \u201cMira Para Arriba\u201d comenz\u00f3 a fines del a\u00f1o 2018 y a la fecha han participado m\u00e1s de 7.600 personas de la zona de concesi\u00f3n, pertenecientes a empresas u\u00a0 organizaciones de diversas \u00e1reas. \u201cHa sido una iniciativa que ha cumplido con el objetivo, ha sido valorada por las personas que han participado, por lo tanto, queremos replicarla este a\u00f1o y orientarla espec\u00edficamente a los rubros agr\u00edcola, forestal y de la construcci\u00f3n\u201d, expres\u00f3 el encargado zonal de prevenci\u00f3n de la el\u00e9ctrica.<\/p>\n<p style=\"text-align: justify;\">Esta capacitaci\u00f3n se desarrolla de manera online y eventualmente podr\u00eda desarrollarse de manera presencial lo que depender\u00e1 de que las condiciones sanitarias as\u00ed lo permitan. \u201cEstas charlas no tienen costo para la comunidad y est\u00e1 dirigido a organizaciones p\u00fablicas, privadas, gremios o grupos interesados adem\u00e1s de los rubros antes se\u00f1alados\u201d.<\/p>\n<p style=\"text-align: justify;\">Para conocer o solicitar informaci\u00f3n\u00a0 sobre el programa \u201cMira para Arriba\u201d pueden escribir al correo electr\u00f3nico mirapararriba@saesa.cl o llamar al tel\u00e9fono celular +56974692027.<\/p>\n<\/div><\/section><\/div><div  style='height:50px' class='hr hr-invisible   avia-builder-el-6  el_after_av_one_full  el_before_av_social_share '><span class='hr-inner ' ><span class='hr-inner-style'><\/span><\/span><\/div><\/p>\n<div  class='av-social-sharing-box  avia-builder-el-7  el_after_av_hr  el_before_av_hr  '><div class='av-share-box'><h5 class='av-share-link-description av-no-toc '>Compartir esta noticia<\/h5><ul class='av-share-box-list noLightbox'><li class='av-share-link av-social-link-facebook' ><a target=\"_blank\" aria-label=\"Compartir en Facebook\" href='https:\/\/www.facebook.com\/sharer.php?u=https:\/\/radiorevelacionfm.cl\/?p=3224&#038;t=Edelaysen%20invita%20a%20%E2%80%9CMirar%20para%20Arriba%E2%80%9D%20y%20evitar%20accidentes%20con%20el%20tendido%20el%C3%A9ctrico' aria-hidden='false' data-av_icon='\ue8f3' data-av_iconfont='entypo-fontello' title='' data-avia-related-tooltip='Compartir en Facebook' rel=\"noopener\"><span class='avia_hidden_link_text'>Compartir en Facebook<\/span><\/a><\/li><li class='av-share-link av-social-link-twitter' ><a target=\"_blank\" aria-label=\"Compartir en Twitter\" href='https:\/\/twitter.com\/share?text=Edelaysen%20invita%20a%20%E2%80%9CMirar%20para%20Arriba%E2%80%9D%20y%20evitar%20accidentes%20con%20el%20tendido%20el%C3%A9ctrico&#038;url=https:\/\/radiorevelacionfm.cl\/?p=3224' aria-hidden='false' data-av_icon='\ue8f1' data-av_iconfont='entypo-fontello' title='' data-avia-related-tooltip='Compartir en Twitter' rel=\"noopener\"><span class='avia_hidden_link_text'>Compartir en Twitter<\/span><\/a><\/li><li class='av-share-link av-social-link-whatsapp' ><a target=\"_blank\" aria-label=\"Compartir en Whatsapp\" href='https:\/\/api.whatsapp.com\/send?text=https:\/\/radiorevelacionfm.cl\/?p=3224' aria-hidden='false' data-av_icon='\uf232' data-av_iconfont='entypo-fontello' title='' data-avia-related-tooltip='Compartir en Whatsapp' rel=\"noopener\"><span class='avia_hidden_link_text'>Compartir en Whatsapp<\/span><\/a><\/li><li class='av-share-link av-social-link-linkedin' ><a target=\"_blank\" aria-label=\"Compartir en LinkedIn\" href='https:\/\/linkedin.com\/shareArticle?mini=true&#038;title=Edelaysen%20invita%20a%20%E2%80%9CMirar%20para%20Arriba%E2%80%9D%20y%20evitar%20accidentes%20con%20el%20tendido%20el%C3%A9ctrico&#038;url=https:\/\/radiorevelacionfm.cl\/?p=3224' aria-hidden='false' data-av_icon='\ue8fc' data-av_iconfont='entypo-fontello' title='' data-avia-related-tooltip='Compartir en LinkedIn' rel=\"noopener\"><span class='avia_hidden_link_text'>Compartir en LinkedIn<\/span><\/a><\/li><li class='av-share-link av-social-link-mail' ><a  aria-label=\"Compartir por correo\" href='mailto:?subject=Edelaysen%20invita%20a%20%E2%80%9CMirar%20para%20Arriba%E2%80%9D%20y%20evitar%20accidentes%20con%20el%20tendido%20el%C3%A9ctrico&#038;body=https:\/\/radiorevelacionfm.cl\/?p=3224' aria-hidden='false' data-av_icon='\ue805' data-av_iconfont='entypo-fontello' title='' data-avia-related-tooltip='Compartir por correo'><span class='avia_hidden_link_text'>Compartir por correo<\/span><\/a><\/li><\/ul><\/div><\/div>\n<div  style='height:50px' class='hr hr-invisible   avia-builder-el-8  el_after_av_social_share  el_before_av_comments_list '><span class='hr-inner ' ><span class='hr-inner-style'><\/span><\/span><\/div>\n<div  class='av-buildercomment  av-blog-meta-html-info-disabled av-blog-meta-tag-disabled  '><\/div>\n","protected":false},"excerpt":{"rendered":"","protected":false},"author":1,"featured_media":0,"comment_status":"open","ping_status":"open","sticky":false,"template":"","format":"standard","meta":{"footnotes":""},"categories":[38],"tags":[],"class_list":["post-3224","post","type-post","status-publish","format-standard","hentry","category-regional"],"jetpack_featured_media_url":"","_links":{"self":[{"href":"https:\/\/radiorevelacionfm.cl\/index.php?rest_route=\/wp\/v2\/posts\/3224","targetHints":{"allow":["GET"]}}],"collection":[{"href":"https:\/\/radiorevelacionfm.cl\/index.php?rest_route=\/wp\/v2\/posts"}],"about":[{"href":"https:\/\/radiorevelacionfm.cl\/index.php?rest_route=\/wp\/v2\/types\/post"}],"author":[{"embeddable":true,"href":"https:\/\/radiorevelacionfm.cl\/index.php?rest_route=\/wp\/v2\/users\/1"}],"replies":[{"embeddable":true,"href":"https:\/\/radiorevelacionfm.cl\/index.php?rest_route=%2Fwp%2Fv2%2Fcomments&post=3224"}],"version-history":[{"count":1,"href":"https:\/\/radiorevelacionfm.cl\/index.php?rest_route=\/wp\/v2\/posts\/3224\/revisions"}],"predecessor-version":[{"id":3226,"href":"https:\/\/radiorevelacionfm.cl\/index.php?rest_route=\/wp\/v2\/posts\/3224\/revisions\/3226"}],"wp:attachment":[{"href":"https:\/\/radiorevelacionfm.cl\/index.php?rest_route=%2Fwp%2Fv2%2Fmedia&parent=3224"}],"wp:term":[{"taxonomy":"category","embeddable":true,"href":"https:\/\/radiorevelacionfm.cl\/index.php?rest_route=%2Fwp%2Fv2%2Fcategories&post=3224"},{"taxonomy":"post_tag","embeddable":true,"href":"https:\/\/radiorevelacionfm.cl\/index.php?rest_route=%2Fwp%2Fv2%2Ftags&post=3224"}],"curies":[{"name":"wp","href":"https:\/\/api.w.org\/{rel}","templated":true}]}}