{"id":32235,"date":"2023-06-19T22:00:34","date_gmt":"2023-06-20T01:00:34","guid":{"rendered":"https:\/\/radiorevelacionfm.cl\/?p=32235"},"modified":"2023-06-19T22:12:14","modified_gmt":"2023-06-20T01:12:14","slug":"detienen-a-menor-recuperan-vehiculo-y-especies-robadas-desde-local-comercial-en-puerto-aysen","status":"publish","type":"post","link":"https:\/\/radiorevelacionfm.cl\/?p=32235","title":{"rendered":"Detienen a menor de 13 a\u00f1os, recuperan veh\u00edculo y especies robadas desde local comercial en Puerto Ays\u00e9n"},"content":{"rendered":"<div class=\"flex_column av_one_full  flex_column_div av-zero-column-padding first  avia-builder-el-0  el_before_av_one_full  avia-builder-el-first  \" style='border-radius:0px; '><div  class='avia-image-container  av-styling-    avia-builder-el-1  avia-builder-el-no-sibling  avia-align-center '  itemprop=\"image\" itemscope=\"itemscope\" itemtype=\"https:\/\/schema.org\/ImageObject\"  ><div class='avia-image-container-inner'><div class='avia-image-overlay-wrap'><img decoding=\"async\" class='wp-image-32238 avia-img-lazy-loading-not-32238 avia_image' src=\"https:\/\/radiorevelacionfm.cl\/wp-content\/uploads\/2023\/06\/fy6xtxjwwacle4j-1-1_optimized.jpg\" alt='' title='fy6xtxjwwacle4j-(1)-(1)_optimized' height=\"600\" width=\"800\"  itemprop=\"thumbnailUrl\" srcset=\"https:\/\/radiorevelacionfm.cl\/wp-content\/uploads\/2023\/06\/fy6xtxjwwacle4j-1-1_optimized.jpg 800w, https:\/\/radiorevelacionfm.cl\/wp-content\/uploads\/2023\/06\/fy6xtxjwwacle4j-1-1_optimized-300x225.jpg 300w, https:\/\/radiorevelacionfm.cl\/wp-content\/uploads\/2023\/06\/fy6xtxjwwacle4j-1-1_optimized-768x576.jpg 768w, https:\/\/radiorevelacionfm.cl\/wp-content\/uploads\/2023\/06\/fy6xtxjwwacle4j-1-1_optimized-705x529.jpg 705w, https:\/\/radiorevelacionfm.cl\/wp-content\/uploads\/2023\/06\/fy6xtxjwwacle4j-1-1_optimized-450x338.jpg 450w, https:\/\/radiorevelacionfm.cl\/wp-content\/uploads\/2023\/06\/fy6xtxjwwacle4j-1-1_optimized-600x450.jpg 600w\" sizes=\"(max-width: 800px) 100vw, 800px\" \/><\/div><\/div><\/div><\/div>\n<div class=\"flex_column av_one_full  flex_column_div av-zero-column-padding first  avia-builder-el-2  el_after_av_one_full  el_before_av_one_full  column-top-margin\" style='border-radius:0px; '><section class=\"av_textblock_section \"  itemscope=\"itemscope\" itemtype=\"https:\/\/schema.org\/BlogPosting\" itemprop=\"blogPost\" ><div class='avia_textblock  '   itemprop=\"text\" ><p style=\"text-align: center;\"><strong><span style=\"font-size: 18pt;\">Detienen a menor de 13 a\u00f1os, recuperan veh\u00edculo y especies robadas desde local comercial en Puerto Ays\u00e9n<\/span><\/strong><\/p>\n<div id=\"gtx-trans\" style=\"position: absolute; left: -50px; top: 4.31534px;\">\n<div class=\"gtx-trans-icon\"><\/div>\n<\/div>\n<\/div><\/section><\/div><div class=\"flex_column av_one_full  flex_column_div av-zero-column-padding first  avia-builder-el-4  el_after_av_one_full  el_before_av_hr  column-top-margin\" style='border-radius:0px; '><section class=\"av_textblock_section \"  itemscope=\"itemscope\" itemtype=\"https:\/\/schema.org\/BlogPosting\" itemprop=\"blogPost\" ><div class='avia_textblock  '   itemprop=\"text\" ><p class=\"v1MsoNormal\" style=\"text-align: justify;\">Un total de 25 personas detenidas por diversos delitos fue el saldo de la labor desarrollada por Carabineros de Coyhaique entre el viernes a la madrugada de este lunes.<\/p>\n<p class=\"v1MsoNormal\" style=\"text-align: justify;\">Entre los aprehendidos destacan personas pr\u00f3fugas de la justicia, receptaci\u00f3n, conducci\u00f3n en estado de ebriedad, entre otros.<\/p>\n<p class=\"v1MsoNormal\" style=\"text-align: justify;\">Al respecto el Comisario de Coyhaique, Mayor Franco Herrera Quezada, indic\u00f3 que la noche del s\u00e1bado, antisociales sustrajeron una camioneta -luego que seg\u00fan antecedentes recopilados por Carabineros- las llaves de la propiedad, entre las cuales se encontraban las del veh\u00edculo, habr\u00edan sido olvidadas por su propietaria al dejarlas en la reja de acceso al domicilio.<\/p>\n<p class=\"v1MsoNormal\" style=\"text-align: justify;\">Dicha situaci\u00f3n fue aprovechada por antisociales, quienes tomaron las llaves y dieron arranque al m\u00f3vil, el cual fue posteriormente utilizado para la comisi\u00f3n de otros delitos.<\/p>\n<p class=\"v1MsoNormal\" style=\"text-align: justify;\">\u00abSe llevaron este veh\u00edculo concurrieron a la comuna de Ays\u00e9n, donde realizaron un robo con fuerza a un local comercial, sustrayendo joyas, perfumes y otras mercader\u00edas, avaluadas en la suma de 900 mil pesos aproximadamente\u00bb, para acto seguido retornar a Coyhaique, expres\u00f3 el Mayor Herrera.<\/p>\n<p class=\"v1MsoNormal\" style=\"text-align: justify;\"><b>Captura<\/b><\/p>\n<p class=\"v1MsoNormal\" style=\"text-align: justify;\">Con dicha informaci\u00f3n otorgada por Carabineros de la 2da Comisar\u00eda de Puerto Ays\u00e9n, Carabineros de Coyhaique se aboc\u00f3 al desarrollo de m\u00faltiples diligencias, permitiendo en una r\u00e1pida acci\u00f3n dar con la ubicaci\u00f3n de estos individuos.<\/p>\n<p class=\"v1MsoNormal\" style=\"text-align: justify;\">\u00abSe efectuaron controles y fiscalizaciones para dar con el paradero de estos sujetos. Fue as\u00ed que esta camioneta fue divisada y comenz\u00f3 un seguimiento. Los individuos no se deten\u00edan ante las se\u00f1ales de advertencia de Carabineros, llegando hasta la parte alta de la ciudad de Coyhaique donde se dan a la fuga a pie, logrando la detenci\u00f3n de uno de ellos, el cual manten\u00eda, anillos, cadenas, relojes que proven\u00edan de este robo\u00bb, detall\u00f3 el Mayor Franco Herrera Quezada.<\/p>\n<p class=\"v1MsoNormal\" style=\"text-align: justify;\">Frente a lo anterior, dicha persona fue detenida, no obstante, en el control se acredit\u00f3 que se trataba de un menor de 13 a\u00f1os de edad, situaci\u00f3n que fue informada al Ministerio P\u00fablico, siendo el menor entregado a un adulto responsable, su abuela, quien mantiene la custodia de \u00e9ste.<\/p>\n<p class=\"v1MsoNormal\" style=\"text-align: justify;\">Al sitio del suceso se traslad\u00f3 Labocar, con la finalidad de efectuar peritajes al veh\u00edculo, y levantar indicios de inter\u00e9s criminal\u00edstico que permitan dar con la identidad y paradero del resto de antisociales.<\/p>\n<p class=\"v1MsoNormal\" style=\"text-align: justify;\">Seg\u00fan estad\u00edsticas de Carabineros entre el mes de enero al 11 de junio, en el contexto del Plan 24 horas, 182 ni\u00f1os, ni\u00f1as y adolescentes (NNA) han sido informados a municipios por su condici\u00f3n de infractores de ley y vulneraci\u00f3n de derechos, de los cuales el 19,8% corresponde a infractores, 0,5 son inimputables y el 79,7% en condici\u00f3n de vulnerabilidad.<\/p>\n<\/div><\/section><\/div><\/p>\n<div  style='height:50px' class='hr hr-invisible   avia-builder-el-6  el_after_av_one_full  el_before_av_social_share '><span class='hr-inner ' ><span class='hr-inner-style'><\/span><\/span><\/div>\n<div  class='av-social-sharing-box  avia-builder-el-7  el_after_av_hr  el_before_av_hr  '><div class='av-share-box'><h5 class='av-share-link-description av-no-toc '>Compartir esta noticia<\/h5><ul class='av-share-box-list noLightbox'><li class='av-share-link av-social-link-facebook' ><a target=\"_blank\" aria-label=\"Compartir en Facebook\" href='https:\/\/www.facebook.com\/sharer.php?u=https:\/\/radiorevelacionfm.cl\/?p=32235&#038;t=Detienen%20a%20menor%20de%2013%20a%C3%B1os%2C%20recuperan%20veh%C3%ADculo%20y%20especies%20robadas%20desde%20local%20comercial%20en%20Puerto%20Ays%C3%A9n' aria-hidden='false' data-av_icon='\ue8f3' data-av_iconfont='entypo-fontello' title='' data-avia-related-tooltip='Compartir en Facebook' rel=\"noopener\"><span class='avia_hidden_link_text'>Compartir en Facebook<\/span><\/a><\/li><li class='av-share-link av-social-link-twitter' ><a target=\"_blank\" aria-label=\"Compartir en Twitter\" href='https:\/\/twitter.com\/share?text=Detienen%20a%20menor%20de%2013%20a%C3%B1os%2C%20recuperan%20veh%C3%ADculo%20y%20especies%20robadas%20desde%20local%20comercial%20en%20Puerto%20Ays%C3%A9n&#038;url=https:\/\/radiorevelacionfm.cl\/?p=32235' aria-hidden='false' data-av_icon='\ue8f1' data-av_iconfont='entypo-fontello' title='' data-avia-related-tooltip='Compartir en Twitter' rel=\"noopener\"><span class='avia_hidden_link_text'>Compartir en Twitter<\/span><\/a><\/li><li class='av-share-link av-social-link-whatsapp' ><a target=\"_blank\" aria-label=\"Compartir en Whatsapp\" href='https:\/\/api.whatsapp.com\/send?text=https:\/\/radiorevelacionfm.cl\/?p=32235' aria-hidden='false' data-av_icon='\uf232' data-av_iconfont='entypo-fontello' title='' data-avia-related-tooltip='Compartir en Whatsapp' rel=\"noopener\"><span class='avia_hidden_link_text'>Compartir en Whatsapp<\/span><\/a><\/li><li class='av-share-link av-social-link-linkedin' ><a target=\"_blank\" aria-label=\"Compartir en LinkedIn\" href='https:\/\/linkedin.com\/shareArticle?mini=true&#038;title=Detienen%20a%20menor%20de%2013%20a%C3%B1os%2C%20recuperan%20veh%C3%ADculo%20y%20especies%20robadas%20desde%20local%20comercial%20en%20Puerto%20Ays%C3%A9n&#038;url=https:\/\/radiorevelacionfm.cl\/?p=32235' aria-hidden='false' data-av_icon='\ue8fc' data-av_iconfont='entypo-fontello' title='' data-avia-related-tooltip='Compartir en LinkedIn' rel=\"noopener\"><span class='avia_hidden_link_text'>Compartir en LinkedIn<\/span><\/a><\/li><li class='av-share-link av-social-link-mail' ><a  aria-label=\"Compartir por correo\" href='mailto:?subject=Detienen%20a%20menor%20de%2013%20a%C3%B1os%2C%20recuperan%20veh%C3%ADculo%20y%20especies%20robadas%20desde%20local%20comercial%20en%20Puerto%20Ays%C3%A9n&#038;body=https:\/\/radiorevelacionfm.cl\/?p=32235' aria-hidden='false' data-av_icon='\ue805' data-av_iconfont='entypo-fontello' title='' data-avia-related-tooltip='Compartir por correo'><span class='avia_hidden_link_text'>Compartir por correo<\/span><\/a><\/li><\/ul><\/div><\/div>\n<div  style='height:50px' class='hr hr-invisible   avia-builder-el-8  el_after_av_social_share  el_before_av_comments_list '><span class='hr-inner ' ><span class='hr-inner-style'><\/span><\/span><\/div>\n<div  class='av-buildercomment  av-blog-meta-html-info-disabled av-blog-meta-tag-disabled  '><\/div>\n","protected":false},"excerpt":{"rendered":"","protected":false},"author":1,"featured_media":32238,"comment_status":"open","ping_status":"open","sticky":false,"template":"","format":"standard","meta":{"footnotes":""},"categories":[36],"tags":[],"class_list":["post-32235","post","type-post","status-publish","format-standard","has-post-thumbnail","hentry","category-policial"],"jetpack_featured_media_url":"https:\/\/radiorevelacionfm.cl\/wp-content\/uploads\/2023\/06\/fy6xtxjwwacle4j-1-1_optimized.jpg","_links":{"self":[{"href":"https:\/\/radiorevelacionfm.cl\/index.php?rest_route=\/wp\/v2\/posts\/32235","targetHints":{"allow":["GET"]}}],"collection":[{"href":"https:\/\/radiorevelacionfm.cl\/index.php?rest_route=\/wp\/v2\/posts"}],"about":[{"href":"https:\/\/radiorevelacionfm.cl\/index.php?rest_route=\/wp\/v2\/types\/post"}],"author":[{"embeddable":true,"href":"https:\/\/radiorevelacionfm.cl\/index.php?rest_route=\/wp\/v2\/users\/1"}],"replies":[{"embeddable":true,"href":"https:\/\/radiorevelacionfm.cl\/index.php?rest_route=%2Fwp%2Fv2%2Fcomments&post=32235"}],"version-history":[{"count":3,"href":"https:\/\/radiorevelacionfm.cl\/index.php?rest_route=\/wp\/v2\/posts\/32235\/revisions"}],"predecessor-version":[{"id":32241,"href":"https:\/\/radiorevelacionfm.cl\/index.php?rest_route=\/wp\/v2\/posts\/32235\/revisions\/32241"}],"wp:featuredmedia":[{"embeddable":true,"href":"https:\/\/radiorevelacionfm.cl\/index.php?rest_route=\/wp\/v2\/media\/32238"}],"wp:attachment":[{"href":"https:\/\/radiorevelacionfm.cl\/index.php?rest_route=%2Fwp%2Fv2%2Fmedia&parent=32235"}],"wp:term":[{"taxonomy":"category","embeddable":true,"href":"https:\/\/radiorevelacionfm.cl\/index.php?rest_route=%2Fwp%2Fv2%2Fcategories&post=32235"},{"taxonomy":"post_tag","embeddable":true,"href":"https:\/\/radiorevelacionfm.cl\/index.php?rest_route=%2Fwp%2Fv2%2Ftags&post=32235"}],"curies":[{"name":"wp","href":"https:\/\/api.w.org\/{rel}","templated":true}]}}