{"id":32231,"date":"2023-06-19T22:35:23","date_gmt":"2023-06-20T01:35:23","guid":{"rendered":"https:\/\/radiorevelacionfm.cl\/?p=32231"},"modified":"2023-06-19T22:35:23","modified_gmt":"2023-06-20T01:35:23","slug":"municipio-de-guaitecas-presta-asesoria-legal-a-familia-de-fabian-nancupel-quien-fallecio-tras-fallida-evacuacion-aeromedica","status":"publish","type":"post","link":"https:\/\/radiorevelacionfm.cl\/?p=32231","title":{"rendered":"Municipio de Guaitecas presta asesor\u00eda legal a familia de Fabi\u00e1n \u00d1anc\u00fapel, quien falleci\u00f3 tras fallida evacuaci\u00f3n aerom\u00e9dica"},"content":{"rendered":"<div class=\"flex_column av_one_full  flex_column_div av-zero-column-padding first  avia-builder-el-0  el_before_av_one_full  avia-builder-el-first  \" style='border-radius:0px; '><div  class='avia-image-container  av-styling-    avia-builder-el-1  avia-builder-el-no-sibling  avia-align-center '  itemprop=\"image\" itemscope=\"itemscope\" itemtype=\"https:\/\/schema.org\/ImageObject\"  ><div class='avia-image-container-inner'><div class='avia-image-overlay-wrap'><img decoding=\"async\" class='wp-image-32232 avia-img-lazy-loading-not-32232 avia_image' src=\"https:\/\/radiorevelacionfm.cl\/wp-content\/uploads\/2023\/06\/foto_melinka_optimized.jpg\" alt='' title='foto_melinka_optimized' height=\"630\" width=\"1200\"  itemprop=\"thumbnailUrl\" srcset=\"https:\/\/radiorevelacionfm.cl\/wp-content\/uploads\/2023\/06\/foto_melinka_optimized.jpg 1200w, https:\/\/radiorevelacionfm.cl\/wp-content\/uploads\/2023\/06\/foto_melinka_optimized-300x158.jpg 300w, https:\/\/radiorevelacionfm.cl\/wp-content\/uploads\/2023\/06\/foto_melinka_optimized-1030x541.jpg 1030w, https:\/\/radiorevelacionfm.cl\/wp-content\/uploads\/2023\/06\/foto_melinka_optimized-768x403.jpg 768w, https:\/\/radiorevelacionfm.cl\/wp-content\/uploads\/2023\/06\/foto_melinka_optimized-705x370.jpg 705w, https:\/\/radiorevelacionfm.cl\/wp-content\/uploads\/2023\/06\/foto_melinka_optimized-450x236.jpg 450w, https:\/\/radiorevelacionfm.cl\/wp-content\/uploads\/2023\/06\/foto_melinka_optimized-600x315.jpg 600w\" sizes=\"(max-width: 1200px) 100vw, 1200px\" \/><\/div><\/div><\/div><\/div><div class=\"flex_column av_one_full  flex_column_div av-zero-column-padding first  avia-builder-el-2  el_after_av_one_full  el_before_av_one_full  column-top-margin\" style='border-radius:0px; '><section class=\"av_textblock_section \"  itemscope=\"itemscope\" itemtype=\"https:\/\/schema.org\/BlogPosting\" itemprop=\"blogPost\" ><div class='avia_textblock  '   itemprop=\"text\" ><p style=\"text-align: center;\"><strong><span style=\"font-size: 18pt;\">Municipio de Guaitecas presta asesor\u00eda legal a familia de Fabi\u00e1n \u00d1anc\u00fapel, quien falleci\u00f3 tras fallida evacuaci\u00f3n aerom\u00e9dica<\/span><\/strong><\/p>\n<div id=\"gtx-trans\" style=\"position: absolute; left: -50px; top: 4.31534px;\">\n<div class=\"gtx-trans-icon\"><\/div>\n<\/div>\n<\/div><\/section><\/div><div class=\"flex_column av_one_full  flex_column_div av-zero-column-padding first  avia-builder-el-4  el_after_av_one_full  el_before_av_hr  column-top-margin\" style='border-radius:0px; '><section class=\"av_textblock_section \"  itemscope=\"itemscope\" itemtype=\"https:\/\/schema.org\/BlogPosting\" itemprop=\"blogPost\" ><div class='avia_textblock  '   itemprop=\"text\" ><p style=\"text-align: justify;\">La Municipalidad de Guaitecas puso a disposici\u00f3n de la familia \u00d1anc\u00fapel asesor\u00eda jur\u00eddica para que presenten las acciones legales que estimen pertinente y necesarias tras la muerte de Fabi\u00e1n \u00d1anc\u00fapel M\u00e1rquez, quien como se ha informado, falleci\u00f3 en Melinka tras un fallido intento de evacuaci\u00f3n aerom\u00e9dica hacia alg\u00fan centro de salud con mayor resolutividad.<\/p>\n<p style=\"text-align: justify;\">As\u00ed lo dio a conocer el alcalde de Guaitecas Marcos Silva, quien indic\u00f3 que es imperioso para la familia como la comunidad saber qu\u00e9 sucedi\u00f3 y a partir de ellos buscar responsabilidades para que este tipo de situaciones no se vuelvan a vivir en la comuna.<\/p>\n<p style=\"text-align: justify;\">\u201cEs el minuto de ponerle freno a estas situaciones y en ese contexto, el municipio, a trav\u00e9s de su asesor\u00eda jur\u00eddica est\u00e1 disponible y as\u00ed lo hemos acordado con la familia y se van a tomar las acciones legales necesarias; que se investigue lo que sucedi\u00f3, pues esto no da para m\u00e1s y no podemos hacer como si aqu\u00ed no hubiese pasado nada y tiene que investigarse desde el minuto uno, saber cu\u00e1les fueron los procedimientos y protocolos desde que comenz\u00f3 esta situaci\u00f3n hasta el desenlace fatal\u201d, dijo el alcalde de Guaitecas, Marcos Silva.<\/p>\n<p style=\"text-align: justify;\">Por otro lado, el alcalde critic\u00f3 la indolencia con que las autoridades de salud han abordado el fatal desenlace del vecino de Melinka y manifest\u00f3 la necesidad de que quienes toman decisiones en torno a, por ejemplo, los traslados a\u00e9reos, se conecten m\u00e1s con las realidades de zona aislada de la regi\u00f3n, como es Guaitecas.<\/p>\n<p style=\"text-align: justify;\">\u201cLo que uno ve es que las autoridades de salud no han aprendido nada y hablo de los directivos, que no se han conectado con la realidad de las comunas de la Regi\u00f3n de Ays\u00e9n y a quien se le encarga la tarea de los traslados, que es el SAMU y las direcciones no conversan y los protocolos no se comparten con la comunidad, con las comunas de la regi\u00f3n que son m\u00e1s aisladas, pues nuestra regi\u00f3n es dispersa, requiere de atenciones diferenciadas, de mayores recursos, con traslados a\u00e9reos que den garant\u00edas y que no discriminen por el peso de las personas\u201d, se\u00f1al\u00f3 el alcalde Marcos Silva.<\/p>\n<p style=\"text-align: justify;\">Adem\u00e1s de las acciones legales, la Municipalidad de Guaitecas ofici\u00f3 hace unos d\u00edas a las comisiones de salud del Senado, de la C\u00e1mara de Diputados y a la Senadora por la Regi\u00f3n de Ays\u00e9n Ximena \u00d3rdenes, solicitando abordar las brechas que en materia de salud hay en la comuna y que obligan a mantener un servicio de evacuaci\u00f3n aerom\u00e9dica que entregue garant\u00edas a la comunidad y que salvaguarde la vida de las personas.<\/p>\n<\/div><\/section><\/div><div  style='height:50px' class='hr hr-invisible   avia-builder-el-6  el_after_av_one_full  el_before_av_social_share '><span class='hr-inner ' ><span class='hr-inner-style'><\/span><\/span><\/div><\/p>\n<div  class='av-social-sharing-box  avia-builder-el-7  el_after_av_hr  el_before_av_hr  '><div class='av-share-box'><h5 class='av-share-link-description av-no-toc '>Compartir esta noticia<\/h5><ul class='av-share-box-list noLightbox'><li class='av-share-link av-social-link-facebook' ><a target=\"_blank\" aria-label=\"Compartir en Facebook\" href='https:\/\/www.facebook.com\/sharer.php?u=https:\/\/radiorevelacionfm.cl\/?p=32231&#038;t=Municipio%20de%20Guaitecas%20presta%20asesor%C3%ADa%20legal%20a%20familia%20de%20Fabi%C3%A1n%20%C3%91anc%C3%BApel%2C%20quien%20falleci%C3%B3%20tras%20fallida%20evacuaci%C3%B3n%20aerom%C3%A9dica' aria-hidden='false' data-av_icon='\ue8f3' data-av_iconfont='entypo-fontello' title='' data-avia-related-tooltip='Compartir en Facebook' rel=\"noopener\"><span class='avia_hidden_link_text'>Compartir en Facebook<\/span><\/a><\/li><li class='av-share-link av-social-link-twitter' ><a target=\"_blank\" aria-label=\"Compartir en Twitter\" href='https:\/\/twitter.com\/share?text=Municipio%20de%20Guaitecas%20presta%20asesor%C3%ADa%20legal%20a%20familia%20de%20Fabi%C3%A1n%20%C3%91anc%C3%BApel%2C%20quien%20falleci%C3%B3%20tras%20fallida%20evacuaci%C3%B3n%20aerom%C3%A9dica&#038;url=https:\/\/radiorevelacionfm.cl\/?p=32231' aria-hidden='false' data-av_icon='\ue8f1' data-av_iconfont='entypo-fontello' title='' data-avia-related-tooltip='Compartir en Twitter' rel=\"noopener\"><span class='avia_hidden_link_text'>Compartir en Twitter<\/span><\/a><\/li><li class='av-share-link av-social-link-whatsapp' ><a target=\"_blank\" aria-label=\"Compartir en Whatsapp\" href='https:\/\/api.whatsapp.com\/send?text=https:\/\/radiorevelacionfm.cl\/?p=32231' aria-hidden='false' data-av_icon='\uf232' data-av_iconfont='entypo-fontello' title='' data-avia-related-tooltip='Compartir en Whatsapp' rel=\"noopener\"><span class='avia_hidden_link_text'>Compartir en Whatsapp<\/span><\/a><\/li><li class='av-share-link av-social-link-linkedin' ><a target=\"_blank\" aria-label=\"Compartir en LinkedIn\" href='https:\/\/linkedin.com\/shareArticle?mini=true&#038;title=Municipio%20de%20Guaitecas%20presta%20asesor%C3%ADa%20legal%20a%20familia%20de%20Fabi%C3%A1n%20%C3%91anc%C3%BApel%2C%20quien%20falleci%C3%B3%20tras%20fallida%20evacuaci%C3%B3n%20aerom%C3%A9dica&#038;url=https:\/\/radiorevelacionfm.cl\/?p=32231' aria-hidden='false' data-av_icon='\ue8fc' data-av_iconfont='entypo-fontello' title='' data-avia-related-tooltip='Compartir en LinkedIn' rel=\"noopener\"><span class='avia_hidden_link_text'>Compartir en LinkedIn<\/span><\/a><\/li><li class='av-share-link av-social-link-mail' ><a  aria-label=\"Compartir por correo\" href='mailto:?subject=Municipio%20de%20Guaitecas%20presta%20asesor%C3%ADa%20legal%20a%20familia%20de%20Fabi%C3%A1n%20%C3%91anc%C3%BApel%2C%20quien%20falleci%C3%B3%20tras%20fallida%20evacuaci%C3%B3n%20aerom%C3%A9dica&#038;body=https:\/\/radiorevelacionfm.cl\/?p=32231' aria-hidden='false' data-av_icon='\ue805' data-av_iconfont='entypo-fontello' title='' data-avia-related-tooltip='Compartir por correo'><span class='avia_hidden_link_text'>Compartir por correo<\/span><\/a><\/li><\/ul><\/div><\/div>\n<div  style='height:50px' class='hr hr-invisible   avia-builder-el-8  el_after_av_social_share  el_before_av_comments_list '><span class='hr-inner ' ><span class='hr-inner-style'><\/span><\/span><\/div>\n<div  class='av-buildercomment  av-blog-meta-html-info-disabled av-blog-meta-tag-disabled  '><\/div>\n","protected":false},"excerpt":{"rendered":"","protected":false},"author":1,"featured_media":32232,"comment_status":"open","ping_status":"open","sticky":false,"template":"","format":"standard","meta":{"footnotes":""},"categories":[38],"tags":[],"class_list":["post-32231","post","type-post","status-publish","format-standard","has-post-thumbnail","hentry","category-regional"],"jetpack_featured_media_url":"https:\/\/radiorevelacionfm.cl\/wp-content\/uploads\/2023\/06\/foto_melinka_optimized.jpg","_links":{"self":[{"href":"https:\/\/radiorevelacionfm.cl\/index.php?rest_route=\/wp\/v2\/posts\/32231","targetHints":{"allow":["GET"]}}],"collection":[{"href":"https:\/\/radiorevelacionfm.cl\/index.php?rest_route=\/wp\/v2\/posts"}],"about":[{"href":"https:\/\/radiorevelacionfm.cl\/index.php?rest_route=\/wp\/v2\/types\/post"}],"author":[{"embeddable":true,"href":"https:\/\/radiorevelacionfm.cl\/index.php?rest_route=\/wp\/v2\/users\/1"}],"replies":[{"embeddable":true,"href":"https:\/\/radiorevelacionfm.cl\/index.php?rest_route=%2Fwp%2Fv2%2Fcomments&post=32231"}],"version-history":[{"count":1,"href":"https:\/\/radiorevelacionfm.cl\/index.php?rest_route=\/wp\/v2\/posts\/32231\/revisions"}],"predecessor-version":[{"id":32233,"href":"https:\/\/radiorevelacionfm.cl\/index.php?rest_route=\/wp\/v2\/posts\/32231\/revisions\/32233"}],"wp:featuredmedia":[{"embeddable":true,"href":"https:\/\/radiorevelacionfm.cl\/index.php?rest_route=\/wp\/v2\/media\/32232"}],"wp:attachment":[{"href":"https:\/\/radiorevelacionfm.cl\/index.php?rest_route=%2Fwp%2Fv2%2Fmedia&parent=32231"}],"wp:term":[{"taxonomy":"category","embeddable":true,"href":"https:\/\/radiorevelacionfm.cl\/index.php?rest_route=%2Fwp%2Fv2%2Fcategories&post=32231"},{"taxonomy":"post_tag","embeddable":true,"href":"https:\/\/radiorevelacionfm.cl\/index.php?rest_route=%2Fwp%2Fv2%2Ftags&post=32231"}],"curies":[{"name":"wp","href":"https:\/\/api.w.org\/{rel}","templated":true}]}}