{"id":32225,"date":"2023-06-19T20:34:28","date_gmt":"2023-06-19T23:34:28","guid":{"rendered":"https:\/\/radiorevelacionfm.cl\/?p=32225"},"modified":"2023-06-19T20:34:28","modified_gmt":"2023-06-19T23:34:28","slug":"instalan-mesa-intersectorial-para-fortalecer-la-seguridad-de-los-funcionarios-de-salud","status":"publish","type":"post","link":"https:\/\/radiorevelacionfm.cl\/?p=32225","title":{"rendered":"Instalan mesa intersectorial para fortalecer la seguridad de los funcionarios de salud"},"content":{"rendered":"<div class=\"flex_column av_one_full  flex_column_div av-zero-column-padding first  avia-builder-el-0  el_before_av_one_full  avia-builder-el-first  \" style='border-radius:0px; '><div  class='avia-image-container  av-styling-    avia-builder-el-1  avia-builder-el-no-sibling  avia-align-center '  itemprop=\"image\" itemscope=\"itemscope\" itemtype=\"https:\/\/schema.org\/ImageObject\"  ><div class='avia-image-container-inner'><div class='avia-image-overlay-wrap'><img decoding=\"async\" class='wp-image-32226 avia-img-lazy-loading-not-32226 avia_image' src=\"https:\/\/radiorevelacionfm.cl\/wp-content\/uploads\/2023\/06\/R2-1-1.jpeg\" alt='' title='R2 (1) (1)' height=\"600\" width=\"901\"  itemprop=\"thumbnailUrl\" srcset=\"https:\/\/radiorevelacionfm.cl\/wp-content\/uploads\/2023\/06\/R2-1-1.jpeg 901w, https:\/\/radiorevelacionfm.cl\/wp-content\/uploads\/2023\/06\/R2-1-1-300x200.jpeg 300w, https:\/\/radiorevelacionfm.cl\/wp-content\/uploads\/2023\/06\/R2-1-1-768x511.jpeg 768w, https:\/\/radiorevelacionfm.cl\/wp-content\/uploads\/2023\/06\/R2-1-1-705x469.jpeg 705w, https:\/\/radiorevelacionfm.cl\/wp-content\/uploads\/2023\/06\/R2-1-1-450x300.jpeg 450w, https:\/\/radiorevelacionfm.cl\/wp-content\/uploads\/2023\/06\/R2-1-1-600x400.jpeg 600w\" sizes=\"(max-width: 901px) 100vw, 901px\" \/><\/div><\/div><\/div><\/div><div class=\"flex_column av_one_full  flex_column_div av-zero-column-padding first  avia-builder-el-2  el_after_av_one_full  el_before_av_one_full  column-top-margin\" style='border-radius:0px; '><section class=\"av_textblock_section \"  itemscope=\"itemscope\" itemtype=\"https:\/\/schema.org\/BlogPosting\" itemprop=\"blogPost\" ><div class='avia_textblock  '   itemprop=\"text\" ><p style=\"text-align: center;\"><strong><span style=\"font-size: 18pt;\">Instalan mesa intersectorial para fortalecer la seguridad de los funcionarios de salud<\/span><\/strong><\/p>\n<div id=\"gtx-trans\" style=\"position: absolute; left: -50px; top: 4.31534px;\">\n<div class=\"gtx-trans-icon\"><\/div>\n<\/div>\n<\/div><\/section><\/div><div class=\"flex_column av_one_full  flex_column_div av-zero-column-padding first  avia-builder-el-4  el_after_av_one_full  el_before_av_hr  column-top-margin\" style='border-radius:0px; '><section class=\"av_textblock_section \"  itemscope=\"itemscope\" itemtype=\"https:\/\/schema.org\/BlogPosting\" itemprop=\"blogPost\" ><div class='avia_textblock  '   itemprop=\"text\" ><p style=\"font-weight: 400; text-align: justify;\">Con el objetivo de abordar las agresiones a las que se ve expuesto el personal de salud en la regi\u00f3n de Ays\u00e9n, el delegado presidencial Rodrigo Araya convoc\u00f3 a instituciones p\u00fablicas y gremios del sector a reunirse y formar la Mesa de Seguridad de Salud.<\/p>\n<p style=\"font-weight: 400; text-align: justify;\">Adem\u00e1s del delegado presidencial, al encuentro asistieron Seremi de Salud, Carabineros, Servicio de Salud, Fiscal\u00eda, PDI y Coordinaci\u00f3n de Seguridad P\u00fablica, mientras que las y los trabajadores del sector estuvieron representados a trav\u00e9s de las asociaciones de param\u00e9dicos y ARFUSA, adem\u00e1s de FENTESS y CONFENATS.<\/p>\n<p style=\"font-weight: 400; text-align: justify;\">En la primera sesi\u00f3n se intent\u00f3 establecer la magnitud y las circunstancias en que ocurren estas agresiones. Al respecto, el Jefe de Zona de Carabineros, general Patricio Santos, indic\u00f3 que el a\u00f1o 2022 se registraron 85 delitos al interior de los recintos de la red asistencial, correspondiendo 29 de ellos a lesiones o amenazas, cifras que deben analizarse para establecer cu\u00e1ntos de estos hechos afectaron al personal de salud.<\/p>\n<p style=\"font-weight: 400; text-align: justify;\">Horacio Vargas, presidente de FENATS regional, coment\u00f3 que es muy importante trabajar en este tema, para dar tranquilidad a los funcionarios en su trabajo diario, y para hacerlos sentir que est\u00e1n realmente protegidos por cualquier situaci\u00f3n que pueda ocurrir dentro de los establecimientos.<\/p>\n<p style=\"font-weight: 400; text-align: justify;\">\u201cSe ve a la gente colapsada, entonces llamamos a la comunidad a que tenga paciencia con los funcionarios, que est\u00e1n trabajando para solucionar los problemas y entre todos sacar este tema adelante\u201d, mencion\u00f3 el presidente de la FENATS.<\/p>\n<p style=\"font-weight: 400; text-align: justify;\">La Seremi de Salud, Carmen Monsalve, afirm\u00f3 que el trabajo de los funcionarios merecen toda la protecci\u00f3n que se les pueda brindar frente a actos violentos y agresiones. \u201cEstamos contentos de haber participado en esta mesa de seguridad. Nuestros trabajadores son fundamentales y todas las personas que se desempe\u00f1an en el sector asistencial, por toda la demanda que han tenido durante los a\u00f1os de pandemia y han podido responder protegiendo la salud de la comunidad y ahora en un escenario epidemiol\u00f3gico complejo que pone en tensi\u00f3n la capacidad de respuesta de los funcionarios. Por eso es importante que esas condiciones de seguridad est\u00e9n dispuestas. Y aprovechamos de relevar la importancia de los funcionarios y que son fundamentales para resguardar la seguridad de los habitantes de nuestro pa\u00eds\u201d, indic\u00f3 la seremi.<\/p>\n<p style=\"font-weight: 400; text-align: justify;\">Frente a esta problem\u00e1tica, el delegado Rodrigo Araya coment\u00f3 que gracias a la participaci\u00f3n de las instituciones p\u00fablicas y sindicales en esta primera reuni\u00f3n, se actualiz\u00f3 la informaci\u00f3n en torno a la realidad de estos hechos en Ays\u00e9n. \u201cPudimos ponernos al d\u00eda en relaci\u00f3n a lo que los funcionarios necesitan y lo que el Servicio de Salud ha dispuesto en este tema. Hemos iniciado la conversaci\u00f3n para ir perfeccionando los protocolos y estrategias para abordar las situaciones de mayor riesgo y esperamos continuar avanzando en este desaf\u00edo que es tan importante\u201d, manifest\u00f3 el delegado, agregando que la red asistencial es fundamental para asegurar la calidad de la atenci\u00f3n de salud de todos los ciudadanos de nuestro territorio, y por lo tanto \u201cel que los miembros de los equipos de salud trabajen en ambientes m\u00e1s sanos y m\u00e1s seguros es fundamental para que puedan acometer bien con esa labor\u201d, puntualiz\u00f3.<\/p>\n<p style=\"font-weight: 400; text-align: justify;\">Finalmente, se inform\u00f3 que el Servicio de Salud ya ha tomado varias medidas para enfrentar las agresiones a sus trabajadores, entre las que se cuenta el \u201cManual de Respuesta Contra Agresiones Externas\u201d, destinado a establecer criterios y m\u00e9todos para garantizar mayores niveles de seguridad y bienestar laboral. De hecho, el an\u00e1lisis detallado de este manual ser\u00e1 parte de los temas que se abordar\u00e1n en la segunda sesi\u00f3n de la Mesa de Seguridad de Salud, convocada para el pr\u00f3ximo mi\u00e9rcoles 12 de julio.<\/p>\n<\/div><\/section><\/div><div  style='height:50px' class='hr hr-invisible   avia-builder-el-6  el_after_av_one_full  el_before_av_social_share '><span class='hr-inner ' ><span class='hr-inner-style'><\/span><\/span><\/div><\/p>\n<div  class='av-social-sharing-box  avia-builder-el-7  el_after_av_hr  el_before_av_hr  '><div class='av-share-box'><h5 class='av-share-link-description av-no-toc '>Compartir esta noticia<\/h5><ul class='av-share-box-list noLightbox'><li class='av-share-link av-social-link-facebook' ><a target=\"_blank\" aria-label=\"Compartir en Facebook\" href='https:\/\/www.facebook.com\/sharer.php?u=https:\/\/radiorevelacionfm.cl\/?p=32225&#038;t=Instalan%20mesa%20intersectorial%20para%20fortalecer%20la%20seguridad%20de%20los%20funcionarios%20de%20salud' aria-hidden='false' data-av_icon='\ue8f3' data-av_iconfont='entypo-fontello' title='' data-avia-related-tooltip='Compartir en Facebook' rel=\"noopener\"><span class='avia_hidden_link_text'>Compartir en Facebook<\/span><\/a><\/li><li class='av-share-link av-social-link-twitter' ><a target=\"_blank\" aria-label=\"Compartir en Twitter\" href='https:\/\/twitter.com\/share?text=Instalan%20mesa%20intersectorial%20para%20fortalecer%20la%20seguridad%20de%20los%20funcionarios%20de%20salud&#038;url=https:\/\/radiorevelacionfm.cl\/?p=32225' aria-hidden='false' data-av_icon='\ue8f1' data-av_iconfont='entypo-fontello' title='' data-avia-related-tooltip='Compartir en Twitter' rel=\"noopener\"><span class='avia_hidden_link_text'>Compartir en Twitter<\/span><\/a><\/li><li class='av-share-link av-social-link-whatsapp' ><a target=\"_blank\" aria-label=\"Compartir en Whatsapp\" href='https:\/\/api.whatsapp.com\/send?text=https:\/\/radiorevelacionfm.cl\/?p=32225' aria-hidden='false' data-av_icon='\uf232' data-av_iconfont='entypo-fontello' title='' data-avia-related-tooltip='Compartir en Whatsapp' rel=\"noopener\"><span class='avia_hidden_link_text'>Compartir en Whatsapp<\/span><\/a><\/li><li class='av-share-link av-social-link-linkedin' ><a target=\"_blank\" aria-label=\"Compartir en LinkedIn\" href='https:\/\/linkedin.com\/shareArticle?mini=true&#038;title=Instalan%20mesa%20intersectorial%20para%20fortalecer%20la%20seguridad%20de%20los%20funcionarios%20de%20salud&#038;url=https:\/\/radiorevelacionfm.cl\/?p=32225' aria-hidden='false' data-av_icon='\ue8fc' data-av_iconfont='entypo-fontello' title='' data-avia-related-tooltip='Compartir en LinkedIn' rel=\"noopener\"><span class='avia_hidden_link_text'>Compartir en LinkedIn<\/span><\/a><\/li><li class='av-share-link av-social-link-mail' ><a  aria-label=\"Compartir por correo\" href='mailto:?subject=Instalan%20mesa%20intersectorial%20para%20fortalecer%20la%20seguridad%20de%20los%20funcionarios%20de%20salud&#038;body=https:\/\/radiorevelacionfm.cl\/?p=32225' aria-hidden='false' data-av_icon='\ue805' data-av_iconfont='entypo-fontello' title='' data-avia-related-tooltip='Compartir por correo'><span class='avia_hidden_link_text'>Compartir por correo<\/span><\/a><\/li><\/ul><\/div><\/div>\n<div  style='height:50px' class='hr hr-invisible   avia-builder-el-8  el_after_av_social_share  el_before_av_comments_list '><span class='hr-inner ' ><span class='hr-inner-style'><\/span><\/span><\/div>\n<div  class='av-buildercomment  av-blog-meta-html-info-disabled av-blog-meta-tag-disabled  '><\/div>\n","protected":false},"excerpt":{"rendered":"","protected":false},"author":1,"featured_media":32226,"comment_status":"open","ping_status":"open","sticky":false,"template":"","format":"standard","meta":{"footnotes":""},"categories":[38],"tags":[],"class_list":["post-32225","post","type-post","status-publish","format-standard","has-post-thumbnail","hentry","category-regional"],"jetpack_featured_media_url":"https:\/\/radiorevelacionfm.cl\/wp-content\/uploads\/2023\/06\/R2-1-1.jpeg","_links":{"self":[{"href":"https:\/\/radiorevelacionfm.cl\/index.php?rest_route=\/wp\/v2\/posts\/32225","targetHints":{"allow":["GET"]}}],"collection":[{"href":"https:\/\/radiorevelacionfm.cl\/index.php?rest_route=\/wp\/v2\/posts"}],"about":[{"href":"https:\/\/radiorevelacionfm.cl\/index.php?rest_route=\/wp\/v2\/types\/post"}],"author":[{"embeddable":true,"href":"https:\/\/radiorevelacionfm.cl\/index.php?rest_route=\/wp\/v2\/users\/1"}],"replies":[{"embeddable":true,"href":"https:\/\/radiorevelacionfm.cl\/index.php?rest_route=%2Fwp%2Fv2%2Fcomments&post=32225"}],"version-history":[{"count":2,"href":"https:\/\/radiorevelacionfm.cl\/index.php?rest_route=\/wp\/v2\/posts\/32225\/revisions"}],"predecessor-version":[{"id":32234,"href":"https:\/\/radiorevelacionfm.cl\/index.php?rest_route=\/wp\/v2\/posts\/32225\/revisions\/32234"}],"wp:featuredmedia":[{"embeddable":true,"href":"https:\/\/radiorevelacionfm.cl\/index.php?rest_route=\/wp\/v2\/media\/32226"}],"wp:attachment":[{"href":"https:\/\/radiorevelacionfm.cl\/index.php?rest_route=%2Fwp%2Fv2%2Fmedia&parent=32225"}],"wp:term":[{"taxonomy":"category","embeddable":true,"href":"https:\/\/radiorevelacionfm.cl\/index.php?rest_route=%2Fwp%2Fv2%2Fcategories&post=32225"},{"taxonomy":"post_tag","embeddable":true,"href":"https:\/\/radiorevelacionfm.cl\/index.php?rest_route=%2Fwp%2Fv2%2Ftags&post=32225"}],"curies":[{"name":"wp","href":"https:\/\/api.w.org\/{rel}","templated":true}]}}