{"id":32222,"date":"2023-06-19T19:35:06","date_gmt":"2023-06-19T22:35:06","guid":{"rendered":"https:\/\/radiorevelacionfm.cl\/?p=32222"},"modified":"2023-06-19T19:35:06","modified_gmt":"2023-06-19T22:35:06","slug":"recuerdan-a-viajeros-declarar-productos-de-origen-animal-y-vegetal-al-ingresar-a-chile-por-pasos-fronterizos","status":"publish","type":"post","link":"https:\/\/radiorevelacionfm.cl\/?p=32222","title":{"rendered":"Recuerdan a viajeros declarar productos de origen animal y vegetal al ingresar a Chile por pasos fronterizos"},"content":{"rendered":"<div class=\"flex_column av_one_full  flex_column_div av-zero-column-padding first  avia-builder-el-0  el_before_av_one_full  avia-builder-el-first  \" style='border-radius:0px; '><div  class='avia-image-container  av-styling-    avia-builder-el-1  avia-builder-el-no-sibling  avia-align-center '  itemprop=\"image\" itemscope=\"itemscope\" itemtype=\"https:\/\/schema.org\/ImageObject\"  ><div class='avia-image-container-inner'><div class='avia-image-overlay-wrap'><img decoding=\"async\" class='wp-image-32223 avia-img-lazy-loading-not-32223 avia_image' src=\"https:\/\/radiorevelacionfm.cl\/wp-content\/uploads\/2023\/06\/CF-2-1-1.jpeg\" alt='' title='CF 2 (1) (1)' height=\"600\" width=\"800\"  itemprop=\"thumbnailUrl\" srcset=\"https:\/\/radiorevelacionfm.cl\/wp-content\/uploads\/2023\/06\/CF-2-1-1.jpeg 800w, https:\/\/radiorevelacionfm.cl\/wp-content\/uploads\/2023\/06\/CF-2-1-1-300x225.jpeg 300w, https:\/\/radiorevelacionfm.cl\/wp-content\/uploads\/2023\/06\/CF-2-1-1-768x576.jpeg 768w, https:\/\/radiorevelacionfm.cl\/wp-content\/uploads\/2023\/06\/CF-2-1-1-705x529.jpeg 705w, https:\/\/radiorevelacionfm.cl\/wp-content\/uploads\/2023\/06\/CF-2-1-1-450x338.jpeg 450w, https:\/\/radiorevelacionfm.cl\/wp-content\/uploads\/2023\/06\/CF-2-1-1-600x450.jpeg 600w\" sizes=\"(max-width: 800px) 100vw, 800px\" \/><\/div><\/div><\/div><\/div><div class=\"flex_column av_one_full  flex_column_div av-zero-column-padding first  avia-builder-el-2  el_after_av_one_full  el_before_av_one_full  column-top-margin\" style='border-radius:0px; '><section class=\"av_textblock_section \"  itemscope=\"itemscope\" itemtype=\"https:\/\/schema.org\/BlogPosting\" itemprop=\"blogPost\" ><div class='avia_textblock  '   itemprop=\"text\" ><p style=\"text-align: center;\"><strong><span style=\"font-size: 18pt;\">Recuerdan a viajeros declarar productos de origen animal y vegetal al ingresar a Chile por pasos fronterizos<\/span><\/strong><\/p>\n<div id=\"gtx-trans\" style=\"position: absolute; left: -50px; top: 4.31534px;\">\n<div class=\"gtx-trans-icon\"><\/div>\n<\/div>\n<\/div><\/section><\/div><div class=\"flex_column av_one_full  flex_column_div av-zero-column-padding first  avia-builder-el-4  el_after_av_one_full  el_before_av_hr  column-top-margin\" style='border-radius:0px; '><section class=\"av_textblock_section \"  itemscope=\"itemscope\" itemtype=\"https:\/\/schema.org\/BlogPosting\" itemprop=\"blogPost\" ><div class='avia_textblock  '   itemprop=\"text\" ><p style=\"text-align: justify;\">El Ministerio de Agricultura, a trav\u00e9s del SAG, hace un llamado a las personas que viajar\u00e1n fuera del pa\u00eds durante estos d\u00edas, a declarar en los controles fronterizos todos los productos de origen animal y vegetal que porten al momento de ingresar a Chile.<\/p>\n<p style=\"text-align: justify;\">Cualquier producto agr\u00edcola o pecuario que ingrese a Chile, puede portar agentes infecciosos a nuestro pa\u00eds y como tal, representa un potencial perjuicio econ\u00f3mico, ya que puede llegar a provocar graves consecuencias a los vegetales, los animales y bosques.<\/p>\n<p style=\"text-align: justify;\">El Encargado regional de controles fronterizos del SAG, Cristi\u00e1n Lozano Espinosa, indic\u00f3 \u201ces importante recordar que todas las personas mayores de 18 a\u00f1os, deben efectuar la Declaraci\u00f3n Jurada al ingreso a Chile y en ella declarar si porta uno o m\u00e1s productos de origen animal o vegetal, siendo los funcionarios y funcionarias del SAG quienes determinen la posibilidad de ingreso de los mismos, de acuerdo a la normativa sanitaria vigente. \u201cSi tiene alguna consulta, real\u00edcela a trav\u00e9s de la p\u00e1gina web del Servicio (<a href=\"http:\/\/www.sag.cl\">www.sag.cl<\/a>) o al inspector\/a antes de completar su Declaraci\u00f3n Jurada\u201d, precis\u00f3 el profesional.<\/p>\n<p style=\"text-align: justify;\">Por su parte, la Directora regional (s) del SAG, Valeria Carrasco S\u00e1ez, explic\u00f3 que la declaraci\u00f3n jurada es un tr\u00e1mite obligatorio por ley para el ingreso al pa\u00eds. Recordar que los Controles Fronterizos Paso Huemules y Jeinimeni cuentan con la Declaraci\u00f3n Jurada Digital implementada, lo que facilita el tr\u00e1mite de ingreso al pa\u00eds, ya que permite completarla a trav\u00e9s de la web incluso el d\u00eda anterior. En caso de necesitar completarla en el mismo Control Fronterizo, a \u00e9ste tr\u00e1mite se puede acceder mediante la URL:\u00a0<a href=\"http:\/\/www.ingresoachile.cl\/\">www.ingresoachile.cl<\/a>\u00a0\u00a0o escaneando el c\u00f3digo QR que se encuentra disponible en todos los puntos de ingreso habilitados con esta tecnolog\u00eda.<\/p>\n<p style=\"text-align: justify;\">Finalmente, SAG recuerda a los pasajeros que, en la regi\u00f3n, se encuentran todos los pasos fronterizos habilitados y los horarios de funcionamiento de los Controles Fronterizos con presencia SAG son de 08:00 hrs a 20:00 horas.<\/p>\n<\/div><\/section><\/div><div  style='height:50px' class='hr hr-invisible   avia-builder-el-6  el_after_av_one_full  el_before_av_social_share '><span class='hr-inner ' ><span class='hr-inner-style'><\/span><\/span><\/div><\/p>\n<div  class='av-social-sharing-box  avia-builder-el-7  el_after_av_hr  el_before_av_hr  '><div class='av-share-box'><h5 class='av-share-link-description av-no-toc '>Compartir esta noticia<\/h5><ul class='av-share-box-list noLightbox'><li class='av-share-link av-social-link-facebook' ><a target=\"_blank\" aria-label=\"Compartir en Facebook\" href='https:\/\/www.facebook.com\/sharer.php?u=https:\/\/radiorevelacionfm.cl\/?p=32222&#038;t=Recuerdan%20a%20viajeros%20declarar%20productos%20de%20origen%20animal%20y%20vegetal%20al%20ingresar%20a%20Chile%20por%20pasos%20fronterizos' aria-hidden='false' data-av_icon='\ue8f3' data-av_iconfont='entypo-fontello' title='' data-avia-related-tooltip='Compartir en Facebook' rel=\"noopener\"><span class='avia_hidden_link_text'>Compartir en Facebook<\/span><\/a><\/li><li class='av-share-link av-social-link-twitter' ><a target=\"_blank\" aria-label=\"Compartir en Twitter\" href='https:\/\/twitter.com\/share?text=Recuerdan%20a%20viajeros%20declarar%20productos%20de%20origen%20animal%20y%20vegetal%20al%20ingresar%20a%20Chile%20por%20pasos%20fronterizos&#038;url=https:\/\/radiorevelacionfm.cl\/?p=32222' aria-hidden='false' data-av_icon='\ue8f1' data-av_iconfont='entypo-fontello' title='' data-avia-related-tooltip='Compartir en Twitter' rel=\"noopener\"><span class='avia_hidden_link_text'>Compartir en Twitter<\/span><\/a><\/li><li class='av-share-link av-social-link-whatsapp' ><a target=\"_blank\" aria-label=\"Compartir en Whatsapp\" href='https:\/\/api.whatsapp.com\/send?text=https:\/\/radiorevelacionfm.cl\/?p=32222' aria-hidden='false' data-av_icon='\uf232' data-av_iconfont='entypo-fontello' title='' data-avia-related-tooltip='Compartir en Whatsapp' rel=\"noopener\"><span class='avia_hidden_link_text'>Compartir en Whatsapp<\/span><\/a><\/li><li class='av-share-link av-social-link-linkedin' ><a target=\"_blank\" aria-label=\"Compartir en LinkedIn\" href='https:\/\/linkedin.com\/shareArticle?mini=true&#038;title=Recuerdan%20a%20viajeros%20declarar%20productos%20de%20origen%20animal%20y%20vegetal%20al%20ingresar%20a%20Chile%20por%20pasos%20fronterizos&#038;url=https:\/\/radiorevelacionfm.cl\/?p=32222' aria-hidden='false' data-av_icon='\ue8fc' data-av_iconfont='entypo-fontello' title='' data-avia-related-tooltip='Compartir en LinkedIn' rel=\"noopener\"><span class='avia_hidden_link_text'>Compartir en LinkedIn<\/span><\/a><\/li><li class='av-share-link av-social-link-mail' ><a  aria-label=\"Compartir por correo\" href='mailto:?subject=Recuerdan%20a%20viajeros%20declarar%20productos%20de%20origen%20animal%20y%20vegetal%20al%20ingresar%20a%20Chile%20por%20pasos%20fronterizos&#038;body=https:\/\/radiorevelacionfm.cl\/?p=32222' aria-hidden='false' data-av_icon='\ue805' data-av_iconfont='entypo-fontello' title='' data-avia-related-tooltip='Compartir por correo'><span class='avia_hidden_link_text'>Compartir por correo<\/span><\/a><\/li><\/ul><\/div><\/div>\n<div  style='height:50px' class='hr hr-invisible   avia-builder-el-8  el_after_av_social_share  el_before_av_comments_list '><span class='hr-inner ' ><span class='hr-inner-style'><\/span><\/span><\/div>\n<div  class='av-buildercomment  av-blog-meta-html-info-disabled av-blog-meta-tag-disabled  '><\/div>\n","protected":false},"excerpt":{"rendered":"","protected":false},"author":1,"featured_media":32223,"comment_status":"open","ping_status":"open","sticky":false,"template":"","format":"standard","meta":{"footnotes":""},"categories":[58],"tags":[],"class_list":["post-32222","post","type-post","status-publish","format-standard","has-post-thumbnail","hentry","category-agricultura"],"jetpack_featured_media_url":"https:\/\/radiorevelacionfm.cl\/wp-content\/uploads\/2023\/06\/CF-2-1-1.jpeg","_links":{"self":[{"href":"https:\/\/radiorevelacionfm.cl\/index.php?rest_route=\/wp\/v2\/posts\/32222","targetHints":{"allow":["GET"]}}],"collection":[{"href":"https:\/\/radiorevelacionfm.cl\/index.php?rest_route=\/wp\/v2\/posts"}],"about":[{"href":"https:\/\/radiorevelacionfm.cl\/index.php?rest_route=\/wp\/v2\/types\/post"}],"author":[{"embeddable":true,"href":"https:\/\/radiorevelacionfm.cl\/index.php?rest_route=\/wp\/v2\/users\/1"}],"replies":[{"embeddable":true,"href":"https:\/\/radiorevelacionfm.cl\/index.php?rest_route=%2Fwp%2Fv2%2Fcomments&post=32222"}],"version-history":[{"count":1,"href":"https:\/\/radiorevelacionfm.cl\/index.php?rest_route=\/wp\/v2\/posts\/32222\/revisions"}],"predecessor-version":[{"id":32224,"href":"https:\/\/radiorevelacionfm.cl\/index.php?rest_route=\/wp\/v2\/posts\/32222\/revisions\/32224"}],"wp:featuredmedia":[{"embeddable":true,"href":"https:\/\/radiorevelacionfm.cl\/index.php?rest_route=\/wp\/v2\/media\/32223"}],"wp:attachment":[{"href":"https:\/\/radiorevelacionfm.cl\/index.php?rest_route=%2Fwp%2Fv2%2Fmedia&parent=32222"}],"wp:term":[{"taxonomy":"category","embeddable":true,"href":"https:\/\/radiorevelacionfm.cl\/index.php?rest_route=%2Fwp%2Fv2%2Fcategories&post=32222"},{"taxonomy":"post_tag","embeddable":true,"href":"https:\/\/radiorevelacionfm.cl\/index.php?rest_route=%2Fwp%2Fv2%2Ftags&post=32222"}],"curies":[{"name":"wp","href":"https:\/\/api.w.org\/{rel}","templated":true}]}}