{"id":32219,"date":"2023-06-19T18:10:05","date_gmt":"2023-06-19T21:10:05","guid":{"rendered":"https:\/\/radiorevelacionfm.cl\/?p=32219"},"modified":"2023-06-19T18:10:05","modified_gmt":"2023-06-19T21:10:05","slug":"acusan-crisis-en-salud-rural-por-falta-de-medicos-en-la-comuna-de-rio-ibanez","status":"publish","type":"post","link":"https:\/\/radiorevelacionfm.cl\/?p=32219","title":{"rendered":"Acusan crisis en salud rural por falta de m\u00e9dicos en la comuna de R\u00edo Ib\u00e1\u00f1ez"},"content":{"rendered":"<div class=\"flex_column av_one_full  flex_column_div av-zero-column-padding first  avia-builder-el-0  el_before_av_one_full  avia-builder-el-first  \" style='border-radius:0px; '><div  class='avia-image-container  av-styling-    avia-builder-el-1  avia-builder-el-no-sibling  avia-align-center '  itemprop=\"image\" itemscope=\"itemscope\" itemtype=\"https:\/\/schema.org\/ImageObject\"  ><div class='avia-image-container-inner'><div class='avia-image-overlay-wrap'><img decoding=\"async\" class='wp-image-32220 avia-img-lazy-loading-not-32220 avia_image' src=\"https:\/\/radiorevelacionfm.cl\/wp-content\/uploads\/2023\/06\/foto-nota-crisis-de-doctores-1_optimized-1.jpg\" alt='' title='foto-nota-crisis-de-doctores-(1)_optimized (1)' height=\"600\" width=\"1068\"  itemprop=\"thumbnailUrl\" srcset=\"https:\/\/radiorevelacionfm.cl\/wp-content\/uploads\/2023\/06\/foto-nota-crisis-de-doctores-1_optimized-1.jpg 1068w, https:\/\/radiorevelacionfm.cl\/wp-content\/uploads\/2023\/06\/foto-nota-crisis-de-doctores-1_optimized-1-300x169.jpg 300w, https:\/\/radiorevelacionfm.cl\/wp-content\/uploads\/2023\/06\/foto-nota-crisis-de-doctores-1_optimized-1-1030x579.jpg 1030w, https:\/\/radiorevelacionfm.cl\/wp-content\/uploads\/2023\/06\/foto-nota-crisis-de-doctores-1_optimized-1-768x431.jpg 768w, https:\/\/radiorevelacionfm.cl\/wp-content\/uploads\/2023\/06\/foto-nota-crisis-de-doctores-1_optimized-1-705x396.jpg 705w, https:\/\/radiorevelacionfm.cl\/wp-content\/uploads\/2023\/06\/foto-nota-crisis-de-doctores-1_optimized-1-450x253.jpg 450w, https:\/\/radiorevelacionfm.cl\/wp-content\/uploads\/2023\/06\/foto-nota-crisis-de-doctores-1_optimized-1-600x337.jpg 600w\" sizes=\"(max-width: 1068px) 100vw, 1068px\" \/><\/div><\/div><\/div><\/div><div class=\"flex_column av_one_full  flex_column_div av-zero-column-padding first  avia-builder-el-2  el_after_av_one_full  el_before_av_one_full  column-top-margin\" style='border-radius:0px; '><section class=\"av_textblock_section \"  itemscope=\"itemscope\" itemtype=\"https:\/\/schema.org\/BlogPosting\" itemprop=\"blogPost\" ><div class='avia_textblock  '   itemprop=\"text\" ><p style=\"text-align: center;\"><strong><span style=\"font-size: 18pt;\">Acusan crisis en salud rural por falta de m\u00e9dicos en la comuna de R\u00edo Ib\u00e1\u00f1ez <\/span><\/strong><\/p>\n<div id=\"gtx-trans\" style=\"position: absolute; left: -50px; top: 4.31534px;\">\n<div class=\"gtx-trans-icon\"><\/div>\n<\/div>\n<\/div><\/section><\/div><div class=\"flex_column av_one_full  flex_column_div av-zero-column-padding first  avia-builder-el-4  el_after_av_one_full  el_before_av_hr  column-top-margin\" style='border-radius:0px; '><section class=\"av_textblock_section \"  itemscope=\"itemscope\" itemtype=\"https:\/\/schema.org\/BlogPosting\" itemprop=\"blogPost\" ><div class='avia_textblock  '   itemprop=\"text\" ><p style=\"text-align: justify;\">Una situaci\u00f3n recurrente ha sido la falta de m\u00e9dicos por extensos periodos de tiempo en las distintas postas que existen a lo largo de la comuna de R\u00edo Ib\u00e1\u00f1ez, periodos que van desde quince d\u00edas hasta un mes, lo que se ha hecho m\u00e1s complicado en estos d\u00edas donde hubo un aumento en las enfermedades de tipo respiratorias sobre todo entre los adultos mayores y los ni\u00f1os, estos \u00faltimos afectados sobre todo por el virus sincicial. El concejal Rub\u00e9n Sandoval, se refiri\u00f3 a este tema: \u201cCuando el m\u00e9dico vaya a salir, por distintas razones, muchos d\u00edas, hubiera otro profesional que lo reemplace, en este caso Salud Rural pueda prever este tipo de situaciones, y no se queden las postas sin doctores\u201d.<\/p>\n<p style=\"text-align: justify;\">Vecinos de la comuna han manifestado su preocupaci\u00f3n ante esta situaci\u00f3n, y es que la falta de m\u00e9dicos tiene un impacto en la prevenci\u00f3n de la salud. La escasez de especialistas demora la realizaci\u00f3n de ex\u00e1menes preventivos, la atenci\u00f3n de personas con enfermedades cr\u00f3nicas, y la entrega de medicamentos muchas veces se ven comprometidos, lo que a la larga pudiese empeorar de manera considerable la calidad de vida de los pobladores, Marcia \u00c1lvarez, Concejala de la comuna, manifest\u00f3 su descontento ante este hecho: \u201cDesde el servicio debiera haber un plan b ante estas situaciones, hemos tenido bastante situaciones de personas que han presentado cuadros respiratorios, temas estomacales, con personas de edad avanzada, ni\u00f1os, beb\u00e9s incluso, los cuales no pueden tener la opini\u00f3n de un especialista, ese es el malestar de los vecinos no poder contar con un m\u00e9dico, y sentir simplemente que no estamos dentro de sus radares en lo que es el \u00e1rea de salud\u201d.<\/p>\n<p style=\"text-align: justify;\">Incluso el fin de semana pasado ocurri\u00f3 un lamentable fallecimiento en Bah\u00eda Murta, donde al no encontrarse un m\u00e9dico presente, se tuvo que realizar el tr\u00e1mite del certificado de defunci\u00f3n en la ciudad de Coyhaique. El Alcalde de R\u00edo Ib\u00e1\u00f1ez, Marcelo Santana hizo un llamado a las autoridades a hacerse cargo de esta situaci\u00f3n, que tiene en alerta a los habitantes de la comuna: \u201cEstamos atravesando un aumento fuerte de las enfermedades respiratorias, no estamos ajenos a lo que est\u00e1 pasando en la Regi\u00f3n y en el pa\u00eds, por lo tanto requerimos tambi\u00e9n, de que se tomen medidas en el asunto, y las comunidades puedan estar debidamente informadas de porqu\u00e9 no han tenido los m\u00e9dicos que est\u00e1n destinados a las postas, y que justamente en estos meses de invierno es cuando m\u00e1s se requieren, y en ese sentido llamar a las autoridades correspondientes a que tomen cartas en el asunto, y que prontamente puedan estar los m\u00e9dicos al servicio de la comunidad, sobre todo hoy en d\u00eda que se requieren m\u00e1s\u201d.<\/p>\n<p style=\"text-align: justify;\">Se espera que, en los pr\u00f3ximos d\u00edas, cuando comience oficialmente el invierno, se normalice esta situaci\u00f3n, y la comunidad de R\u00edo Ib\u00e1\u00f1ez pueda contar con los m\u00e9dicos necesarios para ir en ayuda y cuidados de las personas que habitan la comuna.<\/p>\n<\/div><\/section><\/div><div  style='height:50px' class='hr hr-invisible   avia-builder-el-6  el_after_av_one_full  el_before_av_social_share '><span class='hr-inner ' ><span class='hr-inner-style'><\/span><\/span><\/div><\/p>\n<div  class='av-social-sharing-box  avia-builder-el-7  el_after_av_hr  el_before_av_hr  '><div class='av-share-box'><h5 class='av-share-link-description av-no-toc '>Compartir esta noticia<\/h5><ul class='av-share-box-list noLightbox'><li class='av-share-link av-social-link-facebook' ><a target=\"_blank\" aria-label=\"Compartir en Facebook\" href='https:\/\/www.facebook.com\/sharer.php?u=https:\/\/radiorevelacionfm.cl\/?p=32219&#038;t=Acusan%20crisis%20en%20salud%20rural%20por%20falta%20de%20m%C3%A9dicos%20en%20la%20comuna%20de%20R%C3%ADo%20Ib%C3%A1%C3%B1ez' aria-hidden='false' data-av_icon='\ue8f3' data-av_iconfont='entypo-fontello' title='' data-avia-related-tooltip='Compartir en Facebook' rel=\"noopener\"><span class='avia_hidden_link_text'>Compartir en Facebook<\/span><\/a><\/li><li class='av-share-link av-social-link-twitter' ><a target=\"_blank\" aria-label=\"Compartir en Twitter\" href='https:\/\/twitter.com\/share?text=Acusan%20crisis%20en%20salud%20rural%20por%20falta%20de%20m%C3%A9dicos%20en%20la%20comuna%20de%20R%C3%ADo%20Ib%C3%A1%C3%B1ez&#038;url=https:\/\/radiorevelacionfm.cl\/?p=32219' aria-hidden='false' data-av_icon='\ue8f1' data-av_iconfont='entypo-fontello' title='' data-avia-related-tooltip='Compartir en Twitter' rel=\"noopener\"><span class='avia_hidden_link_text'>Compartir en Twitter<\/span><\/a><\/li><li class='av-share-link av-social-link-whatsapp' ><a target=\"_blank\" aria-label=\"Compartir en Whatsapp\" href='https:\/\/api.whatsapp.com\/send?text=https:\/\/radiorevelacionfm.cl\/?p=32219' aria-hidden='false' data-av_icon='\uf232' data-av_iconfont='entypo-fontello' title='' data-avia-related-tooltip='Compartir en Whatsapp' rel=\"noopener\"><span class='avia_hidden_link_text'>Compartir en Whatsapp<\/span><\/a><\/li><li class='av-share-link av-social-link-linkedin' ><a target=\"_blank\" aria-label=\"Compartir en LinkedIn\" href='https:\/\/linkedin.com\/shareArticle?mini=true&#038;title=Acusan%20crisis%20en%20salud%20rural%20por%20falta%20de%20m%C3%A9dicos%20en%20la%20comuna%20de%20R%C3%ADo%20Ib%C3%A1%C3%B1ez&#038;url=https:\/\/radiorevelacionfm.cl\/?p=32219' aria-hidden='false' data-av_icon='\ue8fc' data-av_iconfont='entypo-fontello' title='' data-avia-related-tooltip='Compartir en LinkedIn' rel=\"noopener\"><span class='avia_hidden_link_text'>Compartir en LinkedIn<\/span><\/a><\/li><li class='av-share-link av-social-link-mail' ><a  aria-label=\"Compartir por correo\" href='mailto:?subject=Acusan%20crisis%20en%20salud%20rural%20por%20falta%20de%20m%C3%A9dicos%20en%20la%20comuna%20de%20R%C3%ADo%20Ib%C3%A1%C3%B1ez&#038;body=https:\/\/radiorevelacionfm.cl\/?p=32219' aria-hidden='false' data-av_icon='\ue805' data-av_iconfont='entypo-fontello' title='' data-avia-related-tooltip='Compartir por correo'><span class='avia_hidden_link_text'>Compartir por correo<\/span><\/a><\/li><\/ul><\/div><\/div>\n<div  style='height:50px' class='hr hr-invisible   avia-builder-el-8  el_after_av_social_share  el_before_av_comments_list '><span class='hr-inner ' ><span class='hr-inner-style'><\/span><\/span><\/div>\n<div  class='av-buildercomment  av-blog-meta-html-info-disabled av-blog-meta-tag-disabled  '><\/div>\n","protected":false},"excerpt":{"rendered":"","protected":false},"author":1,"featured_media":32220,"comment_status":"open","ping_status":"open","sticky":false,"template":"","format":"standard","meta":{"footnotes":""},"categories":[38],"tags":[],"class_list":["post-32219","post","type-post","status-publish","format-standard","has-post-thumbnail","hentry","category-regional"],"jetpack_featured_media_url":"https:\/\/radiorevelacionfm.cl\/wp-content\/uploads\/2023\/06\/foto-nota-crisis-de-doctores-1_optimized-1.jpg","_links":{"self":[{"href":"https:\/\/radiorevelacionfm.cl\/index.php?rest_route=\/wp\/v2\/posts\/32219","targetHints":{"allow":["GET"]}}],"collection":[{"href":"https:\/\/radiorevelacionfm.cl\/index.php?rest_route=\/wp\/v2\/posts"}],"about":[{"href":"https:\/\/radiorevelacionfm.cl\/index.php?rest_route=\/wp\/v2\/types\/post"}],"author":[{"embeddable":true,"href":"https:\/\/radiorevelacionfm.cl\/index.php?rest_route=\/wp\/v2\/users\/1"}],"replies":[{"embeddable":true,"href":"https:\/\/radiorevelacionfm.cl\/index.php?rest_route=%2Fwp%2Fv2%2Fcomments&post=32219"}],"version-history":[{"count":1,"href":"https:\/\/radiorevelacionfm.cl\/index.php?rest_route=\/wp\/v2\/posts\/32219\/revisions"}],"predecessor-version":[{"id":32221,"href":"https:\/\/radiorevelacionfm.cl\/index.php?rest_route=\/wp\/v2\/posts\/32219\/revisions\/32221"}],"wp:featuredmedia":[{"embeddable":true,"href":"https:\/\/radiorevelacionfm.cl\/index.php?rest_route=\/wp\/v2\/media\/32220"}],"wp:attachment":[{"href":"https:\/\/radiorevelacionfm.cl\/index.php?rest_route=%2Fwp%2Fv2%2Fmedia&parent=32219"}],"wp:term":[{"taxonomy":"category","embeddable":true,"href":"https:\/\/radiorevelacionfm.cl\/index.php?rest_route=%2Fwp%2Fv2%2Fcategories&post=32219"},{"taxonomy":"post_tag","embeddable":true,"href":"https:\/\/radiorevelacionfm.cl\/index.php?rest_route=%2Fwp%2Fv2%2Ftags&post=32219"}],"curies":[{"name":"wp","href":"https:\/\/api.w.org\/{rel}","templated":true}]}}