{"id":32215,"date":"2023-06-19T18:26:24","date_gmt":"2023-06-19T21:26:24","guid":{"rendered":"https:\/\/radiorevelacionfm.cl\/?p=32215"},"modified":"2023-06-19T18:26:24","modified_gmt":"2023-06-19T21:26:24","slug":"desbaratan-trafico-de-droga-que-operaba-por-redes-sociales-en-coyhaique","status":"publish","type":"post","link":"https:\/\/radiorevelacionfm.cl\/?p=32215","title":{"rendered":"Desbaratan tr\u00e1fico de droga que operaba por redes sociales en Coyhaique"},"content":{"rendered":"<div class=\"flex_column av_one_full  flex_column_div av-zero-column-padding first  avia-builder-el-0  el_before_av_one_full  avia-builder-el-first  \" style='border-radius:0px; '><div  class='avia-image-container  av-styling-    avia-builder-el-1  avia-builder-el-no-sibling  avia-align-center '  itemprop=\"image\" itemscope=\"itemscope\" itemtype=\"https:\/\/schema.org\/ImageObject\"  ><div class='avia-image-container-inner'><div class='avia-image-overlay-wrap'><img decoding=\"async\" class='wp-image-32216 avia-img-lazy-loading-not-32216 avia_image' src=\"https:\/\/radiorevelacionfm.cl\/wp-content\/uploads\/2023\/06\/01-5-1-1.jpg\" alt='' title='01 (5) (1) (1)' height=\"600\" width=\"1057\"  itemprop=\"thumbnailUrl\" srcset=\"https:\/\/radiorevelacionfm.cl\/wp-content\/uploads\/2023\/06\/01-5-1-1.jpg 1057w, https:\/\/radiorevelacionfm.cl\/wp-content\/uploads\/2023\/06\/01-5-1-1-300x170.jpg 300w, https:\/\/radiorevelacionfm.cl\/wp-content\/uploads\/2023\/06\/01-5-1-1-1030x585.jpg 1030w, https:\/\/radiorevelacionfm.cl\/wp-content\/uploads\/2023\/06\/01-5-1-1-768x436.jpg 768w, https:\/\/radiorevelacionfm.cl\/wp-content\/uploads\/2023\/06\/01-5-1-1-705x400.jpg 705w, https:\/\/radiorevelacionfm.cl\/wp-content\/uploads\/2023\/06\/01-5-1-1-450x255.jpg 450w, https:\/\/radiorevelacionfm.cl\/wp-content\/uploads\/2023\/06\/01-5-1-1-600x341.jpg 600w\" sizes=\"(max-width: 1057px) 100vw, 1057px\" \/><\/div><\/div><\/div><\/div><div class=\"flex_column av_one_full  flex_column_div av-zero-column-padding first  avia-builder-el-2  el_after_av_one_full  el_before_av_one_full  column-top-margin\" style='border-radius:0px; '><section class=\"av_textblock_section \"  itemscope=\"itemscope\" itemtype=\"https:\/\/schema.org\/BlogPosting\" itemprop=\"blogPost\" ><div class='avia_textblock  '   itemprop=\"text\" ><p style=\"text-align: center;\"><strong><span style=\"font-size: 18pt;\">Desbaratan tr\u00e1fico de droga que operaba por redes sociales en Coyhaique<\/span><\/strong><\/p>\n<div id=\"gtx-trans\" style=\"position: absolute; left: -50px; top: 4.31534px;\">\n<div class=\"gtx-trans-icon\"><\/div>\n<\/div>\n<\/div><\/section><\/div><div class=\"flex_column av_one_full  flex_column_div av-zero-column-padding first  avia-builder-el-4  el_after_av_one_full  el_before_av_hr  column-top-margin\" style='border-radius:0px; '><section class=\"av_textblock_section \"  itemscope=\"itemscope\" itemtype=\"https:\/\/schema.org\/BlogPosting\" itemprop=\"blogPost\" ><div class='avia_textblock  '   itemprop=\"text\" ><div>\n<p class=\"v1MsoNormal\" style=\"text-align: justify;\"><span lang=\"ES\">En el marco de procedimiento conjunto con el Ministerio P\u00fablico, Carabineros de la Secci\u00f3n OS-7 puso t\u00e9rmino a diligencias investigativas que culminaron con la detenci\u00f3n de dos imputados -un hombre y una mujer- quienes se dedicaban a la venta de drogas a trav\u00e9s de redes sociales.<\/span><\/p>\n<p class=\"v1MsoNormal\" style=\"text-align: justify;\"><img width=\"1\" height=\"1\" align=\"left\" hspace=\"12\" \/>El Jefe de la Secci\u00f3n OS-7 Ays\u00e9n, Capit\u00e1n Pablo Ardiles Herrera, indic\u00f3 que Carabineros de esta especialidad y en apoyo a la funci\u00f3n preventiva, desarrolla en forma permanente patrullajes virtuales orientados a detectar a traficantes que ofrecen sustancias prohibidas a trav\u00e9s del ciberespacio.<\/p>\n<p class=\"v1MsoNormal\" style=\"text-align: justify;\"><span lang=\"ES\">\u00abEn ese orden de ideas y en un trabajo en conjunto con el Ministerio P\u00fablico y una investigaci\u00f3n vigente, se logra acreditar el delito, lograr la materializaci\u00f3n de la venta de la sustancia ilegal y de esa manera detener a un individuo que se aprestaba a vender marihuana. Luego de dicha detenci\u00f3n -previa autorizaci\u00f3n del Ministerio P\u00fablico- se desarrolla un ingreso voluntario a un inmueble vinculado a un n\u00facleo de venta de droga, es decir, un lugar de almacenamiento de sustancias ilegales, logrando sacar de circulaci\u00f3n cerca de 1 kg de marihuana -lista para su venta- 50 grs. de clorhidrato de coca\u00edna, 10 comprimidos de \u00e9xtasis de diferentes dise\u00f1os y figuras, tel\u00e9fonos celulares, balanzas, dinero en efectivo (m\u00e1s de 400 mil pesos) y otras especies para la comisi\u00f3n del delito\u00bb y munici\u00f3n de guerra.<\/span><\/p>\n<p class=\"v1MsoNormal\" style=\"text-align: justify;\"><span lang=\"ES\">Cabe consignar que la diligencia permiti\u00f3 sacar de circulaci\u00f3n m\u00e1s de 1.900 dosis de marihuana, avaluada en m\u00e1s de 14 millones de pesos, sumado a 100 dosis de coca\u00edna avaluados en 1 mill\u00f3n de pesos y 200 mil pesos en \u00e9xtasis.<\/span><\/p>\n<p class=\"v1MsoNormal\" style=\"text-align: justify;\"><span lang=\"ES\">El Jefe de Drogas de Carabineros a\u00f1adi\u00f3 que se trata de un lugar en el cual se desarrollaba de manera permanente la venta de sustancias ilegales, antecedentes y evidencias que fueron remitidas al Ministerio P\u00fablico, en tanto que los imputados -quienes registran detenciones previas por ley de drogas, robos y hurto- fueron derivados a la audiencia de control de detenci\u00f3n por este hecho.<\/span><\/p>\n<p class=\"v1MsoNormal\" style=\"text-align: justify;\"><b><span lang=\"ES\">Medidas cautelares<\/span><\/b><\/p>\n<p class=\"v1MsoNormal\" style=\"text-align: justify;\"><span lang=\"ES\">Seg\u00fan explic\u00f3 la fiscal Mar\u00eda In\u00e9s N\u00fa\u00f1ez Briso, \u00abpersonal del OS-7 de Carabineros de Coyhaique, en un trabajo conjunto con la Fiscal\u00eda Local de esta comuna, logr\u00f3 la detenci\u00f3n de dos personas, que tienen una relaci\u00f3n de pareja, esto en relaci\u00f3n a un delito de tr\u00e1fico de drogas que prev\u00e9 el art\u00edculo 3 de la ley 20.000\u00bb.<\/span><\/p>\n<p class=\"v1MsoNormal\" style=\"text-align: justify;\"><span lang=\"ES\">La persecutora penal agreg\u00f3 que, en este procedimiento, se incaut\u00f3 marihuana, clorhidrato de coca\u00edna y MDMA, adem\u00e1s de balanzas digitales y dinero, entre otros elementos destinados al tr\u00e1fico.<\/span><\/p>\n<p class=\"v1MsoNormal\" style=\"text-align: justify;\"><span lang=\"ES\">En la formalizaci\u00f3n de cargos efectuada ante el Juzgado de Garant\u00eda, \u00abel Ministerio P\u00fablico solicit\u00f3 la medida cautelar de prisi\u00f3n preventiva respecto de ambos imputados, audiencia en la cual particip\u00f3 el fiscal Luis Contreras Alfaro. El Tribunal s\u00f3lo accedi\u00f3 a la prisi\u00f3n preventiva del var\u00f3n, la mujer qued\u00f3 con arresto domiciliario total y se fij\u00f3 un plazo de 90 d\u00edas para el t\u00e9rmino de las diligencias\u00bb, expres\u00f3 la fiscal Mar\u00eda In\u00e9s N\u00fa\u00f1ez Briso.<\/span><\/p>\n<p class=\"v1MsoNormal\" style=\"text-align: justify;\"><span lang=\"ES\">Frente a lo anterior, la Fiscal\u00eda apel\u00f3 a la medida cautelar decretada en contra de la imputada por el Juzgado de Garant\u00eda, a ra\u00edz de lo cual la causa ser\u00e1 vista por la Ilustr\u00edsima Corte de Apelaciones de Coyhaique.<\/span><\/p>\n<p class=\"v1MsoNormal\" style=\"text-align: justify;\"><span lang=\"ES\">Dicho procedimiento de venta de drogas a trav\u00e9s de redes sociales, corresponde al quinto en su tipo que ha sido adoptado por Carabineros del OS-7 en lo que va transcurrido del presente a\u00f1o, imputados que en \u2013algunos de los casos- han sido detenidos en el sector de la Plaza de Armas de Coyhaique, en las inmediaciones de establecimientos educacionales.<\/span><\/p>\n<p class=\"v1MsoNormal\" style=\"text-align: justify;\"><span lang=\"ES\">El a\u00f1o 2022 el trabajo desarrollado por Carabineros permiti\u00f3 la detenci\u00f3n de 146 personas, y se decomis\u00f3 19 kg de droga en la regi\u00f3n.<\/span><\/p>\n<p class=\"v1MsoNormal\" style=\"text-align: justify;\"><span lang=\"ES\">Desde enero al 11 de junio del presente a\u00f1o, Carabineros ha detenido en la regi\u00f3n de Ays\u00e9n a 78 personas por infracci\u00f3n a la ley de drogas de los cuales el 29% registra aprensiones previas, logrando decomisar a la fecha m\u00e1s de 9 kg de droga.<\/span><\/p>\n<\/div>\n<div style=\"text-align: justify;\"><\/div>\n<\/div><\/section><\/div><div  style='height:50px' class='hr hr-invisible   avia-builder-el-6  el_after_av_one_full  el_before_av_social_share '><span class='hr-inner ' ><span class='hr-inner-style'><\/span><\/span><\/div><\/p>\n<div  class='av-social-sharing-box  avia-builder-el-7  el_after_av_hr  el_before_av_hr  '><div class='av-share-box'><h5 class='av-share-link-description av-no-toc '>Compartir esta noticia<\/h5><ul class='av-share-box-list noLightbox'><li class='av-share-link av-social-link-facebook' ><a target=\"_blank\" aria-label=\"Compartir en Facebook\" href='https:\/\/www.facebook.com\/sharer.php?u=https:\/\/radiorevelacionfm.cl\/?p=32215&#038;t=Desbaratan%20tr%C3%A1fico%20de%20droga%20que%20operaba%20por%20redes%20sociales%20en%20Coyhaique' aria-hidden='false' data-av_icon='\ue8f3' data-av_iconfont='entypo-fontello' title='' data-avia-related-tooltip='Compartir en Facebook' rel=\"noopener\"><span class='avia_hidden_link_text'>Compartir en Facebook<\/span><\/a><\/li><li class='av-share-link av-social-link-twitter' ><a target=\"_blank\" aria-label=\"Compartir en Twitter\" href='https:\/\/twitter.com\/share?text=Desbaratan%20tr%C3%A1fico%20de%20droga%20que%20operaba%20por%20redes%20sociales%20en%20Coyhaique&#038;url=https:\/\/radiorevelacionfm.cl\/?p=32215' aria-hidden='false' data-av_icon='\ue8f1' data-av_iconfont='entypo-fontello' title='' data-avia-related-tooltip='Compartir en Twitter' rel=\"noopener\"><span class='avia_hidden_link_text'>Compartir en Twitter<\/span><\/a><\/li><li class='av-share-link av-social-link-whatsapp' ><a target=\"_blank\" aria-label=\"Compartir en Whatsapp\" href='https:\/\/api.whatsapp.com\/send?text=https:\/\/radiorevelacionfm.cl\/?p=32215' aria-hidden='false' data-av_icon='\uf232' data-av_iconfont='entypo-fontello' title='' data-avia-related-tooltip='Compartir en Whatsapp' rel=\"noopener\"><span class='avia_hidden_link_text'>Compartir en Whatsapp<\/span><\/a><\/li><li class='av-share-link av-social-link-linkedin' ><a target=\"_blank\" aria-label=\"Compartir en LinkedIn\" href='https:\/\/linkedin.com\/shareArticle?mini=true&#038;title=Desbaratan%20tr%C3%A1fico%20de%20droga%20que%20operaba%20por%20redes%20sociales%20en%20Coyhaique&#038;url=https:\/\/radiorevelacionfm.cl\/?p=32215' aria-hidden='false' data-av_icon='\ue8fc' data-av_iconfont='entypo-fontello' title='' data-avia-related-tooltip='Compartir en LinkedIn' rel=\"noopener\"><span class='avia_hidden_link_text'>Compartir en LinkedIn<\/span><\/a><\/li><li class='av-share-link av-social-link-mail' ><a  aria-label=\"Compartir por correo\" href='mailto:?subject=Desbaratan%20tr%C3%A1fico%20de%20droga%20que%20operaba%20por%20redes%20sociales%20en%20Coyhaique&#038;body=https:\/\/radiorevelacionfm.cl\/?p=32215' aria-hidden='false' data-av_icon='\ue805' data-av_iconfont='entypo-fontello' title='' data-avia-related-tooltip='Compartir por correo'><span class='avia_hidden_link_text'>Compartir por correo<\/span><\/a><\/li><\/ul><\/div><\/div>\n<div  style='height:50px' class='hr hr-invisible   avia-builder-el-8  el_after_av_social_share  el_before_av_comments_list '><span class='hr-inner ' ><span class='hr-inner-style'><\/span><\/span><\/div>\n<div  class='av-buildercomment  av-blog-meta-html-info-disabled av-blog-meta-tag-disabled  '><\/div>\n","protected":false},"excerpt":{"rendered":"","protected":false},"author":1,"featured_media":32216,"comment_status":"open","ping_status":"open","sticky":false,"template":"","format":"standard","meta":{"footnotes":""},"categories":[36],"tags":[],"class_list":["post-32215","post","type-post","status-publish","format-standard","has-post-thumbnail","hentry","category-policial"],"jetpack_featured_media_url":"https:\/\/radiorevelacionfm.cl\/wp-content\/uploads\/2023\/06\/01-5-1-1.jpg","_links":{"self":[{"href":"https:\/\/radiorevelacionfm.cl\/index.php?rest_route=\/wp\/v2\/posts\/32215","targetHints":{"allow":["GET"]}}],"collection":[{"href":"https:\/\/radiorevelacionfm.cl\/index.php?rest_route=\/wp\/v2\/posts"}],"about":[{"href":"https:\/\/radiorevelacionfm.cl\/index.php?rest_route=\/wp\/v2\/types\/post"}],"author":[{"embeddable":true,"href":"https:\/\/radiorevelacionfm.cl\/index.php?rest_route=\/wp\/v2\/users\/1"}],"replies":[{"embeddable":true,"href":"https:\/\/radiorevelacionfm.cl\/index.php?rest_route=%2Fwp%2Fv2%2Fcomments&post=32215"}],"version-history":[{"count":1,"href":"https:\/\/radiorevelacionfm.cl\/index.php?rest_route=\/wp\/v2\/posts\/32215\/revisions"}],"predecessor-version":[{"id":32217,"href":"https:\/\/radiorevelacionfm.cl\/index.php?rest_route=\/wp\/v2\/posts\/32215\/revisions\/32217"}],"wp:featuredmedia":[{"embeddable":true,"href":"https:\/\/radiorevelacionfm.cl\/index.php?rest_route=\/wp\/v2\/media\/32216"}],"wp:attachment":[{"href":"https:\/\/radiorevelacionfm.cl\/index.php?rest_route=%2Fwp%2Fv2%2Fmedia&parent=32215"}],"wp:term":[{"taxonomy":"category","embeddable":true,"href":"https:\/\/radiorevelacionfm.cl\/index.php?rest_route=%2Fwp%2Fv2%2Fcategories&post=32215"},{"taxonomy":"post_tag","embeddable":true,"href":"https:\/\/radiorevelacionfm.cl\/index.php?rest_route=%2Fwp%2Fv2%2Ftags&post=32215"}],"curies":[{"name":"wp","href":"https:\/\/api.w.org\/{rel}","templated":true}]}}