{"id":32213,"date":"2023-06-19T17:46:12","date_gmt":"2023-06-19T20:46:12","guid":{"rendered":"https:\/\/radiorevelacionfm.cl\/?p=32213"},"modified":"2023-06-19T17:46:12","modified_gmt":"2023-06-19T20:46:12","slug":"en-prision-preventiva-quedo-imputado-por-dos-robos-a-locales-comerciales-de-la-junta","status":"publish","type":"post","link":"https:\/\/radiorevelacionfm.cl\/?p=32213","title":{"rendered":"En prisi\u00f3n preventiva qued\u00f3 imputado por dos robos a locales comerciales de La Junta"},"content":{"rendered":"<div class=\"flex_column av_one_full  flex_column_div av-zero-column-padding first  avia-builder-el-0  el_before_av_one_full  avia-builder-el-first  \" style='border-radius:0px; '><div  class='avia-image-container  av-styling-    avia-builder-el-1  avia-builder-el-no-sibling  avia-align-center '  itemprop=\"image\" itemscope=\"itemscope\" itemtype=\"https:\/\/schema.org\/ImageObject\"  ><div class='avia-image-container-inner'><div class='avia-image-overlay-wrap'><img decoding=\"async\" class='wp-image-32115 avia-img-lazy-loading-not-32115 avia_image' src=\"https:\/\/radiorevelacionfm.cl\/wp-content\/uploads\/2023\/06\/f6f52bcd-1b07-4829-8a17-5f205ae9ca4f-1-1.jpg\" alt='' title='f6f52bcd-1b07-4829-8a17-5f205ae9ca4f (1) (1)' height=\"600\" width=\"1101\"  itemprop=\"thumbnailUrl\" srcset=\"https:\/\/radiorevelacionfm.cl\/wp-content\/uploads\/2023\/06\/f6f52bcd-1b07-4829-8a17-5f205ae9ca4f-1-1.jpg 1101w, https:\/\/radiorevelacionfm.cl\/wp-content\/uploads\/2023\/06\/f6f52bcd-1b07-4829-8a17-5f205ae9ca4f-1-1-300x163.jpg 300w, https:\/\/radiorevelacionfm.cl\/wp-content\/uploads\/2023\/06\/f6f52bcd-1b07-4829-8a17-5f205ae9ca4f-1-1-1030x561.jpg 1030w, https:\/\/radiorevelacionfm.cl\/wp-content\/uploads\/2023\/06\/f6f52bcd-1b07-4829-8a17-5f205ae9ca4f-1-1-768x419.jpg 768w, https:\/\/radiorevelacionfm.cl\/wp-content\/uploads\/2023\/06\/f6f52bcd-1b07-4829-8a17-5f205ae9ca4f-1-1-705x384.jpg 705w, https:\/\/radiorevelacionfm.cl\/wp-content\/uploads\/2023\/06\/f6f52bcd-1b07-4829-8a17-5f205ae9ca4f-1-1-450x245.jpg 450w, https:\/\/radiorevelacionfm.cl\/wp-content\/uploads\/2023\/06\/f6f52bcd-1b07-4829-8a17-5f205ae9ca4f-1-1-600x327.jpg 600w\" sizes=\"(max-width: 1101px) 100vw, 1101px\" \/><\/div><\/div><\/div><\/div><div class=\"flex_column av_one_full  flex_column_div av-zero-column-padding first  avia-builder-el-2  el_after_av_one_full  el_before_av_one_full  column-top-margin\" style='border-radius:0px; '><section class=\"av_textblock_section \"  itemscope=\"itemscope\" itemtype=\"https:\/\/schema.org\/BlogPosting\" itemprop=\"blogPost\" ><div class='avia_textblock  '   itemprop=\"text\" ><p style=\"text-align: center;\"><strong><span style=\"font-size: 18pt;\">En prisi\u00f3n preventiva qued\u00f3 imputado por dos robos a locales comerciales de La Junta<\/span><\/strong><\/p>\n<div id=\"gtx-trans\" style=\"position: absolute; left: -50px; top: 4.31534px;\">\n<div class=\"gtx-trans-icon\"><\/div>\n<\/div>\n<\/div><\/section><\/div><div class=\"flex_column av_one_full  flex_column_div av-zero-column-padding first  avia-builder-el-4  el_after_av_one_full  el_before_av_hr  column-top-margin\" style='border-radius:0px; '><section class=\"av_textblock_section \"  itemscope=\"itemscope\" itemtype=\"https:\/\/schema.org\/BlogPosting\" itemprop=\"blogPost\" ><div class='avia_textblock  '   itemprop=\"text\" ><p style=\"text-align: justify;\">En permanente coordinaci\u00f3n con la Fiscal\u00eda, Carabineros de la Subcomisar\u00eda de Puerto Cisnes, a trav\u00e9s de la Secci\u00f3n de Investigaci\u00f3n Policial (SIP), detuvo a un imputado por dos delitos de robo que afectaron a igual n\u00famero de locales comerciales en la localidad de La Junta, sector norte de la Regi\u00f3n de Ays\u00e9n.<\/p>\n<p style=\"text-align: justify;\">Luego de su detenci\u00f3n, el sujeto fue derivado a una audiencia de formalizaci\u00f3n y puesto en prisi\u00f3n preventiva, a solicitud de la Fiscal\u00eda, seg\u00fan inform\u00f3 el fiscal jefe de Puerto Ays\u00e9n, Pedro Poblete Viejo. El persecutor penal a\u00f1adi\u00f3 que el detenido fue formalizado por dos delitos de robo en lugar no habitado, decret\u00e1ndose un plazo de investigaci\u00f3n de 30 d\u00edas para el desarrollo de las diligencias.<\/p>\n<p style=\"text-align: justify;\">Carabineros, en coordinaci\u00f3n con la Fiscal\u00eda, desarroll\u00f3 m\u00faltiples diligencias enfocadas en el esclarecimiento de los hechos. Publicaciones en redes sociales dieron cuenta del modus operandi del imputado, quien habr\u00eda actuado de forma solitaria en los delitos.<\/p>\n<p style=\"text-align: justify;\">Diligencias efectuadas por personal especializado, permitieron detectar que el imputado se desplazaba en un autom\u00f3vil de color azul, que fue posteriormente ubicado en Puerto Cisnes. El detenido de 51 a\u00f1os, quien registra antecedentes policiales anteriores, tiene domicilio en Puerto Montt. En su poder, Carabineros encontr\u00f3 diversas especies para cometer \u00a0delitos, adem\u00e1s de dinero en efectivo.<\/p>\n<\/div><\/section><\/div><div  style='height:50px' class='hr hr-invisible   avia-builder-el-6  el_after_av_one_full  el_before_av_social_share '><span class='hr-inner ' ><span class='hr-inner-style'><\/span><\/span><\/div><\/p>\n<div  class='av-social-sharing-box  avia-builder-el-7  el_after_av_hr  el_before_av_hr  '><div class='av-share-box'><h5 class='av-share-link-description av-no-toc '>Compartir esta noticia<\/h5><ul class='av-share-box-list noLightbox'><li class='av-share-link av-social-link-facebook' ><a target=\"_blank\" aria-label=\"Compartir en Facebook\" href='https:\/\/www.facebook.com\/sharer.php?u=https:\/\/radiorevelacionfm.cl\/?p=32213&#038;t=En%20prisi%C3%B3n%20preventiva%20qued%C3%B3%20imputado%20por%20dos%20robos%20a%20locales%20comerciales%20de%20La%20Junta' aria-hidden='false' data-av_icon='\ue8f3' data-av_iconfont='entypo-fontello' title='' data-avia-related-tooltip='Compartir en Facebook' rel=\"noopener\"><span class='avia_hidden_link_text'>Compartir en Facebook<\/span><\/a><\/li><li class='av-share-link av-social-link-twitter' ><a target=\"_blank\" aria-label=\"Compartir en Twitter\" href='https:\/\/twitter.com\/share?text=En%20prisi%C3%B3n%20preventiva%20qued%C3%B3%20imputado%20por%20dos%20robos%20a%20locales%20comerciales%20de%20La%20Junta&#038;url=https:\/\/radiorevelacionfm.cl\/?p=32213' aria-hidden='false' data-av_icon='\ue8f1' data-av_iconfont='entypo-fontello' title='' data-avia-related-tooltip='Compartir en Twitter' rel=\"noopener\"><span class='avia_hidden_link_text'>Compartir en Twitter<\/span><\/a><\/li><li class='av-share-link av-social-link-whatsapp' ><a target=\"_blank\" aria-label=\"Compartir en Whatsapp\" href='https:\/\/api.whatsapp.com\/send?text=https:\/\/radiorevelacionfm.cl\/?p=32213' aria-hidden='false' data-av_icon='\uf232' data-av_iconfont='entypo-fontello' title='' data-avia-related-tooltip='Compartir en Whatsapp' rel=\"noopener\"><span class='avia_hidden_link_text'>Compartir en Whatsapp<\/span><\/a><\/li><li class='av-share-link av-social-link-linkedin' ><a target=\"_blank\" aria-label=\"Compartir en LinkedIn\" href='https:\/\/linkedin.com\/shareArticle?mini=true&#038;title=En%20prisi%C3%B3n%20preventiva%20qued%C3%B3%20imputado%20por%20dos%20robos%20a%20locales%20comerciales%20de%20La%20Junta&#038;url=https:\/\/radiorevelacionfm.cl\/?p=32213' aria-hidden='false' data-av_icon='\ue8fc' data-av_iconfont='entypo-fontello' title='' data-avia-related-tooltip='Compartir en LinkedIn' rel=\"noopener\"><span class='avia_hidden_link_text'>Compartir en LinkedIn<\/span><\/a><\/li><li class='av-share-link av-social-link-mail' ><a  aria-label=\"Compartir por correo\" href='mailto:?subject=En%20prisi%C3%B3n%20preventiva%20qued%C3%B3%20imputado%20por%20dos%20robos%20a%20locales%20comerciales%20de%20La%20Junta&#038;body=https:\/\/radiorevelacionfm.cl\/?p=32213' aria-hidden='false' data-av_icon='\ue805' data-av_iconfont='entypo-fontello' title='' data-avia-related-tooltip='Compartir por correo'><span class='avia_hidden_link_text'>Compartir por correo<\/span><\/a><\/li><\/ul><\/div><\/div>\n<div  style='height:50px' class='hr hr-invisible   avia-builder-el-8  el_after_av_social_share  el_before_av_comments_list '><span class='hr-inner ' ><span class='hr-inner-style'><\/span><\/span><\/div>\n<div  class='av-buildercomment  av-blog-meta-html-info-disabled av-blog-meta-tag-disabled  '><\/div>\n","protected":false},"excerpt":{"rendered":"","protected":false},"author":1,"featured_media":32115,"comment_status":"open","ping_status":"open","sticky":false,"template":"","format":"standard","meta":{"footnotes":""},"categories":[36],"tags":[],"class_list":["post-32213","post","type-post","status-publish","format-standard","has-post-thumbnail","hentry","category-policial"],"jetpack_featured_media_url":"https:\/\/radiorevelacionfm.cl\/wp-content\/uploads\/2023\/06\/f6f52bcd-1b07-4829-8a17-5f205ae9ca4f-1-1.jpg","_links":{"self":[{"href":"https:\/\/radiorevelacionfm.cl\/index.php?rest_route=\/wp\/v2\/posts\/32213","targetHints":{"allow":["GET"]}}],"collection":[{"href":"https:\/\/radiorevelacionfm.cl\/index.php?rest_route=\/wp\/v2\/posts"}],"about":[{"href":"https:\/\/radiorevelacionfm.cl\/index.php?rest_route=\/wp\/v2\/types\/post"}],"author":[{"embeddable":true,"href":"https:\/\/radiorevelacionfm.cl\/index.php?rest_route=\/wp\/v2\/users\/1"}],"replies":[{"embeddable":true,"href":"https:\/\/radiorevelacionfm.cl\/index.php?rest_route=%2Fwp%2Fv2%2Fcomments&post=32213"}],"version-history":[{"count":1,"href":"https:\/\/radiorevelacionfm.cl\/index.php?rest_route=\/wp\/v2\/posts\/32213\/revisions"}],"predecessor-version":[{"id":32214,"href":"https:\/\/radiorevelacionfm.cl\/index.php?rest_route=\/wp\/v2\/posts\/32213\/revisions\/32214"}],"wp:featuredmedia":[{"embeddable":true,"href":"https:\/\/radiorevelacionfm.cl\/index.php?rest_route=\/wp\/v2\/media\/32115"}],"wp:attachment":[{"href":"https:\/\/radiorevelacionfm.cl\/index.php?rest_route=%2Fwp%2Fv2%2Fmedia&parent=32213"}],"wp:term":[{"taxonomy":"category","embeddable":true,"href":"https:\/\/radiorevelacionfm.cl\/index.php?rest_route=%2Fwp%2Fv2%2Fcategories&post=32213"},{"taxonomy":"post_tag","embeddable":true,"href":"https:\/\/radiorevelacionfm.cl\/index.php?rest_route=%2Fwp%2Fv2%2Ftags&post=32213"}],"curies":[{"name":"wp","href":"https:\/\/api.w.org\/{rel}","templated":true}]}}