{"id":32210,"date":"2023-06-20T12:17:52","date_gmt":"2023-06-20T15:17:52","guid":{"rendered":"https:\/\/radiorevelacionfm.cl\/?p=32210"},"modified":"2023-06-20T12:17:52","modified_gmt":"2023-06-20T15:17:52","slug":"invitan-a-seminario-cambio-climatico-hoy-acciones-sustentables-para-una-resiliencia-posible","status":"publish","type":"post","link":"https:\/\/radiorevelacionfm.cl\/?p=32210","title":{"rendered":"Invitan a Seminario \u201cCambio Clim\u00e1tico Hoy. Acciones sustentables para una resiliencia posible\u201d"},"content":{"rendered":"<div class=\"flex_column av_one_full  flex_column_div av-zero-column-padding first  avia-builder-el-0  el_before_av_one_full  avia-builder-el-first  \" style='border-radius:0px; '><div  class='avia-image-container  av-styling-    avia-builder-el-1  avia-builder-el-no-sibling  avia-align-center '  itemprop=\"image\" itemscope=\"itemscope\" itemtype=\"https:\/\/schema.org\/ImageObject\"  ><div class='avia-image-container-inner'><div class='avia-image-overlay-wrap'><img decoding=\"async\" class='wp-image-32211 avia-img-lazy-loading-not-32211 avia_image' src=\"https:\/\/radiorevelacionfm.cl\/wp-content\/uploads\/2023\/06\/twitter-afiche_optimized-1.jpg\" alt='' title='twitter-afiche_optimized (1)' height=\"600\" width=\"1080\"  itemprop=\"thumbnailUrl\" srcset=\"https:\/\/radiorevelacionfm.cl\/wp-content\/uploads\/2023\/06\/twitter-afiche_optimized-1.jpg 1080w, https:\/\/radiorevelacionfm.cl\/wp-content\/uploads\/2023\/06\/twitter-afiche_optimized-1-300x167.jpg 300w, https:\/\/radiorevelacionfm.cl\/wp-content\/uploads\/2023\/06\/twitter-afiche_optimized-1-1030x572.jpg 1030w, https:\/\/radiorevelacionfm.cl\/wp-content\/uploads\/2023\/06\/twitter-afiche_optimized-1-768x427.jpg 768w, https:\/\/radiorevelacionfm.cl\/wp-content\/uploads\/2023\/06\/twitter-afiche_optimized-1-705x392.jpg 705w, https:\/\/radiorevelacionfm.cl\/wp-content\/uploads\/2023\/06\/twitter-afiche_optimized-1-450x250.jpg 450w, https:\/\/radiorevelacionfm.cl\/wp-content\/uploads\/2023\/06\/twitter-afiche_optimized-1-600x333.jpg 600w\" sizes=\"(max-width: 1080px) 100vw, 1080px\" \/><\/div><\/div><\/div><\/div><div class=\"flex_column av_one_full  flex_column_div av-zero-column-padding first  avia-builder-el-2  el_after_av_one_full  el_before_av_one_full  column-top-margin\" style='border-radius:0px; '><section class=\"av_textblock_section \"  itemscope=\"itemscope\" itemtype=\"https:\/\/schema.org\/BlogPosting\" itemprop=\"blogPost\" ><div class='avia_textblock  '   itemprop=\"text\" ><p style=\"text-align: center;\"><strong><span style=\"font-size: 18pt;\">Invitan a Seminario \u201cCambio Clim\u00e1tico Hoy. Acciones sustentables para una resiliencia posible\u201d<\/span><\/strong><\/p>\n<div id=\"gtx-trans\" style=\"position: absolute; left: -50px; top: 4.31534px;\">\n<div class=\"gtx-trans-icon\"><\/div>\n<\/div>\n<\/div><\/section><\/div><div class=\"flex_column av_one_full  flex_column_div av-zero-column-padding first  avia-builder-el-4  el_after_av_one_full  el_before_av_hr  column-top-margin\" style='border-radius:0px; '><section class=\"av_textblock_section \"  itemscope=\"itemscope\" itemtype=\"https:\/\/schema.org\/BlogPosting\" itemprop=\"blogPost\" ><div class='avia_textblock  '   itemprop=\"text\" ><p style=\"text-align: justify;\">La Mesa Ays\u00e9n de la Pol\u00edtica Nacional de Educaci\u00f3n para el Desarrollo Sustentable, PNEDS, ha organizado para este jueves 22 de junio un seminario abierto a la comunidad, para explorar los alcances de la crisis clim\u00e1tica, medidas de adaptaci\u00f3n, mitigaci\u00f3n, resiliencia, pol\u00edticas y acciones desde el mundo p\u00fablico y privado para hacer\u00a0 frente al cambio clim\u00e1tico.<\/p>\n<p style=\"text-align: justify;\">La mesa de la pol\u00edtica PNEDS, seg\u00fan explic\u00f3 la SEREMI Subrogante del Medio Ambiente, Mar\u00eda Eugenia Dur\u00e1n, es una instancia colaborativa que lleva desarroll\u00e1ndose hace m\u00e1s de 10 a\u00f1os en la regi\u00f3n de Ays\u00e9n y que re\u00fane a 20 representantes de instituciones p\u00fablicas, privadas y de la sociedad civil \u201cSomos muchos y muchas los que formamos parte de este espacio y cada a\u00f1o trabajamos en torno a una tem\u00e1tica en particular para acercarnos a la ciudadan\u00eda, promover valores ambientales y acciones conjuntas; este a\u00f1o escogimos el Cambio Clim\u00e1tico que sentimos es el paraguas para abordar la crisis h\u00eddrica, de la basura, de biodiversidad, y esperamos poder convocar a la comunidad a este espacio de educaci\u00f3n ambiental, pero tambi\u00e9n de acci\u00f3n\u201d, declar\u00f3 Dur\u00e1n, destacando que el espacio permitir\u00e1 adem\u00e1s compartir con las y los participantes los alcances de la recientemente promulgada Ley Marco de Cambio Clim\u00e1tico y las metas que implica a nivel regional y comunal. A sus palabras se sum\u00f3 el Alcalde de Coyhaique, Carlos Gatica, cuyo municipio preside la mesa PNEDS durante 2023, relevando que\u00a0 la instancia permitir\u00e1 conocer las acciones que conlleva la nueva ley en materia de cambio clim\u00e1tico \u201c y precisamente como las instituciones y la academia se interrelacionan para poder brindar soluciones concretas para dar gobernabilidad en materia ambiental entre las instituciones, municipios, Gobierno regional y otras relacionadas a los ecosistemas\u201d.<\/p>\n<p style=\"text-align: justify;\">Por su parte, el Gerente de Asuntos de Aguas Patagonia, Claudio Sanhueza, miembro de la mesa, coment\u00f3 \u201cEsta instancia es muy positiva ya que constituye una alianza p\u00fablico-privada en beneficio de la sustentabilidad de la Regi\u00f3n de Ays\u00e9n. La invitaci\u00f3n es para p\u00fablico en general, pero tambi\u00e9n para estudiantes de ense\u00f1anza media y universidades, hoy todos tenemos que ser parte de trabajar en pos de la adaptaci\u00f3n al cambio clim\u00e1tico y \u00e9sta es una oportunidad \u00fanica para aprender con cuatro expositores de primer nivel y colaborar juntos en la lucha contra este desaf\u00edo global con acciones sustentables desde la regi\u00f3n de Ays\u00e9n.\u201d<\/p>\n<p style=\"text-align: justify;\">La jornada que lleva por nombre \u201cCambio Clim\u00e1tico Hoy. Acciones sustentables para una resiliencia posible\u201d, se realizar\u00e1 en el auditorio del Centro Cultural de Coyhaique y contar\u00e1 con las exposiciones: \u201cCambio Global\u201d, a cargo del Investigador Residente de CIEP, Mag\u00edster en oceanograf\u00eda de la Universidad de Concepci\u00f3n y Doctor en qu\u00edmica de la Universidad de Gotemburgo, Rodrigo Torres; \u201cAcuerdos Internacionales. Compromisos y Acciones de Chile para hacer frente a al cambio clim\u00e1tico\u201d, por parte de la Analista Unidad de Cambio Clim\u00e1tico del Ministerio de Energ\u00eda, Mar\u00eda Jos\u00e9 Garc\u00eda; \u201cAcciones desde lo local con impacto global. Una introducci\u00f3n a la Ley Marco de Cambio Clim\u00e1tico y al desarrollo de un plan de acci\u00f3n regional de cambio clim\u00e1tico\u201d, en manos de la Docente de Climatolog\u00eda y miembro del equipo consultor SSC a cargo de la formulaci\u00f3n del anteproyecto del Plan Regional de Cambio Clim\u00e1tico de Ays\u00e9n, Luna Menares; y \u201cAcciones y un ejemplo desde lo local para lograr adaptaci\u00f3n y resiliencia: Cambio Clim\u00e1tico y Transici\u00f3n Energ\u00e9tica en el Sistema El\u00e9ctrico de Ays\u00e9n \u2013 proyecto TIMEO\u00bb, a cargo del Ingeniero Civil en Energ\u00eda y Medio Ambiente y representante de Fundaci\u00f3n PROVEES, Benjam\u00edn Cabrera.<\/p>\n<p style=\"text-align: justify;\">Luego de las exposiciones la jornada se abrir\u00e1 a un plenario donde los y las asistentes podr\u00e1n dialogar directamente con las y los expositores del seminario que iniciar\u00e1 a las 8:30 de la ma\u00f1ana y espera concluir a las 13:00 horas.<\/p>\n<p style=\"text-align: justify;\"><strong>Punto de reciclaje<\/strong><\/p>\n<p style=\"text-align: justify;\">Como actividad anexa a la jornada, la Mesa PNEDS a trav\u00e9s de sus colaboradores Patagonia Sin Residuos y Edelays\u00e9n, dispondr\u00e1 de un punto verde en el exterior del Centro Cultural desde las 9:00 a 13:00 hrs, donde la comunidad podr\u00e1 reciclar botellas PET limpias, sin etiquetas ni tapas; latas de aluminio y pilas en desuso.<\/p>\n<\/div><\/section><\/div><div  style='height:50px' class='hr hr-invisible   avia-builder-el-6  el_after_av_one_full  el_before_av_social_share '><span class='hr-inner ' ><span class='hr-inner-style'><\/span><\/span><\/div><\/p>\n<div  class='av-social-sharing-box  avia-builder-el-7  el_after_av_hr  el_before_av_hr  '><div class='av-share-box'><h5 class='av-share-link-description av-no-toc '>Compartir esta noticia<\/h5><ul class='av-share-box-list noLightbox'><li class='av-share-link av-social-link-facebook' ><a target=\"_blank\" aria-label=\"Compartir en Facebook\" href='https:\/\/www.facebook.com\/sharer.php?u=https:\/\/radiorevelacionfm.cl\/?p=32210&#038;t=Invitan%20a%20Seminario%20%E2%80%9CCambio%20Clim%C3%A1tico%20Hoy.%20Acciones%20sustentables%20para%20una%20resiliencia%20posible%E2%80%9D' aria-hidden='false' data-av_icon='\ue8f3' data-av_iconfont='entypo-fontello' title='' data-avia-related-tooltip='Compartir en Facebook' rel=\"noopener\"><span class='avia_hidden_link_text'>Compartir en Facebook<\/span><\/a><\/li><li class='av-share-link av-social-link-twitter' ><a target=\"_blank\" aria-label=\"Compartir en Twitter\" href='https:\/\/twitter.com\/share?text=Invitan%20a%20Seminario%20%E2%80%9CCambio%20Clim%C3%A1tico%20Hoy.%20Acciones%20sustentables%20para%20una%20resiliencia%20posible%E2%80%9D&#038;url=https:\/\/radiorevelacionfm.cl\/?p=32210' aria-hidden='false' data-av_icon='\ue8f1' data-av_iconfont='entypo-fontello' title='' data-avia-related-tooltip='Compartir en Twitter' rel=\"noopener\"><span class='avia_hidden_link_text'>Compartir en Twitter<\/span><\/a><\/li><li class='av-share-link av-social-link-whatsapp' ><a target=\"_blank\" aria-label=\"Compartir en Whatsapp\" href='https:\/\/api.whatsapp.com\/send?text=https:\/\/radiorevelacionfm.cl\/?p=32210' aria-hidden='false' data-av_icon='\uf232' data-av_iconfont='entypo-fontello' title='' data-avia-related-tooltip='Compartir en Whatsapp' rel=\"noopener\"><span class='avia_hidden_link_text'>Compartir en Whatsapp<\/span><\/a><\/li><li class='av-share-link av-social-link-linkedin' ><a target=\"_blank\" aria-label=\"Compartir en LinkedIn\" href='https:\/\/linkedin.com\/shareArticle?mini=true&#038;title=Invitan%20a%20Seminario%20%E2%80%9CCambio%20Clim%C3%A1tico%20Hoy.%20Acciones%20sustentables%20para%20una%20resiliencia%20posible%E2%80%9D&#038;url=https:\/\/radiorevelacionfm.cl\/?p=32210' aria-hidden='false' data-av_icon='\ue8fc' data-av_iconfont='entypo-fontello' title='' data-avia-related-tooltip='Compartir en LinkedIn' rel=\"noopener\"><span class='avia_hidden_link_text'>Compartir en LinkedIn<\/span><\/a><\/li><li class='av-share-link av-social-link-mail' ><a  aria-label=\"Compartir por correo\" href='mailto:?subject=Invitan%20a%20Seminario%20%E2%80%9CCambio%20Clim%C3%A1tico%20Hoy.%20Acciones%20sustentables%20para%20una%20resiliencia%20posible%E2%80%9D&#038;body=https:\/\/radiorevelacionfm.cl\/?p=32210' aria-hidden='false' data-av_icon='\ue805' data-av_iconfont='entypo-fontello' title='' data-avia-related-tooltip='Compartir por correo'><span class='avia_hidden_link_text'>Compartir por correo<\/span><\/a><\/li><\/ul><\/div><\/div>\n<div  style='height:50px' class='hr hr-invisible   avia-builder-el-8  el_after_av_social_share  el_before_av_comments_list '><span class='hr-inner ' ><span class='hr-inner-style'><\/span><\/span><\/div>\n<div  class='av-buildercomment  av-blog-meta-html-info-disabled av-blog-meta-tag-disabled  '><\/div>\n","protected":false},"excerpt":{"rendered":"","protected":false},"author":1,"featured_media":32211,"comment_status":"open","ping_status":"open","sticky":false,"template":"","format":"standard","meta":{"footnotes":""},"categories":[39],"tags":[],"class_list":["post-32210","post","type-post","status-publish","format-standard","has-post-thumbnail","hentry","category-medio-ambiente"],"jetpack_featured_media_url":"https:\/\/radiorevelacionfm.cl\/wp-content\/uploads\/2023\/06\/twitter-afiche_optimized-1.jpg","_links":{"self":[{"href":"https:\/\/radiorevelacionfm.cl\/index.php?rest_route=\/wp\/v2\/posts\/32210","targetHints":{"allow":["GET"]}}],"collection":[{"href":"https:\/\/radiorevelacionfm.cl\/index.php?rest_route=\/wp\/v2\/posts"}],"about":[{"href":"https:\/\/radiorevelacionfm.cl\/index.php?rest_route=\/wp\/v2\/types\/post"}],"author":[{"embeddable":true,"href":"https:\/\/radiorevelacionfm.cl\/index.php?rest_route=\/wp\/v2\/users\/1"}],"replies":[{"embeddable":true,"href":"https:\/\/radiorevelacionfm.cl\/index.php?rest_route=%2Fwp%2Fv2%2Fcomments&post=32210"}],"version-history":[{"count":1,"href":"https:\/\/radiorevelacionfm.cl\/index.php?rest_route=\/wp\/v2\/posts\/32210\/revisions"}],"predecessor-version":[{"id":32212,"href":"https:\/\/radiorevelacionfm.cl\/index.php?rest_route=\/wp\/v2\/posts\/32210\/revisions\/32212"}],"wp:featuredmedia":[{"embeddable":true,"href":"https:\/\/radiorevelacionfm.cl\/index.php?rest_route=\/wp\/v2\/media\/32211"}],"wp:attachment":[{"href":"https:\/\/radiorevelacionfm.cl\/index.php?rest_route=%2Fwp%2Fv2%2Fmedia&parent=32210"}],"wp:term":[{"taxonomy":"category","embeddable":true,"href":"https:\/\/radiorevelacionfm.cl\/index.php?rest_route=%2Fwp%2Fv2%2Fcategories&post=32210"},{"taxonomy":"post_tag","embeddable":true,"href":"https:\/\/radiorevelacionfm.cl\/index.php?rest_route=%2Fwp%2Fv2%2Ftags&post=32210"}],"curies":[{"name":"wp","href":"https:\/\/api.w.org\/{rel}","templated":true}]}}