{"id":32207,"date":"2023-06-20T11:01:01","date_gmt":"2023-06-20T14:01:01","guid":{"rendered":"https:\/\/radiorevelacionfm.cl\/?p=32207"},"modified":"2023-06-20T11:01:01","modified_gmt":"2023-06-20T14:01:01","slug":"jardin-infantil-de-puerto-aguirre-trabaja-experiencias-educativas-rescatando-historias-de-mar","status":"publish","type":"post","link":"https:\/\/radiorevelacionfm.cl\/?p=32207","title":{"rendered":"Jard\u00edn Infantil de Puerto Aguirre trabaja experiencias educativas rescatando Historias de Mar"},"content":{"rendered":"<div class=\"flex_column av_one_full  flex_column_div av-zero-column-padding first  avia-builder-el-0  el_before_av_one_full  avia-builder-el-first  \" style='border-radius:0px; '><div  class='avia-image-container  av-styling-    avia-builder-el-1  avia-builder-el-no-sibling  avia-align-center '  itemprop=\"image\" itemscope=\"itemscope\" itemtype=\"https:\/\/schema.org\/ImageObject\"  ><div class='avia-image-container-inner'><div class='avia-image-overlay-wrap'><img decoding=\"async\" class='wp-image-32208 avia-img-lazy-loading-not-32208 avia_image' src=\"https:\/\/radiorevelacionfm.cl\/wp-content\/uploads\/2023\/06\/5-34-1-1.jpeg\" alt='' title='5 (34) (1) (1)' height=\"600\" width=\"800\"  itemprop=\"thumbnailUrl\" srcset=\"https:\/\/radiorevelacionfm.cl\/wp-content\/uploads\/2023\/06\/5-34-1-1.jpeg 800w, https:\/\/radiorevelacionfm.cl\/wp-content\/uploads\/2023\/06\/5-34-1-1-300x225.jpeg 300w, https:\/\/radiorevelacionfm.cl\/wp-content\/uploads\/2023\/06\/5-34-1-1-768x576.jpeg 768w, https:\/\/radiorevelacionfm.cl\/wp-content\/uploads\/2023\/06\/5-34-1-1-705x529.jpeg 705w, https:\/\/radiorevelacionfm.cl\/wp-content\/uploads\/2023\/06\/5-34-1-1-450x338.jpeg 450w, https:\/\/radiorevelacionfm.cl\/wp-content\/uploads\/2023\/06\/5-34-1-1-600x450.jpeg 600w\" sizes=\"(max-width: 800px) 100vw, 800px\" \/><\/div><\/div><\/div><\/div><div class=\"flex_column av_one_full  flex_column_div av-zero-column-padding first  avia-builder-el-2  el_after_av_one_full  el_before_av_one_full  column-top-margin\" style='border-radius:0px; '><section class=\"av_textblock_section \"  itemscope=\"itemscope\" itemtype=\"https:\/\/schema.org\/BlogPosting\" itemprop=\"blogPost\" ><div class='avia_textblock  '   itemprop=\"text\" ><p style=\"text-align: center;\"><strong><span style=\"font-size: 18pt;\">Jard\u00edn Infantil de Puerto Aguirre trabaja experiencias educativas rescatando Historias de Mar<\/span><\/strong><\/p>\n<div id=\"gtx-trans\" style=\"position: absolute; left: -50px; top: 4.31534px;\">\n<div class=\"gtx-trans-icon\"><\/div>\n<\/div>\n<\/div><\/section><\/div><div class=\"flex_column av_one_full  flex_column_div av-zero-column-padding first  avia-builder-el-4  el_after_av_one_full  el_before_av_hr  column-top-margin\" style='border-radius:0px; '><section class=\"av_textblock_section \"  itemscope=\"itemscope\" itemtype=\"https:\/\/schema.org\/BlogPosting\" itemprop=\"blogPost\" ><div class='avia_textblock  '   itemprop=\"text\" ><p style=\"font-weight: 400; text-align: justify;\">Desde hace un tiempo el jard\u00edn infantil y sala cuna \u201cLos Cipreses\u201d de Puerto Aguirre en Islas Huichas est\u00e1 desarrollando una experiencia pedag\u00f3gica denominada \u201cHistorias de Mar\u201d en la que se busca rescatar la cultura y tradiciones locales permitiendo con esto poder facilitar a los ni\u00f1os y ni\u00f1as que ah\u00ed asisten al establecimiento, experiencias de aprendizaje que son propias de su entorno y enmarcadas en el contexto del Plan de Mejoramiento Educativo de Educaci\u00f3n Parvularia (PME EP).<\/p>\n<p style=\"font-weight: 400; text-align: justify;\">Tatiana C\u00e1rdenas Tavie, directora del jard\u00edn infantil y sala cuna \u201cLos Cipreses\u201d explica que para esta actividad educativa \u201chemos invitado a participar a hombres y mujeres de mar, a miembros de la comunidad educativa que tengan alguna historia con el mar y que quieran compartirla con los ni\u00f1os y ni\u00f1as\u201d. A su vez, explica que \u201ces una forma de reconocer ese oficio o labor y que han sido traspasados de generaci\u00f3n en generaci\u00f3n y que busca la valoraci\u00f3n y reconocimiento de su quehacer\u201d.<\/p>\n<p style=\"font-weight: 400; text-align: justify;\">Cabe destacar que el trabajo que desarrolla el jard\u00edn infantil se enmarca dentro del Proyecto Educativo del establecimiento -Cultural Medioambiental- permitiendo con esto poder rescatar y cuidar las tradiciones locales permitiendo con esto que ni\u00f1os y ni\u00f1as tengan recursos que les ayudar\u00e1n a estar en contacto con su entorno, conocer su mundo, relacionarse con la cultura en cada una de sus manifestaciones.<\/p>\n<p style=\"font-weight: 400; text-align: justify;\">Leticia Araya Norambuena, directora regional de Fundaci\u00f3n Integra en Ays\u00e9n destac\u00f3 la labor que est\u00e1 desarrollando el Jard\u00edn Infantil \u201cLos Cipreses\u201d en esta materia, destacando que este trabajo se encuadra dentro de las Bases Curriculares de la Educaci\u00f3n Parvularia en los \u00e1mbitos de Desarrollo Personal y Social como el de Relaci\u00f3n con el Medio Natural y Cultural los que buscan que ni\u00f1os y ni\u00f1as vayan construyendo su propia identidad.<\/p>\n<p style=\"font-weight: 400; text-align: justify;\">\u201cEsa construcci\u00f3n de la identidad tiene que ver con los otros, con la familia, con la comunidad y como cada uno de ellos les va aportando a los ni\u00f1os y las ni\u00f1as su propia identidad, siempre desde un contexto que es distinta a otras localidades, que es distinta a otras familias y el poder rescatar estos conocimientos ayudan a que ellos tambi\u00e9n vayan construyendo su propia historia\u201d, recalca la directora regional de Fundaci\u00f3n Integra.<\/p>\n<p style=\"font-weight: 400; text-align: justify;\">Dentro de las actividades desarrolladas por el jard\u00edn infantil est\u00e1 la charla desarrollada por don Juan Bautista Oyarzo Barrientos, isle\u00f1o, hombre de mar y pescador artesanal, quien relat\u00f3 una serie de historias que vivi\u00f3 como pescador artesanal, o la primera vez que se subi\u00f3 en un bote y cuando aprendi\u00f3 a bucear, historias que maravillaron a la comunidad educativa.<\/p>\n<p style=\"font-weight: 400; text-align: justify;\">Otra de las part\u00edcipes de este espacio de aprendizaje fue la se\u00f1ora Ema Tavie quien se declar\u00f3 como mujer de mar y recolectora de orilla, quien le cont\u00f3 a ni\u00f1as y ni\u00f1os su historia de vida y lo importante que fue su abuela \u2013Filomena Marim\u00e1n- para que ella se dedicara a este oficio.<\/p>\n<p style=\"font-weight: 400; text-align: justify;\">\u201cEstas actividades se seguir\u00e1n desarrollando durante todo el a\u00f1o ya que son parte de la planificaci\u00f3n educativa y en la que queremos que nuestros ni\u00f1os y ni\u00f1as reconozcan y valoren a los hombres y mujeres de mar, conozcan sus historias. A la vez, para este segundo semestre tenemos planificada la participaci\u00f3n de los carpinteros de ribera, a los buzos mariscadores y a trabajadores de f\u00e1bricas de proceso de productos del mar y que son parte de nuestra comunidad local\u201d, explic\u00f3 Tatiana C\u00e1rdenas Tavie.<\/p>\n<p style=\"font-weight: 400; text-align: justify;\">Finalmente cabe destacar que Fundaci\u00f3n Integra pertenece a la Red de Fundaciones de la Presidencia de la Rep\u00fablica. Con 32 a\u00f1os de experiencia, cuenta con m\u00e1s de 1.230 jardines infantiles y salas cuna gratuitos a los que asisten m\u00e1s de 91 mil ni\u00f1os y ni\u00f1as en todo Chile.<\/p>\n<\/div><\/section><\/div><div  style='height:50px' class='hr hr-invisible   avia-builder-el-6  el_after_av_one_full  el_before_av_social_share '><span class='hr-inner ' ><span class='hr-inner-style'><\/span><\/span><\/div><\/p>\n<div  class='av-social-sharing-box  avia-builder-el-7  el_after_av_hr  el_before_av_hr  '><div class='av-share-box'><h5 class='av-share-link-description av-no-toc '>Compartir esta noticia<\/h5><ul class='av-share-box-list noLightbox'><li class='av-share-link av-social-link-facebook' ><a target=\"_blank\" aria-label=\"Compartir en Facebook\" href='https:\/\/www.facebook.com\/sharer.php?u=https:\/\/radiorevelacionfm.cl\/?p=32207&#038;t=Jard%C3%ADn%20Infantil%20de%20Puerto%20Aguirre%20trabaja%20experiencias%20educativas%20rescatando%20Historias%20de%20Mar' aria-hidden='false' data-av_icon='\ue8f3' data-av_iconfont='entypo-fontello' title='' data-avia-related-tooltip='Compartir en Facebook' rel=\"noopener\"><span class='avia_hidden_link_text'>Compartir en Facebook<\/span><\/a><\/li><li class='av-share-link av-social-link-twitter' ><a target=\"_blank\" aria-label=\"Compartir en Twitter\" href='https:\/\/twitter.com\/share?text=Jard%C3%ADn%20Infantil%20de%20Puerto%20Aguirre%20trabaja%20experiencias%20educativas%20rescatando%20Historias%20de%20Mar&#038;url=https:\/\/radiorevelacionfm.cl\/?p=32207' aria-hidden='false' data-av_icon='\ue8f1' data-av_iconfont='entypo-fontello' title='' data-avia-related-tooltip='Compartir en Twitter' rel=\"noopener\"><span class='avia_hidden_link_text'>Compartir en Twitter<\/span><\/a><\/li><li class='av-share-link av-social-link-whatsapp' ><a target=\"_blank\" aria-label=\"Compartir en Whatsapp\" href='https:\/\/api.whatsapp.com\/send?text=https:\/\/radiorevelacionfm.cl\/?p=32207' aria-hidden='false' data-av_icon='\uf232' data-av_iconfont='entypo-fontello' title='' data-avia-related-tooltip='Compartir en Whatsapp' rel=\"noopener\"><span class='avia_hidden_link_text'>Compartir en Whatsapp<\/span><\/a><\/li><li class='av-share-link av-social-link-linkedin' ><a target=\"_blank\" aria-label=\"Compartir en LinkedIn\" href='https:\/\/linkedin.com\/shareArticle?mini=true&#038;title=Jard%C3%ADn%20Infantil%20de%20Puerto%20Aguirre%20trabaja%20experiencias%20educativas%20rescatando%20Historias%20de%20Mar&#038;url=https:\/\/radiorevelacionfm.cl\/?p=32207' aria-hidden='false' data-av_icon='\ue8fc' data-av_iconfont='entypo-fontello' title='' data-avia-related-tooltip='Compartir en LinkedIn' rel=\"noopener\"><span class='avia_hidden_link_text'>Compartir en LinkedIn<\/span><\/a><\/li><li class='av-share-link av-social-link-mail' ><a  aria-label=\"Compartir por correo\" href='mailto:?subject=Jard%C3%ADn%20Infantil%20de%20Puerto%20Aguirre%20trabaja%20experiencias%20educativas%20rescatando%20Historias%20de%20Mar&#038;body=https:\/\/radiorevelacionfm.cl\/?p=32207' aria-hidden='false' data-av_icon='\ue805' data-av_iconfont='entypo-fontello' title='' data-avia-related-tooltip='Compartir por correo'><span class='avia_hidden_link_text'>Compartir por correo<\/span><\/a><\/li><\/ul><\/div><\/div>\n<div  style='height:50px' class='hr hr-invisible   avia-builder-el-8  el_after_av_social_share  el_before_av_comments_list '><span class='hr-inner ' ><span class='hr-inner-style'><\/span><\/span><\/div>\n<div  class='av-buildercomment  av-blog-meta-html-info-disabled av-blog-meta-tag-disabled  '><\/div>\n","protected":false},"excerpt":{"rendered":"","protected":false},"author":1,"featured_media":32208,"comment_status":"open","ping_status":"open","sticky":false,"template":"","format":"standard","meta":{"footnotes":""},"categories":[49],"tags":[],"class_list":["post-32207","post","type-post","status-publish","format-standard","has-post-thumbnail","hentry","category-educacion"],"jetpack_featured_media_url":"https:\/\/radiorevelacionfm.cl\/wp-content\/uploads\/2023\/06\/5-34-1-1.jpeg","_links":{"self":[{"href":"https:\/\/radiorevelacionfm.cl\/index.php?rest_route=\/wp\/v2\/posts\/32207","targetHints":{"allow":["GET"]}}],"collection":[{"href":"https:\/\/radiorevelacionfm.cl\/index.php?rest_route=\/wp\/v2\/posts"}],"about":[{"href":"https:\/\/radiorevelacionfm.cl\/index.php?rest_route=\/wp\/v2\/types\/post"}],"author":[{"embeddable":true,"href":"https:\/\/radiorevelacionfm.cl\/index.php?rest_route=\/wp\/v2\/users\/1"}],"replies":[{"embeddable":true,"href":"https:\/\/radiorevelacionfm.cl\/index.php?rest_route=%2Fwp%2Fv2%2Fcomments&post=32207"}],"version-history":[{"count":1,"href":"https:\/\/radiorevelacionfm.cl\/index.php?rest_route=\/wp\/v2\/posts\/32207\/revisions"}],"predecessor-version":[{"id":32209,"href":"https:\/\/radiorevelacionfm.cl\/index.php?rest_route=\/wp\/v2\/posts\/32207\/revisions\/32209"}],"wp:featuredmedia":[{"embeddable":true,"href":"https:\/\/radiorevelacionfm.cl\/index.php?rest_route=\/wp\/v2\/media\/32208"}],"wp:attachment":[{"href":"https:\/\/radiorevelacionfm.cl\/index.php?rest_route=%2Fwp%2Fv2%2Fmedia&parent=32207"}],"wp:term":[{"taxonomy":"category","embeddable":true,"href":"https:\/\/radiorevelacionfm.cl\/index.php?rest_route=%2Fwp%2Fv2%2Fcategories&post=32207"},{"taxonomy":"post_tag","embeddable":true,"href":"https:\/\/radiorevelacionfm.cl\/index.php?rest_route=%2Fwp%2Fv2%2Ftags&post=32207"}],"curies":[{"name":"wp","href":"https:\/\/api.w.org\/{rel}","templated":true}]}}