{"id":32205,"date":"2023-06-19T16:49:43","date_gmt":"2023-06-19T19:49:43","guid":{"rendered":"https:\/\/radiorevelacionfm.cl\/?p=32205"},"modified":"2023-06-19T16:49:43","modified_gmt":"2023-06-19T19:49:43","slug":"corte-de-coyhaique-ordena-a-dos-usuarias-eliminar-publicaciones-ofensivas-de-la-red-social-facebook","status":"publish","type":"post","link":"https:\/\/radiorevelacionfm.cl\/?p=32205","title":{"rendered":"Corte de Coyhaique ordena a dos usuarias eliminar publicaciones ofensivas de la red social Facebook"},"content":{"rendered":"<div class=\"flex_column av_one_full  flex_column_div av-zero-column-padding first  avia-builder-el-0  el_before_av_one_full  avia-builder-el-first  \" style='border-radius:0px; '><div  class='avia-image-container  av-styling-    avia-builder-el-1  avia-builder-el-no-sibling  avia-align-center '  itemprop=\"image\" itemscope=\"itemscope\" itemtype=\"https:\/\/schema.org\/ImageObject\"  ><div class='avia-image-container-inner'><div class='avia-image-overlay-wrap'><img decoding=\"async\" class='wp-image-4843 avia-img-lazy-loading-not-4843 avia_image' src=\"https:\/\/radiorevelacionfm.cl\/wp-content\/uploads\/2021\/06\/foto-corte-apelaciones-1-1-1.jpg\" alt='' title='foto corte apelaciones (1) (1) (1)' height=\"600\" width=\"945\"  itemprop=\"thumbnailUrl\" srcset=\"https:\/\/radiorevelacionfm.cl\/wp-content\/uploads\/2021\/06\/foto-corte-apelaciones-1-1-1.jpg 945w, https:\/\/radiorevelacionfm.cl\/wp-content\/uploads\/2021\/06\/foto-corte-apelaciones-1-1-1-300x190.jpg 300w, https:\/\/radiorevelacionfm.cl\/wp-content\/uploads\/2021\/06\/foto-corte-apelaciones-1-1-1-768x488.jpg 768w, https:\/\/radiorevelacionfm.cl\/wp-content\/uploads\/2021\/06\/foto-corte-apelaciones-1-1-1-705x448.jpg 705w, https:\/\/radiorevelacionfm.cl\/wp-content\/uploads\/2021\/06\/foto-corte-apelaciones-1-1-1-600x381.jpg 600w\" sizes=\"(max-width: 945px) 100vw, 945px\" \/><\/div><\/div><\/div><\/div><div class=\"flex_column av_one_full  flex_column_div av-zero-column-padding first  avia-builder-el-2  el_after_av_one_full  el_before_av_one_full  column-top-margin\" style='border-radius:0px; '><section class=\"av_textblock_section \"  itemscope=\"itemscope\" itemtype=\"https:\/\/schema.org\/BlogPosting\" itemprop=\"blogPost\" ><div class='avia_textblock  '   itemprop=\"text\" ><p style=\"text-align: center;\"><strong><span style=\"font-size: 18pt;\">Corte de Coyhaique ordena a dos usuarias eliminar publicaciones ofensivas de la red social Facebook<\/span><\/strong><\/p>\n<div id=\"gtx-trans\" style=\"position: absolute; left: -50px; top: 4.31534px;\">\n<div class=\"gtx-trans-icon\"><\/div>\n<\/div>\n<\/div><\/section><\/div><div class=\"flex_column av_one_full  flex_column_div av-zero-column-padding first  avia-builder-el-4  el_after_av_one_full  el_before_av_hr  column-top-margin\" style='border-radius:0px; '><section class=\"av_textblock_section \"  itemscope=\"itemscope\" itemtype=\"https:\/\/schema.org\/BlogPosting\" itemprop=\"blogPost\" ><div class='avia_textblock  '   itemprop=\"text\" ><p class=\"v1MsoNormal\" style=\"text-align: justify;\">La Corte de Apelaciones de Coyhaique acogi\u00f3 el recurso de protecci\u00f3n deducido en contra de dos usuarias, quienes publicaron en la red social Facebook comentarios y fotograf\u00edas que afectan la honra de la recurrente. Il\u00edcito perpetrado en febrero pasado.<\/p>\n<p class=\"v1MsoNormal\" style=\"text-align: justify;\">En fallo un\u00e1nime, la Primera Sala del tribunal de alzada \u2013integrada por los ministros Jos\u00e9 Ignacio Mora Trujillo, Natalia Rencoret Oliva y Luis Aedo Mora\u2013 acogi\u00f3 la acci\u00f3n cautelar y orden\u00f3 a las recurridas eliminar todo el contenido publicado en descr\u00e9dito de la recurrente.<\/p>\n<p class=\"v1MsoNormal\" style=\"text-align: justify;\">\u00abQue, establecido entonces, que las recurridas, procedieron a publicar en la plataforma de internet correspondiente a la red social de Facebook las expresiones reproducidas en el motivo precedente (&#8230;) conceptos que esta Corte estima afectan el sentimiento de dignidad moral de la recurrente y la apreciaci\u00f3n que las dem\u00e1s personas se forman de sus cualidades morales y su valor social, lo que en definitiva lesiona la faz subjetiva y objetiva de su honor, derecho este garantizado en el numeral cuarto del art\u00edculo 19 de la Constituci\u00f3n Pol\u00edtica de la Rep\u00fablica\u00bb, sostiene el fallo.<\/p>\n<p class=\"v1MsoNormal\" style=\"text-align: justify;\">La resoluci\u00f3n agrega que: \u00ab(&#8230;) del mismo modo, se ha publicado en la p\u00e1gina de Facebook de las recurridas una fotograf\u00eda que exhibe el rostro de la recurrente, atribuy\u00e9ndole las caracter\u00edsticas referidas en el motivo Cuarto del presente fallo, de modo que se ha hecho uso de su imagen sin el consentimiento de esta, afect\u00e1ndose no solo su derecho a la vida privada, tutelado en el mismo numeral antes detallado, sino tambi\u00e9n el derecho de propiedad que la recurrente tiene sobre este atributo de su personalidad, siendo su imagen una extensi\u00f3n de esta, conculc\u00e1ndose de este modo el derecho de propiedad, reca\u00eddo esta vez sobre cosas incorporales, consagrado en el n\u00b0 24 del art\u00edculo 19 de la Carta Fundamental\u00bb.<\/p>\n<p class=\"v1MsoNormal\" style=\"text-align: justify;\">\u00ab(&#8230;) por lo antes razonado, esta Corte de Apelaciones estima que las recurridas han cometido un acto arbitrario e ilegal que ha afectado el derecho a la honra y de propiedad de la recurrente, por lo que habr\u00e1 de acogerse la presente acci\u00f3n constitucional, sin perjuicio del leg\u00edtimo ejercicio de las acciones legales que estimen pertinentes las recurridas en defensa de sus derechos\u00bb, advierte la resoluci\u00f3n.<\/p>\n<\/div><\/section><\/div><div  style='height:50px' class='hr hr-invisible   avia-builder-el-6  el_after_av_one_full  el_before_av_social_share '><span class='hr-inner ' ><span class='hr-inner-style'><\/span><\/span><\/div><\/p>\n<div  class='av-social-sharing-box  avia-builder-el-7  el_after_av_hr  el_before_av_hr  '><div class='av-share-box'><h5 class='av-share-link-description av-no-toc '>Compartir esta noticia<\/h5><ul class='av-share-box-list noLightbox'><li class='av-share-link av-social-link-facebook' ><a target=\"_blank\" aria-label=\"Compartir en Facebook\" href='https:\/\/www.facebook.com\/sharer.php?u=https:\/\/radiorevelacionfm.cl\/?p=32205&#038;t=Corte%20de%20Coyhaique%20ordena%20a%20dos%20usuarias%20eliminar%20publicaciones%20ofensivas%20de%20la%20red%20social%20Facebook' aria-hidden='false' data-av_icon='\ue8f3' data-av_iconfont='entypo-fontello' title='' data-avia-related-tooltip='Compartir en Facebook' rel=\"noopener\"><span class='avia_hidden_link_text'>Compartir en Facebook<\/span><\/a><\/li><li class='av-share-link av-social-link-twitter' ><a target=\"_blank\" aria-label=\"Compartir en Twitter\" href='https:\/\/twitter.com\/share?text=Corte%20de%20Coyhaique%20ordena%20a%20dos%20usuarias%20eliminar%20publicaciones%20ofensivas%20de%20la%20red%20social%20Facebook&#038;url=https:\/\/radiorevelacionfm.cl\/?p=32205' aria-hidden='false' data-av_icon='\ue8f1' data-av_iconfont='entypo-fontello' title='' data-avia-related-tooltip='Compartir en Twitter' rel=\"noopener\"><span class='avia_hidden_link_text'>Compartir en Twitter<\/span><\/a><\/li><li class='av-share-link av-social-link-whatsapp' ><a target=\"_blank\" aria-label=\"Compartir en Whatsapp\" href='https:\/\/api.whatsapp.com\/send?text=https:\/\/radiorevelacionfm.cl\/?p=32205' aria-hidden='false' data-av_icon='\uf232' data-av_iconfont='entypo-fontello' title='' data-avia-related-tooltip='Compartir en Whatsapp' rel=\"noopener\"><span class='avia_hidden_link_text'>Compartir en Whatsapp<\/span><\/a><\/li><li class='av-share-link av-social-link-linkedin' ><a target=\"_blank\" aria-label=\"Compartir en LinkedIn\" href='https:\/\/linkedin.com\/shareArticle?mini=true&#038;title=Corte%20de%20Coyhaique%20ordena%20a%20dos%20usuarias%20eliminar%20publicaciones%20ofensivas%20de%20la%20red%20social%20Facebook&#038;url=https:\/\/radiorevelacionfm.cl\/?p=32205' aria-hidden='false' data-av_icon='\ue8fc' data-av_iconfont='entypo-fontello' title='' data-avia-related-tooltip='Compartir en LinkedIn' rel=\"noopener\"><span class='avia_hidden_link_text'>Compartir en LinkedIn<\/span><\/a><\/li><li class='av-share-link av-social-link-mail' ><a  aria-label=\"Compartir por correo\" href='mailto:?subject=Corte%20de%20Coyhaique%20ordena%20a%20dos%20usuarias%20eliminar%20publicaciones%20ofensivas%20de%20la%20red%20social%20Facebook&#038;body=https:\/\/radiorevelacionfm.cl\/?p=32205' aria-hidden='false' data-av_icon='\ue805' data-av_iconfont='entypo-fontello' title='' data-avia-related-tooltip='Compartir por correo'><span class='avia_hidden_link_text'>Compartir por correo<\/span><\/a><\/li><\/ul><\/div><\/div>\n<div  style='height:50px' class='hr hr-invisible   avia-builder-el-8  el_after_av_social_share  el_before_av_comments_list '><span class='hr-inner ' ><span class='hr-inner-style'><\/span><\/span><\/div>\n<div  class='av-buildercomment  av-blog-meta-html-info-disabled av-blog-meta-tag-disabled  '><\/div>\n","protected":false},"excerpt":{"rendered":"","protected":false},"author":1,"featured_media":4843,"comment_status":"open","ping_status":"open","sticky":false,"template":"","format":"standard","meta":{"footnotes":""},"categories":[55],"tags":[],"class_list":["post-32205","post","type-post","status-publish","format-standard","has-post-thumbnail","hentry","category-justicia"],"jetpack_featured_media_url":"https:\/\/radiorevelacionfm.cl\/wp-content\/uploads\/2021\/06\/foto-corte-apelaciones-1-1-1.jpg","_links":{"self":[{"href":"https:\/\/radiorevelacionfm.cl\/index.php?rest_route=\/wp\/v2\/posts\/32205","targetHints":{"allow":["GET"]}}],"collection":[{"href":"https:\/\/radiorevelacionfm.cl\/index.php?rest_route=\/wp\/v2\/posts"}],"about":[{"href":"https:\/\/radiorevelacionfm.cl\/index.php?rest_route=\/wp\/v2\/types\/post"}],"author":[{"embeddable":true,"href":"https:\/\/radiorevelacionfm.cl\/index.php?rest_route=\/wp\/v2\/users\/1"}],"replies":[{"embeddable":true,"href":"https:\/\/radiorevelacionfm.cl\/index.php?rest_route=%2Fwp%2Fv2%2Fcomments&post=32205"}],"version-history":[{"count":1,"href":"https:\/\/radiorevelacionfm.cl\/index.php?rest_route=\/wp\/v2\/posts\/32205\/revisions"}],"predecessor-version":[{"id":32206,"href":"https:\/\/radiorevelacionfm.cl\/index.php?rest_route=\/wp\/v2\/posts\/32205\/revisions\/32206"}],"wp:featuredmedia":[{"embeddable":true,"href":"https:\/\/radiorevelacionfm.cl\/index.php?rest_route=\/wp\/v2\/media\/4843"}],"wp:attachment":[{"href":"https:\/\/radiorevelacionfm.cl\/index.php?rest_route=%2Fwp%2Fv2%2Fmedia&parent=32205"}],"wp:term":[{"taxonomy":"category","embeddable":true,"href":"https:\/\/radiorevelacionfm.cl\/index.php?rest_route=%2Fwp%2Fv2%2Fcategories&post=32205"},{"taxonomy":"post_tag","embeddable":true,"href":"https:\/\/radiorevelacionfm.cl\/index.php?rest_route=%2Fwp%2Fv2%2Ftags&post=32205"}],"curies":[{"name":"wp","href":"https:\/\/api.w.org\/{rel}","templated":true}]}}