{"id":32188,"date":"2023-06-18T20:18:33","date_gmt":"2023-06-18T23:18:33","guid":{"rendered":"https:\/\/radiorevelacionfm.cl\/?p=32188"},"modified":"2023-06-18T20:18:33","modified_gmt":"2023-06-18T23:18:33","slug":"inician-plan-de-movilidad-en-caleta-tortel","status":"publish","type":"post","link":"https:\/\/radiorevelacionfm.cl\/?p=32188","title":{"rendered":"Inician Plan de Movilidad en Caleta Tortel"},"content":{"rendered":"<div class=\"flex_column av_one_full  flex_column_div av-zero-column-padding first  avia-builder-el-0  el_before_av_one_full  avia-builder-el-first  \" style='border-radius:0px; '><div  class='avia-image-container  av-styling-    avia-builder-el-1  avia-builder-el-no-sibling  avia-align-center '  itemprop=\"image\" itemscope=\"itemscope\" itemtype=\"https:\/\/schema.org\/ImageObject\"  ><div class='avia-image-container-inner'><div class='avia-image-overlay-wrap'><img decoding=\"async\" class='wp-image-32189 avia-img-lazy-loading-not-32189 avia_image' src=\"https:\/\/radiorevelacionfm.cl\/wp-content\/uploads\/2023\/06\/tortel_dsc6311-1_optimized.jpg\" alt='' title='tortel_dsc6311-(1)_optimized' height=\"600\" width=\"900\"  itemprop=\"thumbnailUrl\" srcset=\"https:\/\/radiorevelacionfm.cl\/wp-content\/uploads\/2023\/06\/tortel_dsc6311-1_optimized.jpg 900w, https:\/\/radiorevelacionfm.cl\/wp-content\/uploads\/2023\/06\/tortel_dsc6311-1_optimized-300x200.jpg 300w, https:\/\/radiorevelacionfm.cl\/wp-content\/uploads\/2023\/06\/tortel_dsc6311-1_optimized-768x512.jpg 768w, https:\/\/radiorevelacionfm.cl\/wp-content\/uploads\/2023\/06\/tortel_dsc6311-1_optimized-705x470.jpg 705w, https:\/\/radiorevelacionfm.cl\/wp-content\/uploads\/2023\/06\/tortel_dsc6311-1_optimized-450x300.jpg 450w, https:\/\/radiorevelacionfm.cl\/wp-content\/uploads\/2023\/06\/tortel_dsc6311-1_optimized-600x400.jpg 600w\" sizes=\"(max-width: 900px) 100vw, 900px\" \/><\/div><\/div><\/div><\/div><div class=\"flex_column av_one_full  flex_column_div av-zero-column-padding first  avia-builder-el-2  el_after_av_one_full  el_before_av_one_full  column-top-margin\" style='border-radius:0px; '><section class=\"av_textblock_section \"  itemscope=\"itemscope\" itemtype=\"https:\/\/schema.org\/BlogPosting\" itemprop=\"blogPost\" ><div class='avia_textblock  '   itemprop=\"text\" ><p style=\"text-align: center;\"><span style=\"font-size: 18pt;\"><b>Inician Plan de Movilidad en Caleta Tortel<\/b><\/span><\/p>\n<div id=\"gtx-trans\" style=\"position: absolute; left: -50px; top: 4.31534px;\">\n<div class=\"gtx-trans-icon\"><\/div>\n<\/div>\n<\/div><\/section><\/div><div class=\"flex_column av_one_full  flex_column_div av-zero-column-padding first  avia-builder-el-4  el_after_av_one_full  el_before_av_hr  column-top-margin\" style='border-radius:0px; '><section class=\"av_textblock_section \"  itemscope=\"itemscope\" itemtype=\"https:\/\/schema.org\/BlogPosting\" itemprop=\"blogPost\" ><div class='avia_textblock  '   itemprop=\"text\" ><p style=\"text-align: justify;\">A fines de mayo reci\u00e9n pasado, se firm\u00f3 el contrato mediante el cual se da inicio a la consultor\u00eda que realizar\u00e1 el estudio de Movilidad para Caleta Tortel, iniciativa impulsada por el Ministerio de Transportes y Telecomunicaciones, a trav\u00e9s del Programa de Vialidad y Transporte SECTRA, con fondos sectoriales que ascienden a $165 millones. La entidad adjudicataria es la UTP (Uni\u00f3n Temporal de Proveedores) Archipi\u00e9lago + Territorial, que, junto al municipio de Tortel, ser\u00e1n los encargados de detectar las necesidades de conectividad de sus habitantes, priorizar iniciativas mediante consultas ciudadanas y generar 4 perfiles de proyectos a partir de este trabajo.<\/p>\n<p style=\"text-align: justify;\">La seremiTT Claudia Cantero y el alcalde Abel Becerra, celebraron la puesta en marcha de esta iniciativa muy anhelada y necesaria para resolver los desaf\u00edos que afronta la localidad, considerando que su principal v\u00eda de traslado interno son las pasarelas, las que tienen una extensi\u00f3n de 7 kms. Esto supone una serie de dificultades, tanto para personas con movilidad reducida, personas mayores y tambi\u00e9n para la distribuci\u00f3n de cargas.<\/p>\n<p style=\"text-align: justify;\">\u201cPara nosotros como ministerio es un tremendo desaf\u00edo, es la primera localidad con estas caracter\u00edsticas que est\u00e1 bajo un estudio de movilidad. Vamos a poder conversar con vecinos y vecinas, y m\u00e1s que nada modelar en conjunto un Tortel diferente, un Tortel m\u00e1s accesible tambi\u00e9n. Cuando pensamos en movilidad y en estudios de transporte no solamente estamos pensando en los veh\u00edculos, tambi\u00e9n hay que pensar en c\u00f3mo las personas se desplazan, c\u00f3mo tambi\u00e9n se desplazan otros medios y c\u00f3mo darle soluciones tambi\u00e9n al \u00a0traslado de carga, por ejemplo, que existe en el Tortel\u201d, indic\u00f3 la titular de Transportes.<\/p>\n<p style=\"text-align: justify;\">El edil de Tortel a\u00f1adi\u00f3 que el principal desaf\u00edo ser\u00e1 encontrar v\u00edas de traslado desde el borde costero, donde se concentran las viviendas y la mayor proporci\u00f3n de adultos mayores de la localidad; hacia el sector alto, donde se halla la oferta de servicios p\u00fablicos y comerciales. \u201cEl estudio lo que nos va a decir es c\u00f3mo conectamos los servicios que est\u00e1n en el sector alto con el borde costero, donde se concentra la mayor cantidad de nuestra poblaci\u00f3n. La concentraci\u00f3n de adultos mayores est\u00e1, no en el sector alto, sino que en el borde costero, donde se pobl\u00f3 primero Tortel. Y esa es la gente que no tiene comunicaci\u00f3n fluida o no est\u00e1 en las condiciones dadas como por acceder a los servicios que est\u00e1n en el sector alto, que ah\u00ed tenemos la posta, tenemos la sala cuna, el jard\u00edn, tenemos el colegio, tenemos la Copec, est\u00e1 la Conaf\u201d, detall\u00f3 Becerra.<\/p>\n<p style=\"text-align: justify;\">El plazo de entrega de los perfiles de proyectos que ser\u00e1n fruto del Plan de Movilidad es de 18 meses y sus resultados ser\u00e1n validados por procesos de participaci\u00f3n ciudadana. Desde ah\u00ed el municipio podr\u00e1 postular a opciones de financiamiento para su ejecuci\u00f3n.<\/p>\n<\/div><\/section><\/div><div  style='height:50px' class='hr hr-invisible   avia-builder-el-6  el_after_av_one_full  el_before_av_social_share '><span class='hr-inner ' ><span class='hr-inner-style'><\/span><\/span><\/div><\/p>\n<div  class='av-social-sharing-box  avia-builder-el-7  el_after_av_hr  el_before_av_hr  '><div class='av-share-box'><h5 class='av-share-link-description av-no-toc '>Compartir esta noticia<\/h5><ul class='av-share-box-list noLightbox'><li class='av-share-link av-social-link-facebook' ><a target=\"_blank\" aria-label=\"Compartir en Facebook\" href='https:\/\/www.facebook.com\/sharer.php?u=https:\/\/radiorevelacionfm.cl\/?p=32188&#038;t=Inician%20Plan%20de%20Movilidad%20en%20Caleta%20Tortel' aria-hidden='false' data-av_icon='\ue8f3' data-av_iconfont='entypo-fontello' title='' data-avia-related-tooltip='Compartir en Facebook' rel=\"noopener\"><span class='avia_hidden_link_text'>Compartir en Facebook<\/span><\/a><\/li><li class='av-share-link av-social-link-twitter' ><a target=\"_blank\" aria-label=\"Compartir en Twitter\" href='https:\/\/twitter.com\/share?text=Inician%20Plan%20de%20Movilidad%20en%20Caleta%20Tortel&#038;url=https:\/\/radiorevelacionfm.cl\/?p=32188' aria-hidden='false' data-av_icon='\ue8f1' data-av_iconfont='entypo-fontello' title='' data-avia-related-tooltip='Compartir en Twitter' rel=\"noopener\"><span class='avia_hidden_link_text'>Compartir en Twitter<\/span><\/a><\/li><li class='av-share-link av-social-link-whatsapp' ><a target=\"_blank\" aria-label=\"Compartir en Whatsapp\" href='https:\/\/api.whatsapp.com\/send?text=https:\/\/radiorevelacionfm.cl\/?p=32188' aria-hidden='false' data-av_icon='\uf232' data-av_iconfont='entypo-fontello' title='' data-avia-related-tooltip='Compartir en Whatsapp' rel=\"noopener\"><span class='avia_hidden_link_text'>Compartir en Whatsapp<\/span><\/a><\/li><li class='av-share-link av-social-link-linkedin' ><a target=\"_blank\" aria-label=\"Compartir en LinkedIn\" href='https:\/\/linkedin.com\/shareArticle?mini=true&#038;title=Inician%20Plan%20de%20Movilidad%20en%20Caleta%20Tortel&#038;url=https:\/\/radiorevelacionfm.cl\/?p=32188' aria-hidden='false' data-av_icon='\ue8fc' data-av_iconfont='entypo-fontello' title='' data-avia-related-tooltip='Compartir en LinkedIn' rel=\"noopener\"><span class='avia_hidden_link_text'>Compartir en LinkedIn<\/span><\/a><\/li><li class='av-share-link av-social-link-mail' ><a  aria-label=\"Compartir por correo\" href='mailto:?subject=Inician%20Plan%20de%20Movilidad%20en%20Caleta%20Tortel&#038;body=https:\/\/radiorevelacionfm.cl\/?p=32188' aria-hidden='false' data-av_icon='\ue805' data-av_iconfont='entypo-fontello' title='' data-avia-related-tooltip='Compartir por correo'><span class='avia_hidden_link_text'>Compartir por correo<\/span><\/a><\/li><\/ul><\/div><\/div>\n<div  style='height:50px' class='hr hr-invisible   avia-builder-el-8  el_after_av_social_share  el_before_av_comments_list '><span class='hr-inner ' ><span class='hr-inner-style'><\/span><\/span><\/div>\n<div  class='av-buildercomment  av-blog-meta-html-info-disabled av-blog-meta-tag-disabled  '><\/div>\n","protected":false},"excerpt":{"rendered":"","protected":false},"author":1,"featured_media":32189,"comment_status":"open","ping_status":"open","sticky":false,"template":"","format":"standard","meta":{"footnotes":""},"categories":[38],"tags":[],"class_list":["post-32188","post","type-post","status-publish","format-standard","has-post-thumbnail","hentry","category-regional"],"jetpack_featured_media_url":"https:\/\/radiorevelacionfm.cl\/wp-content\/uploads\/2023\/06\/tortel_dsc6311-1_optimized.jpg","_links":{"self":[{"href":"https:\/\/radiorevelacionfm.cl\/index.php?rest_route=\/wp\/v2\/posts\/32188","targetHints":{"allow":["GET"]}}],"collection":[{"href":"https:\/\/radiorevelacionfm.cl\/index.php?rest_route=\/wp\/v2\/posts"}],"about":[{"href":"https:\/\/radiorevelacionfm.cl\/index.php?rest_route=\/wp\/v2\/types\/post"}],"author":[{"embeddable":true,"href":"https:\/\/radiorevelacionfm.cl\/index.php?rest_route=\/wp\/v2\/users\/1"}],"replies":[{"embeddable":true,"href":"https:\/\/radiorevelacionfm.cl\/index.php?rest_route=%2Fwp%2Fv2%2Fcomments&post=32188"}],"version-history":[{"count":1,"href":"https:\/\/radiorevelacionfm.cl\/index.php?rest_route=\/wp\/v2\/posts\/32188\/revisions"}],"predecessor-version":[{"id":32190,"href":"https:\/\/radiorevelacionfm.cl\/index.php?rest_route=\/wp\/v2\/posts\/32188\/revisions\/32190"}],"wp:featuredmedia":[{"embeddable":true,"href":"https:\/\/radiorevelacionfm.cl\/index.php?rest_route=\/wp\/v2\/media\/32189"}],"wp:attachment":[{"href":"https:\/\/radiorevelacionfm.cl\/index.php?rest_route=%2Fwp%2Fv2%2Fmedia&parent=32188"}],"wp:term":[{"taxonomy":"category","embeddable":true,"href":"https:\/\/radiorevelacionfm.cl\/index.php?rest_route=%2Fwp%2Fv2%2Fcategories&post=32188"},{"taxonomy":"post_tag","embeddable":true,"href":"https:\/\/radiorevelacionfm.cl\/index.php?rest_route=%2Fwp%2Fv2%2Ftags&post=32188"}],"curies":[{"name":"wp","href":"https:\/\/api.w.org\/{rel}","templated":true}]}}