{"id":32185,"date":"2023-06-18T19:09:26","date_gmt":"2023-06-18T22:09:26","guid":{"rendered":"https:\/\/radiorevelacionfm.cl\/?p=32185"},"modified":"2023-06-18T19:09:26","modified_gmt":"2023-06-18T22:09:26","slug":"servicios-publicos-realizan-movilizados-en-terminal-de-buses-de-coyhaique","status":"publish","type":"post","link":"https:\/\/radiorevelacionfm.cl\/?p=32185","title":{"rendered":"Servicios p\u00fablicos realizan MovilizaDOS en Terminal de Buses de Coyhaique"},"content":{"rendered":"<div class=\"flex_column av_one_full  flex_column_div av-zero-column-padding first  avia-builder-el-0  el_before_av_one_full  avia-builder-el-first  \" style='border-radius:0px; '><div  class='avia-image-container  av-styling-    avia-builder-el-1  avia-builder-el-no-sibling  avia-align-center '  itemprop=\"image\" itemscope=\"itemscope\" itemtype=\"https:\/\/schema.org\/ImageObject\"  ><div class='avia-image-container-inner'><div class='avia-image-overlay-wrap'><img decoding=\"async\" class='wp-image-32186 avia-img-lazy-loading-not-32186 avia_image' src=\"https:\/\/radiorevelacionfm.cl\/wp-content\/uploads\/2023\/06\/Moviliza2-2023-06-18-1-1.jpeg\" alt='' title='Moviliza2 2023-06-18 (1) (1)' height=\"600\" width=\"800\"  itemprop=\"thumbnailUrl\" srcset=\"https:\/\/radiorevelacionfm.cl\/wp-content\/uploads\/2023\/06\/Moviliza2-2023-06-18-1-1.jpeg 800w, https:\/\/radiorevelacionfm.cl\/wp-content\/uploads\/2023\/06\/Moviliza2-2023-06-18-1-1-300x225.jpeg 300w, https:\/\/radiorevelacionfm.cl\/wp-content\/uploads\/2023\/06\/Moviliza2-2023-06-18-1-1-768x576.jpeg 768w, https:\/\/radiorevelacionfm.cl\/wp-content\/uploads\/2023\/06\/Moviliza2-2023-06-18-1-1-705x529.jpeg 705w, https:\/\/radiorevelacionfm.cl\/wp-content\/uploads\/2023\/06\/Moviliza2-2023-06-18-1-1-450x338.jpeg 450w, https:\/\/radiorevelacionfm.cl\/wp-content\/uploads\/2023\/06\/Moviliza2-2023-06-18-1-1-600x450.jpeg 600w\" sizes=\"(max-width: 800px) 100vw, 800px\" \/><\/div><\/div><\/div><\/div><div class=\"flex_column av_one_full  flex_column_div av-zero-column-padding first  avia-builder-el-2  el_after_av_one_full  el_before_av_one_full  column-top-margin\" style='border-radius:0px; '><section class=\"av_textblock_section \"  itemscope=\"itemscope\" itemtype=\"https:\/\/schema.org\/BlogPosting\" itemprop=\"blogPost\" ><div class='avia_textblock  '   itemprop=\"text\" ><p style=\"text-align: center;\"><strong><span style=\"font-size: 18pt;\">Servicios p\u00fablicos realizan MovilizaDOS en Terminal de Buses de Coyhaique<\/span><\/strong><\/p>\n<div id=\"gtx-trans\" style=\"position: absolute; left: -50px; top: 4.31534px;\">\n<div class=\"gtx-trans-icon\"><\/div>\n<\/div>\n<\/div><\/section><\/div><div class=\"flex_column av_one_full  flex_column_div av-zero-column-padding first  avia-builder-el-4  el_after_av_one_full  el_before_av_hr  column-top-margin\" style='border-radius:0px; '><section class=\"av_textblock_section \"  itemscope=\"itemscope\" itemtype=\"https:\/\/schema.org\/BlogPosting\" itemprop=\"blogPost\" ><div class='avia_textblock  '   itemprop=\"text\" ><p style=\"text-align: justify;\">El viernes\u00a0 16 de junio, en el Terminal de Buses de Coyhaique, se realiz\u00f3 un nuevo MovilizaDOS, actividad que fue coordinada por la Divisi\u00f3n de Organizaciones Sociales (DOS) de la Seremi de Gobierno Regi\u00f3n de Ays\u00e9n, en la que diversos servicios p\u00fablicos instalaron stands, entregando informaci\u00f3n sobre la oferta estatal en planes y programas asociados a regularizaci\u00f3n de tr\u00e1mites, previsi\u00f3n y sector salud y derechos en la infancia, adem\u00e1s de un recorrido que realizaron funcionarios de la DOS y la Seremi de Gobierno por las dependencias del Terminal Regional de Buses entregando el bolet\u00edn InformaDOS y material gr\u00e1fico e informaci\u00f3n de las actividades de la Divisi\u00f3n de Organizaciones Sociales.<\/p>\n<p style=\"text-align: justify;\">Tatiana Pl\u00e1 \u00c1lvarez, vocera de Gobierno, se\u00f1al\u00f3: \u201cComo SEREMI de Gobierno de la regi\u00f3n de Ays\u00e9n estuvimos realizando esta actividad de difusi\u00f3n en la l\u00ednea que tiene la Divisi\u00f3n de Organizaciones Sociales (DOS), que se llama MovilizaDOS. Nosotros lo que hacemos es llevar distintos servicios p\u00fablicos que puedan dar atenci\u00f3n a la ciudadan\u00eda. En esta ocasi\u00f3n, estuvimos en el Terminal de Buses de Coyhaique, entregando informaci\u00f3n de servicios p\u00fablicos de inter\u00e9s para la ciudadan\u00eda como informaci\u00f3n de derechos laborales, derechos en la infancia, informaci\u00f3n del sector salud y se habilit\u00f3 un punto de vacunaci\u00f3n con la dupla, vacunas contra influenza y Covid\u201d.<\/p>\n<p style=\"text-align: justify;\">En la oportunidad, se realiz\u00f3 un recorrido por el Terminal de Buses de Coyhaique entregando material gr\u00e1fico de inter\u00e9s para los viajeros que sub\u00edan o bajaban de los buses en el lugar, tambi\u00e9n a quienes estaban esperando para abordar alg\u00fan bus hacia localidades m\u00e1s alejadas.<\/p>\n<p style=\"text-align: justify;\">Ana Mar\u00eda, usuaria del Terminal de Buses, se\u00f1al\u00f3: \u201cMe parece genial que se est\u00e9 haciendo esta actividad, porque el Terminal es un lugar donde viene y pasa mucha gente que necesita informaci\u00f3n, as\u00ed que ser\u00eda conveniente que se siguieran haciendo para entregarle m\u00e1s informaci\u00f3n a la comunidad, hay gente que viene del sector rural que no cuenta con los medios para informarse, as\u00ed que lo encuentro fant\u00e1stico\u201d.<\/p>\n<p style=\"text-align: justify;\">El departamento de Acci\u00f3n Sanitaria de la Seremi de Salud Ays\u00e9n tuvo una importante labor educativa y el punto de vacunaci\u00f3n estuvo administrando vacunas contra Influenza y Covid 19, la llamada Dupla, de esta forma las personas pod\u00edan cumplir con sus esquema de vacunaci\u00f3n y as\u00ed estar mejor preparadas y preparados para un eventual rebrote de estas enfermedades.<\/p>\n<p style=\"text-align: justify;\">Roc\u00edo Huiliqueo, enfermera equipo de vacunaci\u00f3n de la Seremi de Salud, destac\u00f3: \u201cestamos promoviendo la vacunaci\u00f3n en las personas que transitan por el Terminal de Buses, en cuanto a Influenza y Covid, sobre todo a adultos mayores de 65 a\u00f1os. Tambi\u00e9n estamos haciendo puerta a puerta en varios puntos de Coyhaique y adem\u00e1s tenemos un fono activo para agendar vacunaci\u00f3n a domicilio, para los grupos et\u00e1reos de riesgo, estas son vacunas de campa\u00f1a, no son las vacunas program\u00e1ticas que se le suministran a los ni\u00f1os, no est\u00e1n dentro del calendario de vacunaci\u00f3n, son aparte. Tenemos un n\u00famero de whatsapp al que nos pueden escribir un mensaje con la direcci\u00f3n, el nombre y RUT de la persona que requiere la vacuna, nosotros revisamos en el registro nacional de inmunizaci\u00f3n para ver cu\u00e1l le corresponde, el n\u00famero de whatsapp es el <strong>+56 942663376<\/strong>\u201d<\/p>\n<p style=\"text-align: justify;\">Los servicios p\u00fablicos que participaron en esta oportunidad fueron: SEREMI de Gobierno, Seremi de Salud, Aduanas, Carabineros de Chile, Junji y Seremi del Trabajo.<\/p>\n<\/div><\/section><\/div><div  style='height:50px' class='hr hr-invisible   avia-builder-el-6  el_after_av_one_full  el_before_av_social_share '><span class='hr-inner ' ><span class='hr-inner-style'><\/span><\/span><\/div><\/p>\n<div  class='av-social-sharing-box  avia-builder-el-7  el_after_av_hr  el_before_av_hr  '><div class='av-share-box'><h5 class='av-share-link-description av-no-toc '>Compartir esta noticia<\/h5><ul class='av-share-box-list noLightbox'><li class='av-share-link av-social-link-facebook' ><a target=\"_blank\" aria-label=\"Compartir en Facebook\" href='https:\/\/www.facebook.com\/sharer.php?u=https:\/\/radiorevelacionfm.cl\/?p=32185&#038;t=Servicios%20p%C3%BAblicos%20realizan%20MovilizaDOS%20en%20Terminal%20de%20Buses%20de%20Coyhaique' aria-hidden='false' data-av_icon='\ue8f3' data-av_iconfont='entypo-fontello' title='' data-avia-related-tooltip='Compartir en Facebook' rel=\"noopener\"><span class='avia_hidden_link_text'>Compartir en Facebook<\/span><\/a><\/li><li class='av-share-link av-social-link-twitter' ><a target=\"_blank\" aria-label=\"Compartir en Twitter\" href='https:\/\/twitter.com\/share?text=Servicios%20p%C3%BAblicos%20realizan%20MovilizaDOS%20en%20Terminal%20de%20Buses%20de%20Coyhaique&#038;url=https:\/\/radiorevelacionfm.cl\/?p=32185' aria-hidden='false' data-av_icon='\ue8f1' data-av_iconfont='entypo-fontello' title='' data-avia-related-tooltip='Compartir en Twitter' rel=\"noopener\"><span class='avia_hidden_link_text'>Compartir en Twitter<\/span><\/a><\/li><li class='av-share-link av-social-link-whatsapp' ><a target=\"_blank\" aria-label=\"Compartir en Whatsapp\" href='https:\/\/api.whatsapp.com\/send?text=https:\/\/radiorevelacionfm.cl\/?p=32185' aria-hidden='false' data-av_icon='\uf232' data-av_iconfont='entypo-fontello' title='' data-avia-related-tooltip='Compartir en Whatsapp' rel=\"noopener\"><span class='avia_hidden_link_text'>Compartir en Whatsapp<\/span><\/a><\/li><li class='av-share-link av-social-link-linkedin' ><a target=\"_blank\" aria-label=\"Compartir en LinkedIn\" href='https:\/\/linkedin.com\/shareArticle?mini=true&#038;title=Servicios%20p%C3%BAblicos%20realizan%20MovilizaDOS%20en%20Terminal%20de%20Buses%20de%20Coyhaique&#038;url=https:\/\/radiorevelacionfm.cl\/?p=32185' aria-hidden='false' data-av_icon='\ue8fc' data-av_iconfont='entypo-fontello' title='' data-avia-related-tooltip='Compartir en LinkedIn' rel=\"noopener\"><span class='avia_hidden_link_text'>Compartir en LinkedIn<\/span><\/a><\/li><li class='av-share-link av-social-link-mail' ><a  aria-label=\"Compartir por correo\" href='mailto:?subject=Servicios%20p%C3%BAblicos%20realizan%20MovilizaDOS%20en%20Terminal%20de%20Buses%20de%20Coyhaique&#038;body=https:\/\/radiorevelacionfm.cl\/?p=32185' aria-hidden='false' data-av_icon='\ue805' data-av_iconfont='entypo-fontello' title='' data-avia-related-tooltip='Compartir por correo'><span class='avia_hidden_link_text'>Compartir por correo<\/span><\/a><\/li><\/ul><\/div><\/div>\n<div  style='height:50px' class='hr hr-invisible   avia-builder-el-8  el_after_av_social_share  el_before_av_comments_list '><span class='hr-inner ' ><span class='hr-inner-style'><\/span><\/span><\/div>\n<div  class='av-buildercomment  av-blog-meta-html-info-disabled av-blog-meta-tag-disabled  '><\/div>\n","protected":false},"excerpt":{"rendered":"","protected":false},"author":1,"featured_media":32186,"comment_status":"open","ping_status":"open","sticky":false,"template":"","format":"standard","meta":{"footnotes":""},"categories":[38],"tags":[],"class_list":["post-32185","post","type-post","status-publish","format-standard","has-post-thumbnail","hentry","category-regional"],"jetpack_featured_media_url":"https:\/\/radiorevelacionfm.cl\/wp-content\/uploads\/2023\/06\/Moviliza2-2023-06-18-1-1.jpeg","_links":{"self":[{"href":"https:\/\/radiorevelacionfm.cl\/index.php?rest_route=\/wp\/v2\/posts\/32185","targetHints":{"allow":["GET"]}}],"collection":[{"href":"https:\/\/radiorevelacionfm.cl\/index.php?rest_route=\/wp\/v2\/posts"}],"about":[{"href":"https:\/\/radiorevelacionfm.cl\/index.php?rest_route=\/wp\/v2\/types\/post"}],"author":[{"embeddable":true,"href":"https:\/\/radiorevelacionfm.cl\/index.php?rest_route=\/wp\/v2\/users\/1"}],"replies":[{"embeddable":true,"href":"https:\/\/radiorevelacionfm.cl\/index.php?rest_route=%2Fwp%2Fv2%2Fcomments&post=32185"}],"version-history":[{"count":1,"href":"https:\/\/radiorevelacionfm.cl\/index.php?rest_route=\/wp\/v2\/posts\/32185\/revisions"}],"predecessor-version":[{"id":32187,"href":"https:\/\/radiorevelacionfm.cl\/index.php?rest_route=\/wp\/v2\/posts\/32185\/revisions\/32187"}],"wp:featuredmedia":[{"embeddable":true,"href":"https:\/\/radiorevelacionfm.cl\/index.php?rest_route=\/wp\/v2\/media\/32186"}],"wp:attachment":[{"href":"https:\/\/radiorevelacionfm.cl\/index.php?rest_route=%2Fwp%2Fv2%2Fmedia&parent=32185"}],"wp:term":[{"taxonomy":"category","embeddable":true,"href":"https:\/\/radiorevelacionfm.cl\/index.php?rest_route=%2Fwp%2Fv2%2Fcategories&post=32185"},{"taxonomy":"post_tag","embeddable":true,"href":"https:\/\/radiorevelacionfm.cl\/index.php?rest_route=%2Fwp%2Fv2%2Ftags&post=32185"}],"curies":[{"name":"wp","href":"https:\/\/api.w.org\/{rel}","templated":true}]}}