{"id":32182,"date":"2023-06-18T18:23:37","date_gmt":"2023-06-18T21:23:37","guid":{"rendered":"https:\/\/radiorevelacionfm.cl\/?p=32182"},"modified":"2023-06-18T18:23:37","modified_gmt":"2023-06-18T21:23:37","slug":"trabajo-colaborativo-busca-fijar-acciones-de-capacitacion-para-trabajadores-en-el-manejo-adecuado-de-residuos","status":"publish","type":"post","link":"https:\/\/radiorevelacionfm.cl\/?p=32182","title":{"rendered":"Trabajo colaborativo busca fijar acciones de capacitaci\u00f3n para trabajadores en el manejo adecuado de residuos"},"content":{"rendered":"<div class=\"flex_column av_one_full  flex_column_div av-zero-column-padding first  avia-builder-el-0  el_before_av_one_full  avia-builder-el-first  \" style='border-radius:0px; '><div  class='avia-image-container  av-styling-    avia-builder-el-1  avia-builder-el-no-sibling  avia-align-center '  itemprop=\"image\" itemscope=\"itemscope\" itemtype=\"https:\/\/schema.org\/ImageObject\"  ><div class='avia-image-container-inner'><div class='avia-image-overlay-wrap'><img decoding=\"async\" class='wp-image-32183 avia-img-lazy-loading-not-32183 avia_image' src=\"https:\/\/radiorevelacionfm.cl\/wp-content\/uploads\/2023\/06\/seremi-trabajo-bahamonde-1-1_optimized-1.jpg\" alt='' title='seremi-trabajo-bahamonde-1-(1)_optimized (1)' height=\"600\" width=\"969\"  itemprop=\"thumbnailUrl\" srcset=\"https:\/\/radiorevelacionfm.cl\/wp-content\/uploads\/2023\/06\/seremi-trabajo-bahamonde-1-1_optimized-1.jpg 969w, https:\/\/radiorevelacionfm.cl\/wp-content\/uploads\/2023\/06\/seremi-trabajo-bahamonde-1-1_optimized-1-300x186.jpg 300w, https:\/\/radiorevelacionfm.cl\/wp-content\/uploads\/2023\/06\/seremi-trabajo-bahamonde-1-1_optimized-1-768x476.jpg 768w, https:\/\/radiorevelacionfm.cl\/wp-content\/uploads\/2023\/06\/seremi-trabajo-bahamonde-1-1_optimized-1-705x437.jpg 705w, https:\/\/radiorevelacionfm.cl\/wp-content\/uploads\/2023\/06\/seremi-trabajo-bahamonde-1-1_optimized-1-450x279.jpg 450w, https:\/\/radiorevelacionfm.cl\/wp-content\/uploads\/2023\/06\/seremi-trabajo-bahamonde-1-1_optimized-1-600x372.jpg 600w\" sizes=\"(max-width: 969px) 100vw, 969px\" \/><\/div><\/div><\/div><\/div><div class=\"flex_column av_one_full  flex_column_div av-zero-column-padding first  avia-builder-el-2  el_after_av_one_full  el_before_av_one_full  column-top-margin\" style='border-radius:0px; '><section class=\"av_textblock_section \"  itemscope=\"itemscope\" itemtype=\"https:\/\/schema.org\/BlogPosting\" itemprop=\"blogPost\" ><div class='avia_textblock  '   itemprop=\"text\" ><p style=\"text-align: center;\"><strong><span style=\"font-size: 18pt;\">Trabajo colaborativo busca fijar acciones de capacitaci\u00f3n para trabajadores en el manejo adecuado de residuos<\/span><\/strong><\/p>\n<div id=\"gtx-trans\" style=\"position: absolute; left: -50px; top: 4.31534px;\">\n<div class=\"gtx-trans-icon\"><\/div>\n<\/div>\n<\/div><\/section><\/div><div class=\"flex_column av_one_full  flex_column_div av-zero-column-padding first  avia-builder-el-4  el_after_av_one_full  el_before_av_hr  column-top-margin\" style='border-radius:0px; '><section class=\"av_textblock_section \"  itemscope=\"itemscope\" itemtype=\"https:\/\/schema.org\/BlogPosting\" itemprop=\"blogPost\" ><div class='avia_textblock  '   itemprop=\"text\" ><p style=\"text-align: justify;\">Una productiva reuni\u00f3n sostuvo el Seremi del Trabajo Rodrigo D\u00edaz y la coordinadora regional de Chile Valora Valeska Valenzuela, con el gerente y representante de Empresas Bahamonde, Alejandro Bahamonde. En la instancia surgieron ideas de capacitaci\u00f3n a los trabajadores y trabajadoras de la entidad privada, con el fin de avanzar en el manejo adecuado de los residuos.<\/p>\n<p style=\"text-align: justify;\">\u201cTuvimos la visita del Seremi de Trabajo y la coordinadora regional de Chile Valora, la idea es trabajar en conjunto para llevar a cabo una capacitaci\u00f3n a todos nuestros operarios de los camiones recolectores, para que ellos puedan prestar un mejor servicio y lograr un mejor manejo de los residuos que se generan en la comuna de Ays\u00e9n. Esto debido a que hemos tenido varios accidentes, ya que, en el cami\u00f3n recolector depositan vidrios, latas, jeringas y hemos tenido varios cortes de los operarios de los camiones recolectores. As\u00ed es que, muy satisfecho por esta visita y vamos a realizar en conjunto varias tareas, que estaremos comunicando oportunamente\u201d, se\u00f1al\u00f3 Alejandro Bahamonde, gerente y representante de Empresas Bahamonde Puerto Ays\u00e9n.<\/p>\n<p style=\"text-align: justify;\">Por su parte, el Seremi de Trabajo y Previsi\u00f3n Social de la regi\u00f3n de Ays\u00e9n, Rodrigo D\u00edaz, rescat\u00f3 el buen desempe\u00f1o de la entidad privada con sus trabajadores y la comunidad.<\/p>\n<p style=\"text-align: justify;\">\u201cNos interesaba reunirnos con Empresas Bahamonde por el buen trabajo que est\u00e1 haciendo en la regi\u00f3n con sus trabajadores, con la comunidad y tambi\u00e9n en este trabajo colaborativo que estamos haciendo con Chile Valora, de tal manera que los trabajadores recolectores de residuos domiciliarios pueden certificarse como tales. As\u00ed es que, estuvimos conversando con ellos, con su equipo, de tal manera de poder ver la forma de avanzar en esto y destacando la cobertura que hoy tiene Chile Valora con su coordinadora a nivel regional, donde esperamos seguir avanzando en distintos sectores productivos\u201d.<\/p>\n<p style=\"text-align: justify;\">En tanto, Valeska Valenzuela, coordinadora regional de Chile Valora, rescat\u00f3 la instancia de dialogo y mostr\u00f3 toda la disposici\u00f3n de trabajar coordinadamente con Empresas Bahamonde.<\/p>\n<p style=\"text-align: justify;\">\u201cLa reuni\u00f3n que hoy sostuvimos con Empresas Bahamonde es de colaboraci\u00f3n inicial, para poder establecer l\u00edneas de trabajo en conjunto, que tengan que ver con la certificaci\u00f3n de competencias de sus trabajadores y trabajadoras que puedan ir en l\u00ednea con el perfil de reciclador base. As\u00ed es que, en esta instancia se establecieron esas primeras l\u00edneas de trabajo que vamos a desarrollar y a concretar, ojal\u00e1 en un corto tiempo\u201d.<\/p>\n<p style=\"text-align: justify;\">En la oportunidad junto con dialogar con el representante de la empresa, las autoridades tambi\u00e9n conversaron con los trabajadores y visitaron las instalaciones de los nuevos proyectos que llevar\u00e1 adelante Bahamonde, a contar de los pr\u00f3ximos meses.<\/p>\n<\/div><\/section><\/div><div  style='height:50px' class='hr hr-invisible   avia-builder-el-6  el_after_av_one_full  el_before_av_social_share '><span class='hr-inner ' ><span class='hr-inner-style'><\/span><\/span><\/div><\/p>\n<div  class='av-social-sharing-box  avia-builder-el-7  el_after_av_hr  el_before_av_hr  '><div class='av-share-box'><h5 class='av-share-link-description av-no-toc '>Compartir esta noticia<\/h5><ul class='av-share-box-list noLightbox'><li class='av-share-link av-social-link-facebook' ><a target=\"_blank\" aria-label=\"Compartir en Facebook\" href='https:\/\/www.facebook.com\/sharer.php?u=https:\/\/radiorevelacionfm.cl\/?p=32182&#038;t=Trabajo%20colaborativo%20busca%20fijar%20acciones%20de%20capacitaci%C3%B3n%20para%20trabajadores%20en%20el%20manejo%20adecuado%20de%20residuos' aria-hidden='false' data-av_icon='\ue8f3' data-av_iconfont='entypo-fontello' title='' data-avia-related-tooltip='Compartir en Facebook' rel=\"noopener\"><span class='avia_hidden_link_text'>Compartir en Facebook<\/span><\/a><\/li><li class='av-share-link av-social-link-twitter' ><a target=\"_blank\" aria-label=\"Compartir en Twitter\" href='https:\/\/twitter.com\/share?text=Trabajo%20colaborativo%20busca%20fijar%20acciones%20de%20capacitaci%C3%B3n%20para%20trabajadores%20en%20el%20manejo%20adecuado%20de%20residuos&#038;url=https:\/\/radiorevelacionfm.cl\/?p=32182' aria-hidden='false' data-av_icon='\ue8f1' data-av_iconfont='entypo-fontello' title='' data-avia-related-tooltip='Compartir en Twitter' rel=\"noopener\"><span class='avia_hidden_link_text'>Compartir en Twitter<\/span><\/a><\/li><li class='av-share-link av-social-link-whatsapp' ><a target=\"_blank\" aria-label=\"Compartir en Whatsapp\" href='https:\/\/api.whatsapp.com\/send?text=https:\/\/radiorevelacionfm.cl\/?p=32182' aria-hidden='false' data-av_icon='\uf232' data-av_iconfont='entypo-fontello' title='' data-avia-related-tooltip='Compartir en Whatsapp' rel=\"noopener\"><span class='avia_hidden_link_text'>Compartir en Whatsapp<\/span><\/a><\/li><li class='av-share-link av-social-link-linkedin' ><a target=\"_blank\" aria-label=\"Compartir en LinkedIn\" href='https:\/\/linkedin.com\/shareArticle?mini=true&#038;title=Trabajo%20colaborativo%20busca%20fijar%20acciones%20de%20capacitaci%C3%B3n%20para%20trabajadores%20en%20el%20manejo%20adecuado%20de%20residuos&#038;url=https:\/\/radiorevelacionfm.cl\/?p=32182' aria-hidden='false' data-av_icon='\ue8fc' data-av_iconfont='entypo-fontello' title='' data-avia-related-tooltip='Compartir en LinkedIn' rel=\"noopener\"><span class='avia_hidden_link_text'>Compartir en LinkedIn<\/span><\/a><\/li><li class='av-share-link av-social-link-mail' ><a  aria-label=\"Compartir por correo\" href='mailto:?subject=Trabajo%20colaborativo%20busca%20fijar%20acciones%20de%20capacitaci%C3%B3n%20para%20trabajadores%20en%20el%20manejo%20adecuado%20de%20residuos&#038;body=https:\/\/radiorevelacionfm.cl\/?p=32182' aria-hidden='false' data-av_icon='\ue805' data-av_iconfont='entypo-fontello' title='' data-avia-related-tooltip='Compartir por correo'><span class='avia_hidden_link_text'>Compartir por correo<\/span><\/a><\/li><\/ul><\/div><\/div>\n<div  style='height:50px' class='hr hr-invisible   avia-builder-el-8  el_after_av_social_share  el_before_av_comments_list '><span class='hr-inner ' ><span class='hr-inner-style'><\/span><\/span><\/div>\n<div  class='av-buildercomment  av-blog-meta-html-info-disabled av-blog-meta-tag-disabled  '><\/div>\n","protected":false},"excerpt":{"rendered":"","protected":false},"author":1,"featured_media":32183,"comment_status":"open","ping_status":"open","sticky":false,"template":"","format":"standard","meta":{"footnotes":""},"categories":[38],"tags":[],"class_list":["post-32182","post","type-post","status-publish","format-standard","has-post-thumbnail","hentry","category-regional"],"jetpack_featured_media_url":"https:\/\/radiorevelacionfm.cl\/wp-content\/uploads\/2023\/06\/seremi-trabajo-bahamonde-1-1_optimized-1.jpg","_links":{"self":[{"href":"https:\/\/radiorevelacionfm.cl\/index.php?rest_route=\/wp\/v2\/posts\/32182","targetHints":{"allow":["GET"]}}],"collection":[{"href":"https:\/\/radiorevelacionfm.cl\/index.php?rest_route=\/wp\/v2\/posts"}],"about":[{"href":"https:\/\/radiorevelacionfm.cl\/index.php?rest_route=\/wp\/v2\/types\/post"}],"author":[{"embeddable":true,"href":"https:\/\/radiorevelacionfm.cl\/index.php?rest_route=\/wp\/v2\/users\/1"}],"replies":[{"embeddable":true,"href":"https:\/\/radiorevelacionfm.cl\/index.php?rest_route=%2Fwp%2Fv2%2Fcomments&post=32182"}],"version-history":[{"count":1,"href":"https:\/\/radiorevelacionfm.cl\/index.php?rest_route=\/wp\/v2\/posts\/32182\/revisions"}],"predecessor-version":[{"id":32184,"href":"https:\/\/radiorevelacionfm.cl\/index.php?rest_route=\/wp\/v2\/posts\/32182\/revisions\/32184"}],"wp:featuredmedia":[{"embeddable":true,"href":"https:\/\/radiorevelacionfm.cl\/index.php?rest_route=\/wp\/v2\/media\/32183"}],"wp:attachment":[{"href":"https:\/\/radiorevelacionfm.cl\/index.php?rest_route=%2Fwp%2Fv2%2Fmedia&parent=32182"}],"wp:term":[{"taxonomy":"category","embeddable":true,"href":"https:\/\/radiorevelacionfm.cl\/index.php?rest_route=%2Fwp%2Fv2%2Fcategories&post=32182"},{"taxonomy":"post_tag","embeddable":true,"href":"https:\/\/radiorevelacionfm.cl\/index.php?rest_route=%2Fwp%2Fv2%2Ftags&post=32182"}],"curies":[{"name":"wp","href":"https:\/\/api.w.org\/{rel}","templated":true}]}}