{"id":32176,"date":"2023-06-18T16:57:55","date_gmt":"2023-06-18T19:57:55","guid":{"rendered":"https:\/\/radiorevelacionfm.cl\/?p=32176"},"modified":"2023-06-18T17:01:28","modified_gmt":"2023-06-18T20:01:28","slug":"senadora-ordenes-y-concejal-valdes-sostienen-reunion-con-comision-nacional-de-energia-con-miras-a-reducir-los-costos-de-electricidad-en-puerto-cisnes","status":"publish","type":"post","link":"https:\/\/radiorevelacionfm.cl\/?p=32176","title":{"rendered":"Senadora \u00d3rdenes y Concejal Vald\u00e9s sostienen reuni\u00f3n con Comisi\u00f3n Nacional de Energ\u00eda con miras a reducir los costos de electricidad en Puerto Cisnes"},"content":{"rendered":"<div class=\"flex_column av_one_full  flex_column_div av-zero-column-padding first  avia-builder-el-0  el_before_av_one_full  avia-builder-el-first  \" style='border-radius:0px; '><div  class='avia-image-container  av-styling-    avia-builder-el-1  avia-builder-el-no-sibling  avia-align-center '  itemprop=\"image\" itemscope=\"itemscope\" itemtype=\"https:\/\/schema.org\/ImageObject\"  ><div class='avia-image-container-inner'><div class='avia-image-overlay-wrap'><img decoding=\"async\" class='wp-image-32179 avia-img-lazy-loading-not-32179 avia_image' src=\"https:\/\/radiorevelacionfm.cl\/wp-content\/uploads\/2023\/06\/CNE-2023-2-1.jpg\" alt='' title='CNE 2023 (2) (1)' height=\"600\" width=\"865\"  itemprop=\"thumbnailUrl\" srcset=\"https:\/\/radiorevelacionfm.cl\/wp-content\/uploads\/2023\/06\/CNE-2023-2-1.jpg 865w, https:\/\/radiorevelacionfm.cl\/wp-content\/uploads\/2023\/06\/CNE-2023-2-1-300x208.jpg 300w, https:\/\/radiorevelacionfm.cl\/wp-content\/uploads\/2023\/06\/CNE-2023-2-1-768x533.jpg 768w, https:\/\/radiorevelacionfm.cl\/wp-content\/uploads\/2023\/06\/CNE-2023-2-1-705x489.jpg 705w, https:\/\/radiorevelacionfm.cl\/wp-content\/uploads\/2023\/06\/CNE-2023-2-1-450x312.jpg 450w, https:\/\/radiorevelacionfm.cl\/wp-content\/uploads\/2023\/06\/CNE-2023-2-1-600x416.jpg 600w\" sizes=\"(max-width: 865px) 100vw, 865px\" \/><\/div><\/div><\/div><\/div><div class=\"flex_column av_one_full  flex_column_div av-zero-column-padding first  avia-builder-el-2  el_after_av_one_full  el_before_av_one_full  column-top-margin\" style='border-radius:0px; '><section class=\"av_textblock_section \"  itemscope=\"itemscope\" itemtype=\"https:\/\/schema.org\/BlogPosting\" itemprop=\"blogPost\" ><div class='avia_textblock  '   itemprop=\"text\" ><p style=\"text-align: center;\"><strong><span style=\"font-size: 18pt;\">Senadora \u00d3rdenes y Concejal Vald\u00e9s sostienen reuni\u00f3n con Comisi\u00f3n Nacional de Energ\u00eda con miras a reducir los costos de electricidad en Puerto Cisnes<\/span><\/strong><\/p>\n<div id=\"gtx-trans\" style=\"position: absolute; left: -50px; top: 4.31534px;\">\n<div class=\"gtx-trans-icon\"><\/div>\n<\/div>\n<\/div><\/section><\/div><\/p>\n<div class=\"flex_column av_one_full  flex_column_div av-zero-column-padding first  avia-builder-el-4  el_after_av_one_full  el_before_av_hr  column-top-margin\" style='border-radius:0px; '><section class=\"av_textblock_section \"  itemscope=\"itemscope\" itemtype=\"https:\/\/schema.org\/BlogPosting\" itemprop=\"blogPost\" ><div class='avia_textblock  '   itemprop=\"text\" ><p style=\"text-align: justify;\">Una importante reuni\u00f3n sostuvo la Senadora Ximena \u00d3rdenes y el concejal Carlos Vald\u00e9s, con Marco Antonio Mancilla Secretario Ejecutivo de la Comisi\u00f3n Nacional de Energ\u00eda, quien manifest\u00f3 que falta poco para que se apruebe el informe que permitir\u00e1 cobrar valores m\u00e1s bajos de la electricidad en Puerto Cisnes.<\/p>\n<p style=\"text-align: justify;\">Cabe recordar que, este trabajo se viene realizando por ambas autoridades hace m\u00e1s de dos a\u00f1os, con el fin de poder reducir la tarifa el\u00e9ctrica. Para ello, la empresa generadora debe hacer inversiones que le permitan entre otros aspectos, aumentar la capacidad de generaci\u00f3n desde el actual sistema Peque\u00f1o de Producci\u00f3n a un Sistema Mediano de energ\u00eda. Para dar curso progresivo al proceso de expansi\u00f3n de las instalaciones de generaci\u00f3n y transmisi\u00f3n, la Comisi\u00f3n Nacional de Energ\u00eda debe aprobar un Informe de Plan de Expansi\u00f3n de la Empresa que da cuenta de las inversiones y los c\u00e1lculos que permiten realizar dicha rebaja.<\/p>\n<p style=\"text-align: justify;\">La Senadora Ximena \u00d3rdenes luego de la reuni\u00f3n en la Comisi\u00f3n Nacional de Energ\u00eda se\u00f1alo que, \u201cconstituye una preocupaci\u00f3n que el valor sea\u00a0$\/KWh\u00a0270, pudiendo reducirse a\u00a0$\/KWh 147, aproximados. Con esta modificaci\u00f3n se\u00a0permitir\u00e1 una mayor equidad tarifaria para toda la regi\u00f3n y Puerto Cisnes pague menos por la luz, de esta forma disminuimos las inequidades que tienen las zonas aislada de la regi\u00f3n\u201d.<\/p>\n<p style=\"text-align: justify;\">Por su Parte el Concejal de Cisnes, Carlos Vald\u00e9s, manifest\u00f3 que, \u201clos tiempos que se comunicaron en un comienzo, no son los que uno espera conocer, en la reuni\u00f3n se nos inform\u00f3 del proceso completo y como tanto el Estado a trav\u00e9s de la Comisi\u00f3n Nacional de Energ\u00eda y las Empresas El\u00e9ctricas, contribuyen para reducir los costos, de las tarifas, se estima poder contar con esta reducci\u00f3n para el primer semestre 2024\u201d.<\/p>\n<\/div><\/section><\/div>\n<div  style='height:50px' class='hr hr-invisible   avia-builder-el-6  el_after_av_one_full  el_before_av_social_share '><span class='hr-inner ' ><span class='hr-inner-style'><\/span><\/span><\/div>\n<div  class='av-social-sharing-box  avia-builder-el-7  el_after_av_hr  el_before_av_hr  '><div class='av-share-box'><h5 class='av-share-link-description av-no-toc '>Compartir esta noticia<\/h5><ul class='av-share-box-list noLightbox'><li class='av-share-link av-social-link-facebook' ><a target=\"_blank\" aria-label=\"Compartir en Facebook\" href='https:\/\/www.facebook.com\/sharer.php?u=https:\/\/radiorevelacionfm.cl\/?p=32176&#038;t=Senadora%20%C3%93rdenes%20y%20Concejal%20Vald%C3%A9s%20sostienen%20reuni%C3%B3n%20con%20Comisi%C3%B3n%20Nacional%20de%20Energ%C3%ADa%20con%20miras%20a%20reducir%20los%20costos%20de%20electricidad%20en%20Puerto%20Cisnes' aria-hidden='false' data-av_icon='\ue8f3' data-av_iconfont='entypo-fontello' title='' data-avia-related-tooltip='Compartir en Facebook' rel=\"noopener\"><span class='avia_hidden_link_text'>Compartir en Facebook<\/span><\/a><\/li><li class='av-share-link av-social-link-twitter' ><a target=\"_blank\" aria-label=\"Compartir en Twitter\" href='https:\/\/twitter.com\/share?text=Senadora%20%C3%93rdenes%20y%20Concejal%20Vald%C3%A9s%20sostienen%20reuni%C3%B3n%20con%20Comisi%C3%B3n%20Nacional%20de%20Energ%C3%ADa%20con%20miras%20a%20reducir%20los%20costos%20de%20electricidad%20en%20Puerto%20Cisnes&#038;url=https:\/\/radiorevelacionfm.cl\/?p=32176' aria-hidden='false' data-av_icon='\ue8f1' data-av_iconfont='entypo-fontello' title='' data-avia-related-tooltip='Compartir en Twitter' rel=\"noopener\"><span class='avia_hidden_link_text'>Compartir en Twitter<\/span><\/a><\/li><li class='av-share-link av-social-link-whatsapp' ><a target=\"_blank\" aria-label=\"Compartir en Whatsapp\" href='https:\/\/api.whatsapp.com\/send?text=https:\/\/radiorevelacionfm.cl\/?p=32176' aria-hidden='false' data-av_icon='\uf232' data-av_iconfont='entypo-fontello' title='' data-avia-related-tooltip='Compartir en Whatsapp' rel=\"noopener\"><span class='avia_hidden_link_text'>Compartir en Whatsapp<\/span><\/a><\/li><li class='av-share-link av-social-link-linkedin' ><a target=\"_blank\" aria-label=\"Compartir en LinkedIn\" href='https:\/\/linkedin.com\/shareArticle?mini=true&#038;title=Senadora%20%C3%93rdenes%20y%20Concejal%20Vald%C3%A9s%20sostienen%20reuni%C3%B3n%20con%20Comisi%C3%B3n%20Nacional%20de%20Energ%C3%ADa%20con%20miras%20a%20reducir%20los%20costos%20de%20electricidad%20en%20Puerto%20Cisnes&#038;url=https:\/\/radiorevelacionfm.cl\/?p=32176' aria-hidden='false' data-av_icon='\ue8fc' data-av_iconfont='entypo-fontello' title='' data-avia-related-tooltip='Compartir en LinkedIn' rel=\"noopener\"><span class='avia_hidden_link_text'>Compartir en LinkedIn<\/span><\/a><\/li><li class='av-share-link av-social-link-mail' ><a  aria-label=\"Compartir por correo\" href='mailto:?subject=Senadora%20%C3%93rdenes%20y%20Concejal%20Vald%C3%A9s%20sostienen%20reuni%C3%B3n%20con%20Comisi%C3%B3n%20Nacional%20de%20Energ%C3%ADa%20con%20miras%20a%20reducir%20los%20costos%20de%20electricidad%20en%20Puerto%20Cisnes&#038;body=https:\/\/radiorevelacionfm.cl\/?p=32176' aria-hidden='false' data-av_icon='\ue805' data-av_iconfont='entypo-fontello' title='' data-avia-related-tooltip='Compartir por correo'><span class='avia_hidden_link_text'>Compartir por correo<\/span><\/a><\/li><\/ul><\/div><\/div>\n<div  style='height:50px' class='hr hr-invisible   avia-builder-el-8  el_after_av_social_share  el_before_av_comments_list '><span class='hr-inner ' ><span class='hr-inner-style'><\/span><\/span><\/div>\n<div  class='av-buildercomment  av-blog-meta-html-info-disabled av-blog-meta-tag-disabled  '><\/div>\n","protected":false},"excerpt":{"rendered":"","protected":false},"author":1,"featured_media":32179,"comment_status":"open","ping_status":"open","sticky":false,"template":"","format":"standard","meta":{"footnotes":""},"categories":[38],"tags":[],"class_list":["post-32176","post","type-post","status-publish","format-standard","has-post-thumbnail","hentry","category-regional"],"jetpack_featured_media_url":"https:\/\/radiorevelacionfm.cl\/wp-content\/uploads\/2023\/06\/CNE-2023-2-1.jpg","_links":{"self":[{"href":"https:\/\/radiorevelacionfm.cl\/index.php?rest_route=\/wp\/v2\/posts\/32176","targetHints":{"allow":["GET"]}}],"collection":[{"href":"https:\/\/radiorevelacionfm.cl\/index.php?rest_route=\/wp\/v2\/posts"}],"about":[{"href":"https:\/\/radiorevelacionfm.cl\/index.php?rest_route=\/wp\/v2\/types\/post"}],"author":[{"embeddable":true,"href":"https:\/\/radiorevelacionfm.cl\/index.php?rest_route=\/wp\/v2\/users\/1"}],"replies":[{"embeddable":true,"href":"https:\/\/radiorevelacionfm.cl\/index.php?rest_route=%2Fwp%2Fv2%2Fcomments&post=32176"}],"version-history":[{"count":3,"href":"https:\/\/radiorevelacionfm.cl\/index.php?rest_route=\/wp\/v2\/posts\/32176\/revisions"}],"predecessor-version":[{"id":32181,"href":"https:\/\/radiorevelacionfm.cl\/index.php?rest_route=\/wp\/v2\/posts\/32176\/revisions\/32181"}],"wp:featuredmedia":[{"embeddable":true,"href":"https:\/\/radiorevelacionfm.cl\/index.php?rest_route=\/wp\/v2\/media\/32179"}],"wp:attachment":[{"href":"https:\/\/radiorevelacionfm.cl\/index.php?rest_route=%2Fwp%2Fv2%2Fmedia&parent=32176"}],"wp:term":[{"taxonomy":"category","embeddable":true,"href":"https:\/\/radiorevelacionfm.cl\/index.php?rest_route=%2Fwp%2Fv2%2Fcategories&post=32176"},{"taxonomy":"post_tag","embeddable":true,"href":"https:\/\/radiorevelacionfm.cl\/index.php?rest_route=%2Fwp%2Fv2%2Ftags&post=32176"}],"curies":[{"name":"wp","href":"https:\/\/api.w.org\/{rel}","templated":true}]}}