{"id":32170,"date":"2023-06-17T21:06:01","date_gmt":"2023-06-18T00:06:01","guid":{"rendered":"https:\/\/radiorevelacionfm.cl\/?p=32170"},"modified":"2023-06-17T21:06:01","modified_gmt":"2023-06-18T00:06:01","slug":"bono-invierno-aumenta-a-134-767-y-beneficiara-a-mas-de-9-500-adultos-mayores-en-la-region","status":"publish","type":"post","link":"https:\/\/radiorevelacionfm.cl\/?p=32170","title":{"rendered":"Bono Invierno aumenta a $134.767 y beneficiar\u00e1 a m\u00e1s de 9.500 adultos mayores en la regi\u00f3n"},"content":{"rendered":"<div class=\"flex_column av_one_full  flex_column_div av-zero-column-padding first  avia-builder-el-0  el_before_av_one_full  avia-builder-el-first  \" style='border-radius:0px; '><div  class='avia-image-container  av-styling-    avia-builder-el-1  avia-builder-el-no-sibling  avia-align-center '  itemprop=\"image\" itemscope=\"itemscope\" itemtype=\"https:\/\/schema.org\/ImageObject\"  ><div class='avia-image-container-inner'><div class='avia-image-overlay-wrap'><img decoding=\"async\" class='wp-image-32171 avia-img-lazy-loading-not-32171 avia_image' src=\"https:\/\/radiorevelacionfm.cl\/wp-content\/uploads\/2023\/06\/diario-1_optimized-1.jpg\" alt='' title='diario-(1)_optimized (1)' height=\"600\" width=\"1212\"  itemprop=\"thumbnailUrl\" srcset=\"https:\/\/radiorevelacionfm.cl\/wp-content\/uploads\/2023\/06\/diario-1_optimized-1.jpg 1212w, https:\/\/radiorevelacionfm.cl\/wp-content\/uploads\/2023\/06\/diario-1_optimized-1-300x149.jpg 300w, https:\/\/radiorevelacionfm.cl\/wp-content\/uploads\/2023\/06\/diario-1_optimized-1-1030x510.jpg 1030w, https:\/\/radiorevelacionfm.cl\/wp-content\/uploads\/2023\/06\/diario-1_optimized-1-768x380.jpg 768w, https:\/\/radiorevelacionfm.cl\/wp-content\/uploads\/2023\/06\/diario-1_optimized-1-705x349.jpg 705w, https:\/\/radiorevelacionfm.cl\/wp-content\/uploads\/2023\/06\/diario-1_optimized-1-450x223.jpg 450w, https:\/\/radiorevelacionfm.cl\/wp-content\/uploads\/2023\/06\/diario-1_optimized-1-600x297.jpg 600w\" sizes=\"(max-width: 1212px) 100vw, 1212px\" \/><\/div><\/div><\/div><\/div><div class=\"flex_column av_one_full  flex_column_div av-zero-column-padding first  avia-builder-el-2  el_after_av_one_full  el_before_av_one_full  column-top-margin\" style='border-radius:0px; '><section class=\"av_textblock_section \"  itemscope=\"itemscope\" itemtype=\"https:\/\/schema.org\/BlogPosting\" itemprop=\"blogPost\" ><div class='avia_textblock  '   itemprop=\"text\" ><p style=\"text-align: center;\"><strong><span style=\"font-size: 18pt;\">Bono Invierno aumenta a $134.767 y beneficiar\u00e1 a m\u00e1s de 9.500 adultos mayores en la regi\u00f3n <\/span><\/strong><\/p>\n<div id=\"gtx-trans\" style=\"position: absolute; left: -50px; top: 4.31534px;\">\n<div class=\"gtx-trans-icon\"><\/div>\n<\/div>\n<\/div><\/section><\/div><div class=\"flex_column av_one_full  flex_column_div av-zero-column-padding first  avia-builder-el-4  el_after_av_one_full  el_before_av_hr  column-top-margin\" style='border-radius:0px; '><section class=\"av_textblock_section \"  itemscope=\"itemscope\" itemtype=\"https:\/\/schema.org\/BlogPosting\" itemprop=\"blogPost\" ><div class='avia_textblock  '   itemprop=\"text\" ><p style=\"text-align: justify;\">En el marco de una masiva asistencia de dirigentes y personas mayores que participaron del primer encuentro intergeneracional 2023 organizado por Servicio Nacional del Adulto Mayor (SENAMA) en conmemoraci\u00f3n del D\u00eda Internacional Contra el Maltrato a las Personas Mayores, diversas autoridades de gobierno y representantes de organizaciones destacaron la reciente aprobaci\u00f3n del hist\u00f3rico aumento del Bono Invierno que pas\u00f3 desde los $74.767 pagados en mayo a una segunda cuota de $60.000 que lo har\u00e1 llegar a m\u00e1s de $137.000, beneficiando de esta forma a m\u00e1s de 1 mill\u00f3n 600 mil personas en Chile y en la regi\u00f3n de Ays\u00e9n a m\u00e1s de 9.500 adultos mayores.<\/p>\n<p style=\"text-align: justify;\">Karina Acevedo Auad, SEREMI de Desarrollo Social y presidenta del Comit\u00e9 Regional del Adulto Mayor, que particip\u00f3 de esta actividad que se ejecuta a trav\u00e9s de la pol\u00edtica nacional de Buen Trato canalizada por Senama destac\u00f3 que \u201clo que m\u00e1s dialogamos y sobre lo que recibimos algunas consultas fue por la segunda cuota del Bono Invierno, una buena noticia que le pudimos dar a las personas mayores y explicar que se materializar\u00e1 en la pr\u00f3xima colilla de pensi\u00f3n con un bono extraordinario de $60 mil. Estamos dando cumplimiento a los compromisos que hemos asumido como Gobierno y eso no hace muy felices\u201d.<\/p>\n<p style=\"text-align: justify;\">Uno de los Consejeros Regionales de SENAMA, Juvenal C\u00e1rcamo Larenas, agradeci\u00f3 al Presidente Gabriel Boric por la iniciativa que se concret\u00f3 a menos de un mes de haber sido anunciada. \u201cEste es un d\u00eda muy especial y muestra de un trabajo que sido mancomunado con la ciudadan\u00eda. Somos alrededor de 3 millones y medio de personas mayores que estamos recibiendo muchas garant\u00edas del Gobierno as\u00ed es que en este d\u00eda que se celebra la No Violencia Contra el Adulto Mayor es s\u00faper importante que las adultos mayores participen para que sepan qu\u00e9 se est\u00e1 haciendo, c\u00f3mo vamos avanzando y c\u00f3mo las leyes van materializ\u00e1ndose a trav\u00e9s del tiempo seg\u00fan lo que ha trazado el Presidente\u201d.<\/p>\n<p style=\"text-align: justify;\">Rodrigo D\u00edaz, Seremi del Trabajo y Previsi\u00f3n Social, sector a cargo de materializar este aumento extraordinario del Bono Marzo a trav\u00e9s del pago autom\u00e1tico de las pensiones de los beneficiarios, explic\u00f3 que \u201cel Presidente Gabriel Boric est\u00e1 cumpliendo con lo comprometido y aqu\u00ed junto a la Seremi de Desarrollo Social y la representante del Delegado Presidencial estamos dando a conocer a las personas mayores que se agregan $60.000 como bono extra de invierno, beneficiando a m\u00e1s de 9.500 personas y una inversi\u00f3n de m\u00e1s de $700 millones en la Regi\u00f3n de Ays\u00e9n que ser\u00e1n pagados a trav\u00e9s del IPS, Chile Atiende, algo que nos deja muy contento porque seguimos avanzando\u201d.<\/p>\n<p style=\"text-align: justify;\">Por su parte, Tatiana Pla, Seremi de Gobierno de la Regi\u00f3n de Ays\u00e9n, destac\u00f3 que este beneficio que el Senado aprob\u00f3 por unanimidad, aumenta de forma excepcional el bono invierno en $60.000y que qued\u00f3 listo para convertirse en ley tras una semana de tr\u00e1mite legislativo. \u201cEn esta jornada de SENAMA nos encontramos conmemorando el D\u00eda Internacional Contra el Maltrato de Personas Mayores y adem\u00e1s como Gobierno dando la buena noticia de este aumento en el Bono Invierno. El Presidente Boric lo anunci\u00f3 en su Cuenta P\u00fablica y en una semana se present\u00f3 el proyecto de ley. Ahora estamos celebrando esta tremenda buena noticia para las personas mayores\u201d.<\/p>\n<p style=\"text-align: justify;\">Respecto a la actividad intergeneracional, Nicol\u00e1s Quilodr\u00e1n, coordinador de SENAMA, explic\u00f3 que \u201cen este d\u00eda de la toma de conciencia del abuso y maltrato a la vejez el Presidente Gabriel Boric lanza la campa\u00f1a \u201cBuen trato, trato hecho\u201d que busca concientizar a las personas de todas las generaciones a c\u00f3mo nos relacionamos con las personas mayores y c\u00f3mo entendemos las experiencias, entendiendo la importancia cultural de quienes nos anteceden, entendiendo que las experiencias humanos son complejas y distintas, pero a la vez tenemos experiencias en com\u00fan. Lo que tratamos de hacer con esta campa\u00f1a: volver a humanizarnos, entendernos\u00a0 y comunicarnos de mejor manera\u201d.<\/p>\n<\/div><\/section><\/div><div  style='height:50px' class='hr hr-invisible   avia-builder-el-6  el_after_av_one_full  el_before_av_social_share '><span class='hr-inner ' ><span class='hr-inner-style'><\/span><\/span><\/div><\/p>\n<div  class='av-social-sharing-box  avia-builder-el-7  el_after_av_hr  el_before_av_hr  '><div class='av-share-box'><h5 class='av-share-link-description av-no-toc '>Compartir esta noticia<\/h5><ul class='av-share-box-list noLightbox'><li class='av-share-link av-social-link-facebook' ><a target=\"_blank\" aria-label=\"Compartir en Facebook\" href='https:\/\/www.facebook.com\/sharer.php?u=https:\/\/radiorevelacionfm.cl\/?p=32170&#038;t=Bono%20Invierno%20aumenta%20a%20%24134.767%20y%20beneficiar%C3%A1%20a%20m%C3%A1s%20de%209.500%20adultos%20mayores%20en%20la%20regi%C3%B3n' aria-hidden='false' data-av_icon='\ue8f3' data-av_iconfont='entypo-fontello' title='' data-avia-related-tooltip='Compartir en Facebook' rel=\"noopener\"><span class='avia_hidden_link_text'>Compartir en Facebook<\/span><\/a><\/li><li class='av-share-link av-social-link-twitter' ><a target=\"_blank\" aria-label=\"Compartir en Twitter\" href='https:\/\/twitter.com\/share?text=Bono%20Invierno%20aumenta%20a%20%24134.767%20y%20beneficiar%C3%A1%20a%20m%C3%A1s%20de%209.500%20adultos%20mayores%20en%20la%20regi%C3%B3n&#038;url=https:\/\/radiorevelacionfm.cl\/?p=32170' aria-hidden='false' data-av_icon='\ue8f1' data-av_iconfont='entypo-fontello' title='' data-avia-related-tooltip='Compartir en Twitter' rel=\"noopener\"><span class='avia_hidden_link_text'>Compartir en Twitter<\/span><\/a><\/li><li class='av-share-link av-social-link-whatsapp' ><a target=\"_blank\" aria-label=\"Compartir en Whatsapp\" href='https:\/\/api.whatsapp.com\/send?text=https:\/\/radiorevelacionfm.cl\/?p=32170' aria-hidden='false' data-av_icon='\uf232' data-av_iconfont='entypo-fontello' title='' data-avia-related-tooltip='Compartir en Whatsapp' rel=\"noopener\"><span class='avia_hidden_link_text'>Compartir en Whatsapp<\/span><\/a><\/li><li class='av-share-link av-social-link-linkedin' ><a target=\"_blank\" aria-label=\"Compartir en LinkedIn\" href='https:\/\/linkedin.com\/shareArticle?mini=true&#038;title=Bono%20Invierno%20aumenta%20a%20%24134.767%20y%20beneficiar%C3%A1%20a%20m%C3%A1s%20de%209.500%20adultos%20mayores%20en%20la%20regi%C3%B3n&#038;url=https:\/\/radiorevelacionfm.cl\/?p=32170' aria-hidden='false' data-av_icon='\ue8fc' data-av_iconfont='entypo-fontello' title='' data-avia-related-tooltip='Compartir en LinkedIn' rel=\"noopener\"><span class='avia_hidden_link_text'>Compartir en LinkedIn<\/span><\/a><\/li><li class='av-share-link av-social-link-mail' ><a  aria-label=\"Compartir por correo\" href='mailto:?subject=Bono%20Invierno%20aumenta%20a%20%24134.767%20y%20beneficiar%C3%A1%20a%20m%C3%A1s%20de%209.500%20adultos%20mayores%20en%20la%20regi%C3%B3n&#038;body=https:\/\/radiorevelacionfm.cl\/?p=32170' aria-hidden='false' data-av_icon='\ue805' data-av_iconfont='entypo-fontello' title='' data-avia-related-tooltip='Compartir por correo'><span class='avia_hidden_link_text'>Compartir por correo<\/span><\/a><\/li><\/ul><\/div><\/div>\n<div  style='height:50px' class='hr hr-invisible   avia-builder-el-8  el_after_av_social_share  el_before_av_comments_list '><span class='hr-inner ' ><span class='hr-inner-style'><\/span><\/span><\/div>\n<div  class='av-buildercomment  av-blog-meta-html-info-disabled av-blog-meta-tag-disabled  '><\/div>\n","protected":false},"excerpt":{"rendered":"","protected":false},"author":1,"featured_media":32171,"comment_status":"open","ping_status":"open","sticky":false,"template":"","format":"standard","meta":{"footnotes":""},"categories":[38],"tags":[],"class_list":["post-32170","post","type-post","status-publish","format-standard","has-post-thumbnail","hentry","category-regional"],"jetpack_featured_media_url":"https:\/\/radiorevelacionfm.cl\/wp-content\/uploads\/2023\/06\/diario-1_optimized-1.jpg","_links":{"self":[{"href":"https:\/\/radiorevelacionfm.cl\/index.php?rest_route=\/wp\/v2\/posts\/32170","targetHints":{"allow":["GET"]}}],"collection":[{"href":"https:\/\/radiorevelacionfm.cl\/index.php?rest_route=\/wp\/v2\/posts"}],"about":[{"href":"https:\/\/radiorevelacionfm.cl\/index.php?rest_route=\/wp\/v2\/types\/post"}],"author":[{"embeddable":true,"href":"https:\/\/radiorevelacionfm.cl\/index.php?rest_route=\/wp\/v2\/users\/1"}],"replies":[{"embeddable":true,"href":"https:\/\/radiorevelacionfm.cl\/index.php?rest_route=%2Fwp%2Fv2%2Fcomments&post=32170"}],"version-history":[{"count":2,"href":"https:\/\/radiorevelacionfm.cl\/index.php?rest_route=\/wp\/v2\/posts\/32170\/revisions"}],"predecessor-version":[{"id":32174,"href":"https:\/\/radiorevelacionfm.cl\/index.php?rest_route=\/wp\/v2\/posts\/32170\/revisions\/32174"}],"wp:featuredmedia":[{"embeddable":true,"href":"https:\/\/radiorevelacionfm.cl\/index.php?rest_route=\/wp\/v2\/media\/32171"}],"wp:attachment":[{"href":"https:\/\/radiorevelacionfm.cl\/index.php?rest_route=%2Fwp%2Fv2%2Fmedia&parent=32170"}],"wp:term":[{"taxonomy":"category","embeddable":true,"href":"https:\/\/radiorevelacionfm.cl\/index.php?rest_route=%2Fwp%2Fv2%2Fcategories&post=32170"},{"taxonomy":"post_tag","embeddable":true,"href":"https:\/\/radiorevelacionfm.cl\/index.php?rest_route=%2Fwp%2Fv2%2Ftags&post=32170"}],"curies":[{"name":"wp","href":"https:\/\/api.w.org\/{rel}","templated":true}]}}