{"id":32167,"date":"2023-06-17T18:12:04","date_gmt":"2023-06-17T21:12:04","guid":{"rendered":"https:\/\/radiorevelacionfm.cl\/?p=32167"},"modified":"2023-06-17T18:20:43","modified_gmt":"2023-06-17T21:20:43","slug":"familias-de-bahia-murta-cumpliran-el-anhelado-sueno-de-la-casa-propia","status":"publish","type":"post","link":"https:\/\/radiorevelacionfm.cl\/?p=32167","title":{"rendered":"Familias de Bah\u00eda Murta cumplir\u00e1n el anhelado sue\u00f1o de la casa propia"},"content":{"rendered":"<div class=\"flex_column av_one_full  flex_column_div av-zero-column-padding first  avia-builder-el-0  el_before_av_one_full  avia-builder-el-first  \" style='border-radius:0px; '><div  class='avia-image-container  av-styling-    avia-builder-el-1  avia-builder-el-no-sibling  avia-align-center '  itemprop=\"image\" itemscope=\"itemscope\" itemtype=\"https:\/\/schema.org\/ImageObject\"  ><div class='avia-image-container-inner'><div class='avia-image-overlay-wrap'><img decoding=\"async\" class='wp-image-32168 avia-img-lazy-loading-not-32168 avia_image' src=\"https:\/\/radiorevelacionfm.cl\/wp-content\/uploads\/2023\/06\/comite-bahia-murta-1_optimized-1.jpg\" alt='' title='comite-bahia-murta-(1)_optimized (1)' height=\"600\" width=\"948\"  itemprop=\"thumbnailUrl\" srcset=\"https:\/\/radiorevelacionfm.cl\/wp-content\/uploads\/2023\/06\/comite-bahia-murta-1_optimized-1.jpg 948w, https:\/\/radiorevelacionfm.cl\/wp-content\/uploads\/2023\/06\/comite-bahia-murta-1_optimized-1-300x190.jpg 300w, https:\/\/radiorevelacionfm.cl\/wp-content\/uploads\/2023\/06\/comite-bahia-murta-1_optimized-1-768x486.jpg 768w, https:\/\/radiorevelacionfm.cl\/wp-content\/uploads\/2023\/06\/comite-bahia-murta-1_optimized-1-705x446.jpg 705w, https:\/\/radiorevelacionfm.cl\/wp-content\/uploads\/2023\/06\/comite-bahia-murta-1_optimized-1-450x285.jpg 450w, https:\/\/radiorevelacionfm.cl\/wp-content\/uploads\/2023\/06\/comite-bahia-murta-1_optimized-1-600x380.jpg 600w\" sizes=\"(max-width: 948px) 100vw, 948px\" \/><\/div><\/div><\/div><\/div>\n<div class=\"flex_column av_one_full  flex_column_div av-zero-column-padding first  avia-builder-el-2  el_after_av_one_full  el_before_av_one_full  column-top-margin\" style='border-radius:0px; '><section class=\"av_textblock_section \"  itemscope=\"itemscope\" itemtype=\"https:\/\/schema.org\/BlogPosting\" itemprop=\"blogPost\" ><div class='avia_textblock  '   itemprop=\"text\" ><p style=\"text-align: center;\"><strong><span style=\"font-size: 18pt;\">Familias de Bah\u00eda Murta cumplir\u00e1n el anhelado sue\u00f1o de la casa propia<\/span><\/strong><\/p>\n<div id=\"gtx-trans\" style=\"position: absolute; left: -50px; top: 4.31534px;\">\n<div class=\"gtx-trans-icon\"><\/div>\n<\/div>\n<\/div><\/section><\/div>\n<div class=\"flex_column av_one_full  flex_column_div av-zero-column-padding first  avia-builder-el-4  el_after_av_one_full  el_before_av_hr  column-top-margin\" style='border-radius:0px; '><section class=\"av_textblock_section \"  itemscope=\"itemscope\" itemtype=\"https:\/\/schema.org\/BlogPosting\" itemprop=\"blogPost\" ><div class='avia_textblock  '   itemprop=\"text\" ><p style=\"text-align: justify;\">Casi 700 millones de pesos ser\u00e1n invertidos en la construcci\u00f3n de las viviendas.<\/p>\n<p style=\"text-align: justify;\">El pasado 12 de junio se realiz\u00f3 la entrega de terrenos para la construcci\u00f3n de viviendas, que beneficiar\u00e1 a trece familias miembros del comit\u00e9 \u201cFlor de Mayo\u201d. Un trabajo que fue gestionado por el Serviu de Ays\u00e9n, y apoyado por el Municipio de R\u00edo Ib\u00e1\u00f1ez, tuvo presente a parte de sus autoridades en la ceremonia de colocaci\u00f3n de \u201cLa primera piedra\u201d en la localidad de Bah\u00eda Murta, Soledad Inallado, presidenta del comit\u00e9, valor\u00f3 el trabajo efectuado durante estos a\u00f1os \u201cagradecemos a cada una de las autoridades que, durante el proceso de estos ocho a\u00f1os, hoy se est\u00e9 concretando. A nuestro alcalde Marcelo Santana Vargas, a nuestro patrocinador Alejandro Figueroa, al equipo de vivienda y a la Seremi de Bienes Nacionales, muy agradecidos con ellos, estamos muy contentos como comit\u00e9\u201d.<\/p>\n<p style=\"text-align: justify;\">Entre los beneficiados se encuentran adultos mayores, personas con movilidad reducida, y familias numerosas, lo que marca un hito importante en materia de vivienda, ya que hace mucho tiempo no se constru\u00eda un conjunto habitacional en la localidad de Bah\u00eda Murta, lo que le da mayor importancia no solo desde el punto de vista social, sino que tambi\u00e9n en materia de vivienda, y as\u00ed lo indic\u00f3 la Seremi de Vivienda y Urbanismo de Ays\u00e9n, Paulina Ruz Delf\u00edn: \u201c&#8230;y ese es el trasfondo que tenemos como Ministerio de Vivienda y Urbanismo, que es llegar con distintas soluciones habitacionales, cumpliendo tambi\u00e9n con nuestra meta del plan de emergencia habitacional, pero m\u00e1s all\u00e1 de eso, poder garantizar a las familias su derecho de vivienda digna y adecuada\u201d.<\/p>\n<p style=\"text-align: justify;\">La ceremonia que congreg\u00f3 a vecinos, autoridades locales y gubernamentales, sirvi\u00f3 tambi\u00e9n como mesa de trabajo, para trazar metas y proyectos para el futuro cercano, y seguir en la implementaci\u00f3n de pol\u00edticas p\u00fablicas que vayan en la mejora de la calidad de vida de los habitantes de R\u00edo Ib\u00e1\u00f1ez, y en ese sentido la Concejala de la comuna Ver\u00f3nica Rojas, manifest\u00f3 su satisfacci\u00f3n por el trabajo realizado: \u201cEn mi rol de concejal, y sobre todo como parte de la directiva, tengo un sentimiento muy especial, yo creo que todos contamos solo con agradecimientos hacia las autoridades del municipio, a trav\u00e9s de su Departamento de Vivienda, que siempre nos dieron el apoyo necesario, la orientaci\u00f3n que muchas veces se necesita en este tipo de proyectos, y sobre todo las ganas en este tipo de trabajos que dura a\u00f1os\u201d.<\/p>\n<p style=\"text-align: justify;\">Despu\u00e9s de la ceremonia, el Alcalde de R\u00edo Ib\u00e1\u00f1ez Marcelo Santana Vargas aprovech\u00f3 de reunirse con vecinos del comit\u00e9 \u201cLa Bah\u00eda\u201d, quienes han tenido dificultades debido al hundimiento de algunos de sus terrenos, el Edil se refiri\u00f3 a este tema, y se comprometi\u00f3 a ir en ayuda: \u201cJunto\u00a0 con la Seremi de Vivienda y Urbanismo y con el Director del Serviu, vamos a desarrollar estudios de mec\u00e1nica de suelo, que permita identificar cual\u00a0 es el verdadero problema, para buscar una soluci\u00f3n a la inestabilidad del terreno, de modo que le podamos entregar una soluci\u00f3n por fin a las familias\u201d.<\/p>\n<p style=\"text-align: justify;\">La construcci\u00f3n de estas viviendas del comit\u00e9 Flor de Mayo tiene un plazo de 360 d\u00edas para ser terminadas, y posteriormente entregadas a sus due\u00f1os, algo que no solo mejorar\u00e1 la calidad de vida de estas trece familias de R\u00edo Ib\u00e1\u00f1ez, sino que tambi\u00e9n representa un paso significativo en la promoci\u00f3n de soluciones habitacionales, y el fortalecimiento de la comunidad.<\/p>\n<\/div><\/section><\/div><div  style='height:50px' class='hr hr-invisible   avia-builder-el-6  el_after_av_one_full  el_before_av_social_share '><span class='hr-inner ' ><span class='hr-inner-style'><\/span><\/span><\/div><\/p>\n<div  class='av-social-sharing-box  avia-builder-el-7  el_after_av_hr  el_before_av_hr  '><div class='av-share-box'><h5 class='av-share-link-description av-no-toc '>Compartir esta noticia<\/h5><ul class='av-share-box-list noLightbox'><li class='av-share-link av-social-link-facebook' ><a target=\"_blank\" aria-label=\"Compartir en Facebook\" href='https:\/\/www.facebook.com\/sharer.php?u=https:\/\/radiorevelacionfm.cl\/?p=32167&#038;t=Familias%20de%20Bah%C3%ADa%20Murta%20cumplir%C3%A1n%20el%20anhelado%20sue%C3%B1o%20de%20la%20casa%20propia' aria-hidden='false' data-av_icon='\ue8f3' data-av_iconfont='entypo-fontello' title='' data-avia-related-tooltip='Compartir en Facebook' rel=\"noopener\"><span class='avia_hidden_link_text'>Compartir en Facebook<\/span><\/a><\/li><li class='av-share-link av-social-link-twitter' ><a target=\"_blank\" aria-label=\"Compartir en Twitter\" href='https:\/\/twitter.com\/share?text=Familias%20de%20Bah%C3%ADa%20Murta%20cumplir%C3%A1n%20el%20anhelado%20sue%C3%B1o%20de%20la%20casa%20propia&#038;url=https:\/\/radiorevelacionfm.cl\/?p=32167' aria-hidden='false' data-av_icon='\ue8f1' data-av_iconfont='entypo-fontello' title='' data-avia-related-tooltip='Compartir en Twitter' rel=\"noopener\"><span class='avia_hidden_link_text'>Compartir en Twitter<\/span><\/a><\/li><li class='av-share-link av-social-link-whatsapp' ><a target=\"_blank\" aria-label=\"Compartir en Whatsapp\" href='https:\/\/api.whatsapp.com\/send?text=https:\/\/radiorevelacionfm.cl\/?p=32167' aria-hidden='false' data-av_icon='\uf232' data-av_iconfont='entypo-fontello' title='' data-avia-related-tooltip='Compartir en Whatsapp' rel=\"noopener\"><span class='avia_hidden_link_text'>Compartir en Whatsapp<\/span><\/a><\/li><li class='av-share-link av-social-link-linkedin' ><a target=\"_blank\" aria-label=\"Compartir en LinkedIn\" href='https:\/\/linkedin.com\/shareArticle?mini=true&#038;title=Familias%20de%20Bah%C3%ADa%20Murta%20cumplir%C3%A1n%20el%20anhelado%20sue%C3%B1o%20de%20la%20casa%20propia&#038;url=https:\/\/radiorevelacionfm.cl\/?p=32167' aria-hidden='false' data-av_icon='\ue8fc' data-av_iconfont='entypo-fontello' title='' data-avia-related-tooltip='Compartir en LinkedIn' rel=\"noopener\"><span class='avia_hidden_link_text'>Compartir en LinkedIn<\/span><\/a><\/li><li class='av-share-link av-social-link-mail' ><a  aria-label=\"Compartir por correo\" href='mailto:?subject=Familias%20de%20Bah%C3%ADa%20Murta%20cumplir%C3%A1n%20el%20anhelado%20sue%C3%B1o%20de%20la%20casa%20propia&#038;body=https:\/\/radiorevelacionfm.cl\/?p=32167' aria-hidden='false' data-av_icon='\ue805' data-av_iconfont='entypo-fontello' title='' data-avia-related-tooltip='Compartir por correo'><span class='avia_hidden_link_text'>Compartir por correo<\/span><\/a><\/li><\/ul><\/div><\/div>\n<div  style='height:50px' class='hr hr-invisible   avia-builder-el-8  el_after_av_social_share  el_before_av_comments_list '><span class='hr-inner ' ><span class='hr-inner-style'><\/span><\/span><\/div>\n<div  class='av-buildercomment  av-blog-meta-html-info-disabled av-blog-meta-tag-disabled  '><\/div>\n","protected":false},"excerpt":{"rendered":"","protected":false},"author":1,"featured_media":32168,"comment_status":"open","ping_status":"open","sticky":false,"template":"","format":"standard","meta":{"footnotes":""},"categories":[57],"tags":[],"class_list":["post-32167","post","type-post","status-publish","format-standard","has-post-thumbnail","hentry","category-vivienda"],"jetpack_featured_media_url":"https:\/\/radiorevelacionfm.cl\/wp-content\/uploads\/2023\/06\/comite-bahia-murta-1_optimized-1.jpg","_links":{"self":[{"href":"https:\/\/radiorevelacionfm.cl\/index.php?rest_route=\/wp\/v2\/posts\/32167","targetHints":{"allow":["GET"]}}],"collection":[{"href":"https:\/\/radiorevelacionfm.cl\/index.php?rest_route=\/wp\/v2\/posts"}],"about":[{"href":"https:\/\/radiorevelacionfm.cl\/index.php?rest_route=\/wp\/v2\/types\/post"}],"author":[{"embeddable":true,"href":"https:\/\/radiorevelacionfm.cl\/index.php?rest_route=\/wp\/v2\/users\/1"}],"replies":[{"embeddable":true,"href":"https:\/\/radiorevelacionfm.cl\/index.php?rest_route=%2Fwp%2Fv2%2Fcomments&post=32167"}],"version-history":[{"count":2,"href":"https:\/\/radiorevelacionfm.cl\/index.php?rest_route=\/wp\/v2\/posts\/32167\/revisions"}],"predecessor-version":[{"id":32173,"href":"https:\/\/radiorevelacionfm.cl\/index.php?rest_route=\/wp\/v2\/posts\/32167\/revisions\/32173"}],"wp:featuredmedia":[{"embeddable":true,"href":"https:\/\/radiorevelacionfm.cl\/index.php?rest_route=\/wp\/v2\/media\/32168"}],"wp:attachment":[{"href":"https:\/\/radiorevelacionfm.cl\/index.php?rest_route=%2Fwp%2Fv2%2Fmedia&parent=32167"}],"wp:term":[{"taxonomy":"category","embeddable":true,"href":"https:\/\/radiorevelacionfm.cl\/index.php?rest_route=%2Fwp%2Fv2%2Fcategories&post=32167"},{"taxonomy":"post_tag","embeddable":true,"href":"https:\/\/radiorevelacionfm.cl\/index.php?rest_route=%2Fwp%2Fv2%2Ftags&post=32167"}],"curies":[{"name":"wp","href":"https:\/\/api.w.org\/{rel}","templated":true}]}}